{"id":307,"date":"2007-02-20T23:43:08","date_gmt":"2007-02-20T21:43:08","guid":{"rendered":"http:\/\/alpoma.net\/carto\/?p=307"},"modified":"2007-02-20T23:47:13","modified_gmt":"2007-02-20T21:47:13","slug":"iii-jornada-de-cartografia-de-castilla-y-leon-disponible-en-internet","status":"publish","type":"post","link":"https:\/\/alpoma.net\/carto\/?p=307","title":{"rendered":"III Jornada de Cartografia de Castilla y Leon disponible en Internet"},"content":{"rendered":"<p>Tal y como se ha comunicado hoy mismo:<\/p>\n<blockquote><p>En la direcci\u00f3n <a href=\"http:\/\/www.itacyl.es\/jornadacartografia\">www.itacyl.es\/jornadacartografia<\/a> ya se encuentran disponibles las conferencias de la III Jornada de Cartograf\u00eda de Castilla y Le\u00f3n, que se celebr\u00f3 en Valladolid el d\u00eda 7 de febrero de 2007.<\/p>\n<p>Se trata de im\u00e1genes de v\u00eddeo en sincron\u00eda con las diapositivas, de manera que es posible escuchar la conferencia al mismo tiempo que se observan ampliadas las diapositivas correspondientes. Se puede avanzar y retroceder a trav\u00e9s de las diapositivas, y tambi\u00e9n descargar la presentaci\u00f3n en formato PDF.<\/p>\n<p> Para la visualizaci\u00f3n se precisa Navegador Internet Explorer 5.0 o superior, y cargar el control ActiveX certificado por Microsoft.<\/p>\n<\/blockquote>\n<p>Vale, todo muy interesante y atractivo pero&#8230; \u00bfno se han enterado de que hay mucha gente que ni utiliza ni tiene instalado IE? En Firefox se puede acceder a los v\u00eddeos, aunque lamentablemente los \u00abpases\u00bb de diapositivas no funcionan. Con Safari, lo mismo. Como no tengo IE instalado en el Mac, y no deseo tenerlo, me quedo sin el \u00abcaramelo\u00bb Grrrrr&#8230; \ud83d\ude41<\/p>\n","protected":false},"excerpt":{"rendered":"<div class=\"mh-excerpt\"><p>Tal y como se ha comunicado hoy mismo: En la direcci\u00f3n www.itacyl.es\/jornadacartografia ya se encuentran disponibles las conferencias de la III Jornada de Cartograf\u00eda de <a class=\"mh-excerpt-more\" href=\"https:\/\/alpoma.net\/carto\/?p=307\" title=\"III Jornada de Cartografia de Castilla y Leon disponible en Internet\">[&#8230;]<\/a><\/p>\n<\/div>","protected":false},"author":1,"featured_media":0,"comment_status":"open","ping_status":"open","sticky":false,"template":"","format":"standard","meta":{"jetpack_post_was_ever_published":false,"_jetpack_newsletter_access":"","_jetpack_dont_email_post_to_subs":false,"_jetpack_newsletter_tier_id":0,"_jetpack_memberships_contains_paywalled_content":false,"_jetpack_memberships_contains_paid_content":false,"footnotes":""},"categories":[5],"tags":[],"class_list":["post-307","post","type-post","status-publish","format-standard","hentry","category-en-linea"],"jetpack_featured_media_url":"","jetpack_shortlink":"https:\/\/wp.me\/p93Co9-4X","jetpack-related-posts":[{"id":299,"url":"https:\/\/alpoma.net\/carto\/?p=299","url_meta":{"origin":307,"position":0},"title":"III Jornada de Cartograf\u00eda de Castilla y Le\u00f3n","author":"alpoma","date":"enero 28, 2007","format":false,"excerpt":"El pr\u00f3ximo 7 de Febrero, en Valladolid, se celebrar\u00e1 la III Jornada de Cartograf\u00eda de Castilla y Le\u00f3n, en el Museo de la Ciencia y con la participaci\u00f3n de Pedro Duque. Espero estar all\u00ed, aunque dada la cr\u00f3nica escasez de tiempo que tengo \u00faltimamente, no s\u00e9 si podr\u00e1 ser posible\u2026","rel":"","context":"En \u00abMiscel\u00e1nea\u00bb","block_context":{"text":"Miscel\u00e1nea","link":"https:\/\/alpoma.net\/carto\/?cat=1"},"img":{"alt_text":"cartel_carto2","src":"https:\/\/i0.wp.com\/farm1.static.flickr.com\/184\/372184698_3e12c21a72_o.png?resize=350%2C200","width":350,"height":200},"classes":[]},{"id":302,"url":"https:\/\/alpoma.net\/carto\/?p=302","url_meta":{"origin":307,"position":1},"title":"StereoWebMap","author":"alpoma","date":"febrero 8, 2007","format":false,"excerpt":"Uno de los \"descubrimientos\" m\u00e1s atractivos presentados en la III Jornada de Cartograf\u00eda de Castilla y Le\u00f3n, celebrada ayer en Valladolid, es el sistema StereoWebMap: StereoWebMap es un producto desarrollado por Sigrid y Acotel contando con la colaboraci\u00f3n de la agencia de inversiones y servicios de Castilla y Le\u00f3n ADE,\u2026","rel":"","context":"En \u00abCartograf\u00eda\u00bb","block_context":{"text":"Cartograf\u00eda","link":"https:\/\/alpoma.net\/carto\/?cat=9"},"img":{"alt_text":"Acotel","src":"https:\/\/i0.wp.com\/farm1.static.flickr.com\/138\/383940834_41d34068a8_m.jpg?resize=350%2C200","width":350,"height":200},"classes":[]},{"id":540,"url":"https:\/\/alpoma.net\/carto\/?p=540","url_meta":{"origin":307,"position":2},"title":"Convocatoria: Presentaci\u00f3n de la Red de Estaciones GNSS de Castilla y Le\u00f3n","author":"alpoma","date":"mayo 29, 2008","format":false,"excerpt":"Atractivo evento para quien pueda estar en Valladolid el d\u00eda 11 de Junio: La Presentaci\u00f3n de la Red GNSS de Castilla y Le\u00f3n se realizar\u00e1 el d\u00eda 11 de junio de 2008 en Sal\u00f3n de Actos de la Consejer\u00eda de Agricultura de la Junta de Castilla y Le\u00f3n, C\/ Rigoberto\u2026","rel":"","context":"En \u00abMiscel\u00e1nea\u00bb","block_context":{"text":"Miscel\u00e1nea","link":"https:\/\/alpoma.net\/carto\/?cat=1"},"img":{"alt_text":"","src":"https:\/\/i0.wp.com\/alpoma.net\/carto\/wp-content\/uploads\/2008\/05\/2533559103_5b0d7d3a11_o.jpg?resize=350%2C200&ssl=1","width":350,"height":200,"srcset":"https:\/\/i0.wp.com\/alpoma.net\/carto\/wp-content\/uploads\/2008\/05\/2533559103_5b0d7d3a11_o.jpg?resize=350%2C200&ssl=1 1x, https:\/\/i0.wp.com\/alpoma.net\/carto\/wp-content\/uploads\/2008\/05\/2533559103_5b0d7d3a11_o.jpg?resize=525%2C300&ssl=1 1.5x"},"classes":[]},{"id":676,"url":"https:\/\/alpoma.net\/carto\/?p=676","url_meta":{"origin":307,"position":3},"title":"Bases polares","author":"alpoma","date":"octubre 20, 2008","format":false,"excerpt":"Los siguientes p\u00f3sters, dise\u00f1ados con aire informal pero, a la vez, did\u00e1cticos, muestran las principales bases de investigaci\u00f3n cient\u00edfica instaladas en las \u00e1reas polares de nuestro planeta, acompa\u00f1ando a los mapas aparecen una serie de peque\u00f1as explicaciones sobre algunas de las actividades desarrolladas en las bases. | Ver p\u00f3ster ampliado\u2026","rel":"","context":"En \u00abCartograf\u00eda\u00bb","block_context":{"text":"Cartograf\u00eda","link":"https:\/\/alpoma.net\/carto\/?cat=9"},"img":{"alt_text":"","src":"https:\/\/i0.wp.com\/alpoma.net\/carto\/wp-content\/uploads\/2008\/10\/2958574208_f5e27078df_o.jpg?resize=350%2C200&ssl=1","width":350,"height":200,"srcset":"https:\/\/i0.wp.com\/alpoma.net\/carto\/wp-content\/uploads\/2008\/10\/2958574208_f5e27078df_o.jpg?resize=350%2C200&ssl=1 1x, https:\/\/i0.wp.com\/alpoma.net\/carto\/wp-content\/uploads\/2008\/10\/2958574208_f5e27078df_o.jpg?resize=525%2C300&ssl=1 1.5x"},"classes":[]},{"id":1140,"url":"https:\/\/alpoma.net\/carto\/?p=1140","url_meta":{"origin":307,"position":4},"title":"El radar meteorol\u00f3gico de Castilla y Le\u00f3n vuelve a funcionar","author":"alpoma","date":"diciembre 9, 2009","format":false,"excerpt":"Lo he visto esta ma\u00f1ana en Televisi\u00f3n Castilla y Le\u00f3n y me ha interesado por dos motivos. Uno, como es l\u00f3gico, por ser castellano, sobre todo siendo adem\u00e1s Autilla del Pino el pueblo de mi madre. El segundo motivo es una pregunta que no hace m\u00e1s que rondarme la cabeza\u2026","rel":"","context":"En \u00abGeograf\u00eda\u00bb","block_context":{"text":"Geograf\u00eda","link":"https:\/\/alpoma.net\/carto\/?cat=7"},"img":{"alt_text":"","src":"","width":0,"height":0},"classes":[]},{"id":7624,"url":"https:\/\/alpoma.net\/carto\/?p=7624","url_meta":{"origin":307,"position":5},"title":"Portfolio fotogr\u00e1fico de Espa\u00f1a (1910-1915)","author":"alpoma","date":"febrero 4, 2020","format":false,"excerpt":"En la Barcelona de principios del siglo XX, al editor Alberto Mart\u00edn y a Ceferino Rocafort, que hab\u00eda participado en varios proyectos cartogr\u00e1ficos sobre las regiones espa\u00f1olas, se les ocurri\u00f3 una idea de negocio interesante. Los atlas nacionales estaban de moda y las grandes enciclopedias tambi\u00e9n, pero aunque en muchas\u2026","rel":"","context":"En \u00abViejos mapas\u00bb","block_context":{"text":"Viejos mapas","link":"https:\/\/alpoma.net\/carto\/?cat=4"},"img":{"alt_text":"","src":"https:\/\/i0.wp.com\/alpoma.net\/carto\/wp-content\/uploads\/2020\/02\/lam-leon-563.png?resize=350%2C200&ssl=1","width":350,"height":200,"srcset":"https:\/\/i0.wp.com\/alpoma.net\/carto\/wp-content\/uploads\/2020\/02\/lam-leon-563.png?resize=350%2C200&ssl=1 1x, https:\/\/i0.wp.com\/alpoma.net\/carto\/wp-content\/uploads\/2020\/02\/lam-leon-563.png?resize=525%2C300&ssl=1 1.5x, https:\/\/i0.wp.com\/alpoma.net\/carto\/wp-content\/uploads\/2020\/02\/lam-leon-563.png?resize=700%2C400&ssl=1 2x"},"classes":[]}],"jetpack_sharing_enabled":true,"_links":{"self":[{"href":"https:\/\/alpoma.net\/carto\/index.php?rest_route=\/wp\/v2\/posts\/307","targetHints":{"allow":["GET"]}}],"collection":[{"href":"https:\/\/alpoma.net\/carto\/index.php?rest_route=\/wp\/v2\/posts"}],"about":[{"href":"https:\/\/alpoma.net\/carto\/index.php?rest_route=\/wp\/v2\/types\/post"}],"author":[{"embeddable":true,"href":"https:\/\/alpoma.net\/carto\/index.php?rest_route=\/wp\/v2\/users\/1"}],"replies":[{"embeddable":true,"href":"https:\/\/alpoma.net\/carto\/index.php?rest_route=%2Fwp%2Fv2%2Fcomments&post=307"}],"version-history":[{"count":0,"href":"https:\/\/alpoma.net\/carto\/index.php?rest_route=\/wp\/v2\/posts\/307\/revisions"}],"wp:attachment":[{"href":"https:\/\/alpoma.net\/carto\/index.php?rest_route=%2Fwp%2Fv2%2Fmedia&parent=307"}],"wp:term":[{"taxonomy":"category","embeddable":true,"href":"https:\/\/alpoma.net\/carto\/index.php?rest_route=%2Fwp%2Fv2%2Fcategories&post=307"},{"taxonomy":"post_tag","embeddable":true,"href":"https:\/\/alpoma.net\/carto\/index.php?rest_route=%2Fwp%2Fv2%2Ftags&post=307"}],"curies":[{"name":"wp","href":"https:\/\/api.w.org\/{rel}","templated":true}]}}