{"id":3,"date":"2005-10-28T01:16:31","date_gmt":"2005-10-27T23:16:31","guid":{"rendered":"http:\/\/alpoma.net\/carto\/?p=3"},"modified":"2015-05-08T14:22:37","modified_gmt":"2015-05-08T12:22:37","slug":"el-mundo-no-es-como-lo-pintan","status":"publish","type":"post","link":"https:\/\/alpoma.net\/carto\/?p=3","title":{"rendered":"El mundo no es como lo pintan"},"content":{"rendered":"<p>Para inaugurar este nuevo blog, todav\u00eda en pruebas, he decidido rescatar dos post acerca de temas cartogr\u00e1ficos que publiqu\u00e9 hace meses en <a href=\"http:\/\/www.alpoma.net\/tecob\">TecOb<\/a>. Aqu\u00ed va la primera muestra&#8230;<\/p>\n<p>Los mapas, como realizaci\u00f3n humana, son subjetivos. No hay que escandalizarse por ello, es totalmente l\u00f3gico. El que realiza un mapa busca un objetivo y, aunque quiera ser totalmente imparcial, no lo conseguir\u00e1.<\/p>\n<p>De todas formas siempre han existido intentos por lograr el mapa \u00abperfecto\u00bb. Este es el caso de la proyecci\u00f3n de Peters.<\/p>\n<p>\u00bfC\u00f3mo \u00abdeforma\u00bb la realidad un mapa \u00abnormal\u00bb? Me estoy refiriendo, por ejemplo a un mapa mundial en proyecci\u00f3n mercator, vamos, como los que estamos acostumbrados a ver:<\/p>\n<p><strong>El mundo <a href=\"http:\/\/commons.wikimedia.org\/wiki\/File:Mercator_projection_SW.jpg\" target=\"_blank\">\u00abeuropeo\u00bb<\/a><\/strong><\/p>\n<p><img decoding=\"async\" src=\"http:\/\/alpoma.net\/carto\/wp-content\/uploads\/2005\/10\/mercator_europa.jpg\" alt=\"mercator_europa\" width=\"620\"  class=\"otros\" \/><\/p>\n<p><strong>El mundo \u00abamericano\u00bb<\/strong><\/p>\n<p><img decoding=\"async\" src=\"http:\/\/alpoma.net\/carto\/wp-content\/uploads\/2005\/10\/pacifico_mercator.gif\" alt=\"pacifico_mercator\" width=\"620\" class=\"otros\" \/><\/p>\n<p><strong>Resulta evidente que<\/strong>:<\/p>\n<p>Se centra el mundo a conveniencia de quien realiza el mapa. Se distorsionan los tama\u00f1os relativos de las masas continentales, con crecimiento excesivo en el hemisferio norte. A modo de ejemplo, Groenlandia suele aparecer mucho m\u00e1s grande de lo que realmente es, como le sucede tambi\u00e9n a Rusia. Por eso dice que se trata de visiones \u00abcolonialistas\u00bb del mundo.<\/p>\n<p>As\u00ed que desde los a\u00f1os cincuenta muchos cart\u00f3grafos han propuesto utilizar la proyecci\u00f3n de Peters que, al menos en teor\u00eda, respeta las superficies \u00abreales\u00bb de nuestro plantea.<\/p>\n<p><strong>As\u00ed se ve el mapa del mundo seg\u00fan la <a href=\"http:\/\/commons.wikimedia.org\/wiki\/File:Gall\u2013Peters_projection_SW.jpg\" target=\"_blank\">proyecci\u00f3n de Peters<\/a><\/strong>:<\/p>\n<p><img decoding=\"async\" src=\"http:\/\/alpoma.net\/carto\/wp-content\/uploads\/2005\/10\/peters_mundo.jpg\" alt=\"peters_mundo\" width=\"620\"  class=\"otros\" \/><\/p>\n<p>El problema est\u00e1 en que esta proyecci\u00f3n tampoco es \u00abperfecta\u00bb, ya que ninguna puede serlo y que su autor y partidarios la \u00abvendieron\u00bb desde el principio como la mejor, sin tener en cuenta que los mapas son subjetivos por naturaleza. Adem\u00e1s, no se trata de algo nuevo sino que es casi id\u00e9ntica a una utilizada en el siglo XIX por Jame Gall. La proyecci\u00f3n de Peters no es realmente equi\u00e1rea porque las ecuaciones utilizadas en su desarrollo denotan algunos problemas a este respecto. Pero, \u00bfpuede utilizarse este mapa para cambiar nuestra visi\u00f3n del mundo? Eso es lo que importa, volver a dar al sur la importancia geogr\u00e1fica que merece, tener una visi\u00f3n m\u00e1s realista de nuestro planeta. No ser\u00e1 \u00abperfecto\u00bb, pero s\u00ed coloca algunas cosas en su sitio. A fin de cuentas, el mundo del colonialismo termin\u00f3 hace d\u00e9cadas&#8230; \u00bfo no? \ud83d\ude09<\/p>\n","protected":false},"excerpt":{"rendered":"<div class=\"mh-excerpt\"><p>Para inaugurar este nuevo blog, todav\u00eda en pruebas, he decidido rescatar dos post acerca de temas cartogr\u00e1ficos que publiqu\u00e9 hace meses en TecOb. Aqu\u00ed va <a class=\"mh-excerpt-more\" href=\"https:\/\/alpoma.net\/carto\/?p=3\" title=\"El mundo no es como lo pintan\">[&#8230;]<\/a><\/p>\n<\/div>","protected":false},"author":1,"featured_media":6069,"comment_status":"open","ping_status":"open","sticky":false,"template":"","format":"standard","meta":{"jetpack_post_was_ever_published":false,"_jetpack_newsletter_access":"","_jetpack_dont_email_post_to_subs":false,"_jetpack_newsletter_tier_id":0,"_jetpack_memberships_contains_paywalled_content":false,"_jetpack_memberships_contains_paid_content":false,"footnotes":""},"categories":[9],"tags":[103,104,105],"class_list":["post-3","post","type-post","status-publish","format-standard","has-post-thumbnail","hentry","category-cartografia","tag-mercator","tag-peters","tag-proyecciones"],"jetpack_featured_media_url":"https:\/\/alpoma.net\/carto\/wp-content\/uploads\/2005\/10\/mercator_europa.jpg","jetpack_shortlink":"https:\/\/wp.me\/p93Co9-3","jetpack-related-posts":[{"id":3269,"url":"https:\/\/alpoma.net\/carto\/?p=3269","url_meta":{"origin":3,"position":0},"title":"El cabez\u00f3n de Mercator","author":"alpoma","date":"abril 8, 2012","format":false,"excerpt":"No, el viejo Mercator no era un cabez\u00f3n, al menos que sepamos, pero su forma de ver el mundo puede crear verdaderos cabezones y hasta dolores de cabeza, veamos. La proyecci\u00f3n de Mercator ha calado tanto en la mente de occidente, y en realidad en la de casi todo el\u2026","rel":"","context":"En \u00abCartograf\u00eda\u00bb","block_context":{"text":"Cartograf\u00eda","link":"https:\/\/alpoma.net\/carto\/?cat=9"},"img":{"alt_text":"","src":"https:\/\/i0.wp.com\/alpoma.net\/carto\/wp-content\/uploads\/2012\/04\/6911222656_819d91c4e3_o.png?resize=350%2C200&ssl=1","width":350,"height":200},"classes":[]},{"id":7087,"url":"https:\/\/alpoma.net\/carto\/?p=7087","url_meta":{"origin":3,"position":1},"title":"Google Maps dice \u00abadi\u00f3s\u00bb a Mercator (pero s\u00f3lo en ciertas escalas)","author":"alpoma","date":"agosto 8, 2018","format":false,"excerpt":"Detalle curioso el que nos descubre Google Maps en su nueva actualizaci\u00f3n de agosto de 2018 en su versi\u00f3n para escritorio (desktop edition, no as\u00ed en la versi\u00f3n m\u00f3vil, aunque todo parece indicar que el cambio tambi\u00e9n se llevar\u00e1 a cabo en esa versi\u00f3n en breve). A escala de barrio,\u2026","rel":"","context":"En \u00abEn l\u00ednea\u00bb","block_context":{"text":"En l\u00ednea","link":"https:\/\/alpoma.net\/carto\/?cat=5"},"img":{"alt_text":"Google Maps en proyecci\u00f3n Mercator","src":"https:\/\/i0.wp.com\/alpoma.net\/carto\/wp-content\/uploads\/2018\/08\/google-maps-mercator.jpg?resize=350%2C200&ssl=1","width":350,"height":200,"srcset":"https:\/\/i0.wp.com\/alpoma.net\/carto\/wp-content\/uploads\/2018\/08\/google-maps-mercator.jpg?resize=350%2C200&ssl=1 1x, https:\/\/i0.wp.com\/alpoma.net\/carto\/wp-content\/uploads\/2018\/08\/google-maps-mercator.jpg?resize=525%2C300&ssl=1 1.5x, https:\/\/i0.wp.com\/alpoma.net\/carto\/wp-content\/uploads\/2018\/08\/google-maps-mercator.jpg?resize=700%2C400&ssl=1 2x"},"classes":[]},{"id":2056,"url":"https:\/\/alpoma.net\/carto\/?p=2056","url_meta":{"origin":3,"position":2},"title":"Jugando con la proyecci\u00f3n Mercator","author":"alpoma","date":"noviembre 9, 2010","format":false,"excerpt":"La mayor\u00eda de la gente est\u00e1 tan acostumbrada a ver mapas realizados con la proyecci\u00f3n de Mercator que, cuando se topan con una muestra de los muchos otros sistemas de proyecci\u00f3n que se suelen utilizar en cartograf\u00eda, piensan que algo raro hay en ellos o que, incluso, \"est\u00e1n mal hechos\".\u2026","rel":"","context":"En \u00abCartograf\u00eda\u00bb","block_context":{"text":"Cartograf\u00eda","link":"https:\/\/alpoma.net\/carto\/?cat=9"},"img":{"alt_text":"Mercator-projection","src":"https:\/\/i0.wp.com\/farm5.static.flickr.com\/4013\/5161882882_8116f6fb79_m.jpg?resize=350%2C200","width":350,"height":200},"classes":[]},{"id":6449,"url":"https:\/\/alpoma.net\/carto\/?p=6449","url_meta":{"origin":3,"position":3},"title":"El verdadero tama\u00f1o de&#8230;","author":"alpoma","date":"junio 4, 2016","format":false,"excerpt":"Crear representaciones bidimensionales, sobre papel o una pantalla, de la superficie de un mundo como el nuestro que se aproxima a ser una esfera (geoide), es algo que ha dado muchos dolores de cabeza a los cart\u00f3grafos. He comentado en este mismo blog muchas veces los problemas de las diversas\u2026","rel":"","context":"En \u00abExperimentos\u00bb","block_context":{"text":"Experimentos","link":"https:\/\/alpoma.net\/carto\/?cat=10"},"img":{"alt_text":"","src":"https:\/\/i0.wp.com\/alpoma.net\/carto\/wp-content\/uploads\/2016\/06\/Captura-de-pantalla-2016-06-04-a-las-18.10.43.png?resize=350%2C200&ssl=1","width":350,"height":200,"srcset":"https:\/\/i0.wp.com\/alpoma.net\/carto\/wp-content\/uploads\/2016\/06\/Captura-de-pantalla-2016-06-04-a-las-18.10.43.png?resize=350%2C200&ssl=1 1x, https:\/\/i0.wp.com\/alpoma.net\/carto\/wp-content\/uploads\/2016\/06\/Captura-de-pantalla-2016-06-04-a-las-18.10.43.png?resize=525%2C300&ssl=1 1.5x, https:\/\/i0.wp.com\/alpoma.net\/carto\/wp-content\/uploads\/2016\/06\/Captura-de-pantalla-2016-06-04-a-las-18.10.43.png?resize=700%2C400&ssl=1 2x"},"classes":[]},{"id":6542,"url":"https:\/\/alpoma.net\/carto\/?p=6542","url_meta":{"origin":3,"position":4},"title":"A vueltas con el \u00abmapa m\u00e1s perfecto del mundo\u00bb","author":"alpoma","date":"noviembre 7, 2016","format":false,"excerpt":"Esta historia viene pegando fuerte en el mundo de los grandes medios (curiosamente no tanto en el cartogr\u00e1fico y ahora comentar\u00e9 por qu\u00e9) desde hace bastantes d\u00edas. Veamos, por doquier se han publicado art\u00edculos recientemente acerca de cierto mapa que ha hecho bastante ruido, algo que no suele se habitual.\u2026","rel":"","context":"En \u00abExperimentos\u00bb","block_context":{"text":"Experimentos","link":"https:\/\/alpoma.net\/carto\/?cat=10"},"img":{"alt_text":"","src":"https:\/\/i0.wp.com\/alpoma.net\/carto\/wp-content\/uploads\/2016\/11\/AutaGraph.jpg?resize=350%2C200&ssl=1","width":350,"height":200,"srcset":"https:\/\/i0.wp.com\/alpoma.net\/carto\/wp-content\/uploads\/2016\/11\/AutaGraph.jpg?resize=350%2C200&ssl=1 1x, https:\/\/i0.wp.com\/alpoma.net\/carto\/wp-content\/uploads\/2016\/11\/AutaGraph.jpg?resize=525%2C300&ssl=1 1.5x, https:\/\/i0.wp.com\/alpoma.net\/carto\/wp-content\/uploads\/2016\/11\/AutaGraph.jpg?resize=700%2C400&ssl=1 2x"},"classes":[]},{"id":518,"url":"https:\/\/alpoma.net\/carto\/?p=518","url_meta":{"origin":3,"position":5},"title":"La proyecci\u00f3n de Fuller","author":"alpoma","date":"abril 17, 2008","format":false,"excerpt":"He aqu\u00ed una de las proyecciones geogr\u00e1ficas m\u00e1s atractivas que conozco. Se trata de los mapas Dymaxion o de Fuller, en honor a la persona que los ide\u00f3 y patent\u00f3 en 1946, el mism\u00edsimo padre de la c\u00fapula geod\u00e9sica, Buckminster Fuller. Lo especial en este tipo de proyecci\u00f3n est\u00e1 en\u2026","rel":"","context":"En \u00abCartograf\u00eda\u00bb","block_context":{"text":"Cartograf\u00eda","link":"https:\/\/alpoma.net\/carto\/?cat=9"},"img":{"alt_text":"","src":"https:\/\/i0.wp.com\/alpoma.net\/carto\/wp-content\/uploads\/2008\/04\/2421780162_3dd2eaaab4_m.jpg?resize=350%2C200&ssl=1","width":350,"height":200},"classes":[]}],"jetpack_sharing_enabled":true,"_links":{"self":[{"href":"https:\/\/alpoma.net\/carto\/index.php?rest_route=\/wp\/v2\/posts\/3","targetHints":{"allow":["GET"]}}],"collection":[{"href":"https:\/\/alpoma.net\/carto\/index.php?rest_route=\/wp\/v2\/posts"}],"about":[{"href":"https:\/\/alpoma.net\/carto\/index.php?rest_route=\/wp\/v2\/types\/post"}],"author":[{"embeddable":true,"href":"https:\/\/alpoma.net\/carto\/index.php?rest_route=\/wp\/v2\/users\/1"}],"replies":[{"embeddable":true,"href":"https:\/\/alpoma.net\/carto\/index.php?rest_route=%2Fwp%2Fv2%2Fcomments&post=3"}],"version-history":[{"count":0,"href":"https:\/\/alpoma.net\/carto\/index.php?rest_route=\/wp\/v2\/posts\/3\/revisions"}],"wp:featuredmedia":[{"embeddable":true,"href":"https:\/\/alpoma.net\/carto\/index.php?rest_route=\/wp\/v2\/media\/6069"}],"wp:attachment":[{"href":"https:\/\/alpoma.net\/carto\/index.php?rest_route=%2Fwp%2Fv2%2Fmedia&parent=3"}],"wp:term":[{"taxonomy":"category","embeddable":true,"href":"https:\/\/alpoma.net\/carto\/index.php?rest_route=%2Fwp%2Fv2%2Fcategories&post=3"},{"taxonomy":"post_tag","embeddable":true,"href":"https:\/\/alpoma.net\/carto\/index.php?rest_route=%2Fwp%2Fv2%2Ftags&post=3"}],"curies":[{"name":"wp","href":"https:\/\/api.w.org\/{rel}","templated":true}]}}