{"id":299,"date":"2007-01-28T20:54:23","date_gmt":"2007-01-28T18:54:23","guid":{"rendered":"http:\/\/alpoma.net\/carto\/?p=299"},"modified":"2007-01-28T20:55:43","modified_gmt":"2007-01-28T18:55:43","slug":"iii-jornada-de-cartografia-de-castilla-y-leon","status":"publish","type":"post","link":"https:\/\/alpoma.net\/carto\/?p=299","title":{"rendered":"III Jornada de Cartograf\u00eda de Castilla y Le\u00f3n"},"content":{"rendered":"<p><a href=\"http:\/\/www.flickr.com\/photos\/alpoma\/372184698\/\" title=\"Photo Sharing\"><img loading=\"lazy\" decoding=\"async\" src=\"http:\/\/farm1.static.flickr.com\/184\/372184698_3e12c21a72_o.png\" width=\"183\" height=\"524\" alt=\"cartel_carto2\" class=\"dch\"\/><\/a>El pr\u00f3ximo 7 de Febrero, en Valladolid, se celebrar\u00e1 la <strong>III Jornada de Cartograf\u00eda de Castilla y Le\u00f3n<\/strong>, en el Museo de la Ciencia y con la participaci\u00f3n de Pedro Duque. Espero estar all\u00ed, aunque dada la cr\u00f3nica escasez de tiempo que tengo \u00faltimamente, no s\u00e9 si podr\u00e1 ser posible \u2013por si acaso, me apunt\u00e9 la semana pasada\u2013. Sea como fuere, creo que se tratar\u00e1 de algo especial que no debiera perderse nadie interesado en asuntos cartogr\u00e1ficos, teledetecci\u00f3n y GIS que pueda pasarse ese d\u00eda por la capital castellana:<\/p>\n<blockquote><p>La III Jornada de Cartograf\u00eda se celebrar\u00e1 el d\u00eda 7 de febrero en el Auditorio del Museo de la Ciencia de Valladolid.<br \/>\nEl evento est\u00e1 dise\u00f1ado para las Administraciones p\u00fablicas, empresas, t\u00e9cnicos y profesionales usuarios de cartograf\u00eda e informaci\u00f3n geogr\u00e1fica.<\/p>\n<p>Quiz\u00e1 haya sido la revoluci\u00f3n digital sucedida en los \u00faltimos a\u00f1os el factor clave que ha propiciado un gran inter\u00e9s por las tecnolog\u00edas espaciales de observaci\u00f3n de la Tierra; la ingente cantidad de im\u00e1genes accesibles a trav\u00e9s de la Red, difundidas mediante est\u00e1ndares comunes, ha contribuido a abrir nuevos campos de aplicaci\u00f3n y a acrecentar la demanda.<\/p>\n<p>Los sistemas digitales de observaci\u00f3n de la Tierra aportan valor a los servicios cartogr\u00e1ficos: nuevas c\u00e1maras a\u00e9reas digitales que obtienen fabulosas fotograf\u00edas desde aeronaves, complejos sensores a bordo de sat\u00e9lites artificiales, potentes instrumentos esc\u00e1ner l\u00e1ser, apoyados por precisos sistemas de posicionamiento y navegaci\u00f3n inercial, constituyen un conjunto de tecnolog\u00edas cuyas sinergias enriquecen los productos cartogr\u00e1ficos.<\/p>\n<p>Han sido seleccionadas para esta Jornada algunas de las m\u00e1s cercanas y representativas aplicaciones de la tecnolog\u00eda espacial relacionadas con la cartograf\u00eda:<\/p>\n<p>\u2022 Dos nuevos sat\u00e9lites con fines de captaci\u00f3n de im\u00e1genes van a ser puestos en servicio pr\u00f3ximamente, auspiciados por la iniciativa espa\u00f1ola.<\/p>\n<p>\u2022 Galileo, una nueva constelaci\u00f3n de sat\u00e9lites, dar\u00e1 a partir de 2010 servicios de posicionamiento complementarios a los actuales GPS y GLONASS, con nuevas se\u00f1ales, c\u00f3digos y frecuencias.<\/p>\n<p>\u2022 Se est\u00e1n aplicando de manera efectiva nuevos sensores aerotransportados, los cuales, junto a los sistemas de navegaci\u00f3n inercial, ofrecen grandes ventajas para contar con im\u00e1genes orientadas casi inmediatamente.<\/p>\n<p>La Jornada se ha planteado con el objetivo de anticipar conocimientos en un momento interesant\u00edsimo de evoluci\u00f3n tecnol\u00f3gica; los resultados han de ser reconocidos, aprovechados eficazmente y mostrados por los departamentos t\u00e9cnicos de la administraci\u00f3n p\u00fablica en beneficio de toda la sociedad. <\/p><\/blockquote>\n<p><strong><a href=\"http:\/\/www.itacyl.es\/opencms\/opencms\/agenda\/general\/evento_0023.html\" class=\"enlaces\">III Jornada de Cartograf\u00eda de Castilla y Le\u00f3n<\/a><\/strong><\/p>\n","protected":false},"excerpt":{"rendered":"<div class=\"mh-excerpt\"><p>El pr\u00f3ximo 7 de Febrero, en Valladolid, se celebrar\u00e1 la III Jornada de Cartograf\u00eda de Castilla y Le\u00f3n, en el Museo de la Ciencia y <a class=\"mh-excerpt-more\" href=\"https:\/\/alpoma.net\/carto\/?p=299\" title=\"III Jornada de Cartograf\u00eda de Castilla y Le\u00f3n\">[&#8230;]<\/a><\/p>\n<\/div>","protected":false},"author":1,"featured_media":4727,"comment_status":"open","ping_status":"open","sticky":false,"template":"","format":"standard","meta":{"jetpack_post_was_ever_published":false,"_jetpack_newsletter_access":"","_jetpack_dont_email_post_to_subs":false,"_jetpack_newsletter_tier_id":0,"_jetpack_memberships_contains_paywalled_content":false,"_jetpack_memberships_contains_paid_content":false,"footnotes":""},"categories":[1,2,3],"tags":[],"class_list":["post-299","post","type-post","status-publish","format-standard","has-post-thumbnail","hentry","category-general","category-sig","category-teledeteccion"],"jetpack_featured_media_url":"https:\/\/alpoma.net\/carto\/wp-content\/uploads\/2007\/01\/372184698_3e12c21a72_o.png","jetpack_shortlink":"https:\/\/wp.me\/p93Co9-4P","jetpack-related-posts":[{"id":302,"url":"https:\/\/alpoma.net\/carto\/?p=302","url_meta":{"origin":299,"position":0},"title":"StereoWebMap","author":"alpoma","date":"febrero 8, 2007","format":false,"excerpt":"Uno de los \"descubrimientos\" m\u00e1s atractivos presentados en la III Jornada de Cartograf\u00eda de Castilla y Le\u00f3n, celebrada ayer en Valladolid, es el sistema StereoWebMap: StereoWebMap es un producto desarrollado por Sigrid y Acotel contando con la colaboraci\u00f3n de la agencia de inversiones y servicios de Castilla y Le\u00f3n ADE,\u2026","rel":"","context":"En \u00abCartograf\u00eda\u00bb","block_context":{"text":"Cartograf\u00eda","link":"https:\/\/alpoma.net\/carto\/?cat=9"},"img":{"alt_text":"Acotel","src":"https:\/\/i0.wp.com\/farm1.static.flickr.com\/138\/383940834_41d34068a8_m.jpg?resize=350%2C200","width":350,"height":200},"classes":[]},{"id":307,"url":"https:\/\/alpoma.net\/carto\/?p=307","url_meta":{"origin":299,"position":1},"title":"III Jornada de Cartografia de Castilla y Leon disponible en Internet","author":"alpoma","date":"febrero 20, 2007","format":false,"excerpt":"Tal y como se ha comunicado hoy mismo: En la direcci\u00f3n www.itacyl.es\/jornadacartografia ya se encuentran disponibles las conferencias de la III Jornada de Cartograf\u00eda de Castilla y Le\u00f3n, que se celebr\u00f3 en Valladolid el d\u00eda 7 de febrero de 2007. Se trata de im\u00e1genes de v\u00eddeo en sincron\u00eda con las\u2026","rel":"","context":"En \u00abEn l\u00ednea\u00bb","block_context":{"text":"En l\u00ednea","link":"https:\/\/alpoma.net\/carto\/?cat=5"},"img":{"alt_text":"","src":"","width":0,"height":0},"classes":[]},{"id":540,"url":"https:\/\/alpoma.net\/carto\/?p=540","url_meta":{"origin":299,"position":2},"title":"Convocatoria: Presentaci\u00f3n de la Red de Estaciones GNSS de Castilla y Le\u00f3n","author":"alpoma","date":"mayo 29, 2008","format":false,"excerpt":"Atractivo evento para quien pueda estar en Valladolid el d\u00eda 11 de Junio: La Presentaci\u00f3n de la Red GNSS de Castilla y Le\u00f3n se realizar\u00e1 el d\u00eda 11 de junio de 2008 en Sal\u00f3n de Actos de la Consejer\u00eda de Agricultura de la Junta de Castilla y Le\u00f3n, C\/ Rigoberto\u2026","rel":"","context":"En \u00abMiscel\u00e1nea\u00bb","block_context":{"text":"Miscel\u00e1nea","link":"https:\/\/alpoma.net\/carto\/?cat=1"},"img":{"alt_text":"","src":"https:\/\/i0.wp.com\/alpoma.net\/carto\/wp-content\/uploads\/2008\/05\/2533559103_5b0d7d3a11_o.jpg?resize=350%2C200&ssl=1","width":350,"height":200,"srcset":"https:\/\/i0.wp.com\/alpoma.net\/carto\/wp-content\/uploads\/2008\/05\/2533559103_5b0d7d3a11_o.jpg?resize=350%2C200&ssl=1 1x, https:\/\/i0.wp.com\/alpoma.net\/carto\/wp-content\/uploads\/2008\/05\/2533559103_5b0d7d3a11_o.jpg?resize=525%2C300&ssl=1 1.5x"},"classes":[]},{"id":3414,"url":"https:\/\/alpoma.net\/carto\/?p=3414","url_meta":{"origin":299,"position":3},"title":"Tecnolog\u00edas de la Informaci\u00f3n Geogr\u00e1fica (TIG): cartograf\u00eda, fotointerpretaci\u00f3n, teledetecci\u00f3n y SIG","author":"alpoma","date":"junio 27, 2012","format":false,"excerpt":"No suelo comentar nada sobre libros que todav\u00eda no he podido saborear ni tener entre mis manos, pero en este caso es diferente. Se trata de un compendio de todo tipo de geotecnolog\u00edas realizado por Manuel Quir\u00f3s Hern\u00e1ndez, profesor de la Universidad de Salamanca. Y, si en esta ocasi\u00f3n hago\u2026","rel":"","context":"En \u00abGeograf\u00eda\u00bb","block_context":{"text":"Geograf\u00eda","link":"https:\/\/alpoma.net\/carto\/?cat=7"},"img":{"alt_text":"","src":"","width":0,"height":0},"classes":[]},{"id":218,"url":"https:\/\/alpoma.net\/carto\/?p=218","url_meta":{"origin":299,"position":4},"title":"Cartograf\u00eda de datos verticales","author":"alpoma","date":"julio 6, 2006","format":false,"excerpt":"Por lo general, la plasmaci\u00f3n en forma de representaci\u00f3n cartogr\u00e1fica de datos en tres dimensiones suele ser complicada, no tanto por la dificultad del dibujo de los datos, como por lo complejo de lograr que sea lo suficientemente sencilla como para que se comprenda su contenido con rapidez. Un ejemplo\u2026","rel":"","context":"En \u00abCartograf\u00eda\u00bb","block_context":{"text":"Cartograf\u00eda","link":"https:\/\/alpoma.net\/carto\/?cat=9"},"img":{"alt_text":"","src":"","width":0,"height":0},"classes":[]},{"id":111,"url":"https:\/\/alpoma.net\/carto\/?p=111","url_meta":{"origin":299,"position":5},"title":"Cartograf\u00eda tridimensional de  Nunavut","author":"alpoma","date":"febrero 14, 2006","format":false,"excerpt":"El sistema de radares gemelos de la Agencia Espacial Europea ERS est\u00e1 ofreciendo muy buenos resultados en cuanto a la generaci\u00f3n de cartograf\u00eda en tres dimensiones. Como muestra, el ejemplo ofrecido por la ESA de los mapas en 3D de la regi\u00f3n canadiense de Nunavut, el mayor y m\u00e1s reciente\u2026","rel":"","context":"En \u00abCartograf\u00eda\u00bb","block_context":{"text":"Cartograf\u00eda","link":"https:\/\/alpoma.net\/carto\/?cat=9"},"img":{"alt_text":"","src":"","width":0,"height":0},"classes":[]}],"jetpack_sharing_enabled":true,"_links":{"self":[{"href":"https:\/\/alpoma.net\/carto\/index.php?rest_route=\/wp\/v2\/posts\/299","targetHints":{"allow":["GET"]}}],"collection":[{"href":"https:\/\/alpoma.net\/carto\/index.php?rest_route=\/wp\/v2\/posts"}],"about":[{"href":"https:\/\/alpoma.net\/carto\/index.php?rest_route=\/wp\/v2\/types\/post"}],"author":[{"embeddable":true,"href":"https:\/\/alpoma.net\/carto\/index.php?rest_route=\/wp\/v2\/users\/1"}],"replies":[{"embeddable":true,"href":"https:\/\/alpoma.net\/carto\/index.php?rest_route=%2Fwp%2Fv2%2Fcomments&post=299"}],"version-history":[{"count":0,"href":"https:\/\/alpoma.net\/carto\/index.php?rest_route=\/wp\/v2\/posts\/299\/revisions"}],"wp:featuredmedia":[{"embeddable":true,"href":"https:\/\/alpoma.net\/carto\/index.php?rest_route=\/wp\/v2\/media\/4727"}],"wp:attachment":[{"href":"https:\/\/alpoma.net\/carto\/index.php?rest_route=%2Fwp%2Fv2%2Fmedia&parent=299"}],"wp:term":[{"taxonomy":"category","embeddable":true,"href":"https:\/\/alpoma.net\/carto\/index.php?rest_route=%2Fwp%2Fv2%2Fcategories&post=299"},{"taxonomy":"post_tag","embeddable":true,"href":"https:\/\/alpoma.net\/carto\/index.php?rest_route=%2Fwp%2Fv2%2Ftags&post=299"}],"curies":[{"name":"wp","href":"https:\/\/api.w.org\/{rel}","templated":true}]}}