{"id":2764,"date":"2011-09-28T17:20:43","date_gmt":"2011-09-28T15:20:43","guid":{"rendered":"http:\/\/alpoma.net\/carto\/?p=2764"},"modified":"2011-09-28T17:20:43","modified_gmt":"2011-09-28T15:20:43","slug":"un-mapa-muy-duro","status":"publish","type":"post","link":"https:\/\/alpoma.net\/carto\/?p=2764","title":{"rendered":"Un mapa muy duro"},"content":{"rendered":"<p>M\u00e1s que mapa es una <strong>maqueta-escultura<\/strong>, una impresionante obra de arte. Y lo de \u00abduro\u00bb no viene a que se trate de algo rudo, sino al material que lo compone, un monumental bloque de m\u00e1rmol. Se trata de una <strong>representaci\u00f3n tridimensional de la isla de Manhattan<\/strong> tallada a mano por el artista<strong> <a href=\"http:\/\/www.artnet.com\/artists\/yutaka-sone\/\">Yataka Sone<\/a><\/strong> partiendo de informaci\u00f3n de fotograf\u00edas a\u00e9reas y datos de <em>Google Earth<\/em> para dar forma a una minuciona vista repleta de detalles que incluyen incluso puentes min\u00fasculos. <\/p>\n<p><a href=\"http:\/\/www.flickr.com\/photos\/alpoma\/6192397770\/\" title=\"manhattan_1 by alpoma, on Flickr\"><img loading=\"lazy\" decoding=\"async\" src=\"http:\/\/farm7.static.flickr.com\/6002\/6192397770_1fa6ffb6ff_z.jpg\" width=\"620\" height=\"576\" alt=\"manhattan_1\" class=\"otros\"\/><\/a><\/p>\n<p><iframe loading=\"lazy\" width=\"620\" height=\"345\" src=\"http:\/\/www.youtube.com\/embed\/nw83iy59N6o\" frameborder=\"0\" allowfullscreen><\/iframe><\/p>\n<p>V\u00eda <a href=\"http:\/\/veryspatial.com\/2011\/09\/a-post-of-extremes-in-mapping\/\">VerySpatial<\/a> y <a href=\"http:\/\/www.visualnews.com\/2011\/09\/24\/the-heaviest-map-ever-mini-manhattan-made-of-marble\/\">Visual News<\/a>.<\/p>\n","protected":false},"excerpt":{"rendered":"<div class=\"mh-excerpt\"><p>M\u00e1s que mapa es una maqueta-escultura, una impresionante obra de arte. Y lo de \u00abduro\u00bb no viene a que se trate de algo rudo, sino <a class=\"mh-excerpt-more\" href=\"https:\/\/alpoma.net\/carto\/?p=2764\" title=\"Un mapa muy duro\">[&#8230;]<\/a><\/p>\n<\/div>","protected":false},"author":1,"featured_media":5146,"comment_status":"open","ping_status":"open","sticky":false,"template":"","format":"standard","meta":{"jetpack_post_was_ever_published":false,"_jetpack_newsletter_access":"","_jetpack_dont_email_post_to_subs":false,"_jetpack_newsletter_tier_id":0,"_jetpack_memberships_contains_paywalled_content":false,"_jetpack_memberships_contains_paid_content":false,"footnotes":""},"categories":[9],"tags":[],"class_list":["post-2764","post","type-post","status-publish","format-standard","has-post-thumbnail","hentry","category-cartografia"],"jetpack_featured_media_url":"https:\/\/alpoma.net\/carto\/wp-content\/uploads\/2011\/09\/6192397770_1fa6ffb6ff_z.jpg","jetpack_shortlink":"https:\/\/wp.me\/p93Co9-IA","jetpack-related-posts":[{"id":1125,"url":"https:\/\/alpoma.net\/carto\/?p=1125","url_meta":{"origin":2764,"position":0},"title":"Mapa sobre el terrorismo en el Pa\u00eds Vasco","author":"alpoma","date":"noviembre 29, 2009","format":false,"excerpt":"Comenta Adolfo Arranz, el autor de este mapa-infograf\u00eda para El Mundo, que ha empleado algunos elementos un tanto \"gore\" para llevarlo a cabo. Tal y como yo lo veo, el tema es lo suficientemente duro como para no quedarse corto por muy radical que sea un planteamiento gr\u00e1fico: La sombra\u2026","rel":"","context":"En \u00abCartograf\u00eda\u00bb","block_context":{"text":"Cartograf\u00eda","link":"https:\/\/alpoma.net\/carto\/?cat=9"},"img":{"alt_text":"","src":"https:\/\/i0.wp.com\/alpoma.net\/carto\/wp-content\/uploads\/2009\/11\/4143091881_f23a52d693_o.jpg?resize=350%2C200&ssl=1","width":350,"height":200,"srcset":"https:\/\/i0.wp.com\/alpoma.net\/carto\/wp-content\/uploads\/2009\/11\/4143091881_f23a52d693_o.jpg?resize=350%2C200&ssl=1 1x, https:\/\/i0.wp.com\/alpoma.net\/carto\/wp-content\/uploads\/2009\/11\/4143091881_f23a52d693_o.jpg?resize=525%2C300&ssl=1 1.5x"},"classes":[]},{"id":543,"url":"https:\/\/alpoma.net\/carto\/?p=543","url_meta":{"origin":2764,"position":1},"title":"Mapa de la Campa\u00f1a del S\u00e1hara","author":"alpoma","date":"junio 3, 2008","format":false,"excerpt":"Hoy toca algo personal. Visita La Cartoteca mi \u00faltimo trabajo, un mapa\/infograf\u00eda realizado para el \u00faltimo libro de Carlos Canales, editado por Ristre Multimedia. Se trata de una vista resumen de algunas de las operaciones de la Guerra del S\u00e1hara1: La Campa\u00f1a del S\u00e1hara (1957-58). Una dura lecci\u00f3n en el\u2026","rel":"","context":"En \u00abCartograf\u00eda\u00bb","block_context":{"text":"Cartograf\u00eda","link":"https:\/\/alpoma.net\/carto\/?cat=9"},"img":{"alt_text":"","src":"","width":0,"height":0},"classes":[]},{"id":7435,"url":"https:\/\/alpoma.net\/carto\/?p=7435","url_meta":{"origin":2764,"position":2},"title":"Un mapa que localiza m\u00e1s de 300 compa\u00f1\u00edas de tecnolog\u00eda geoespacial","author":"alpoma","date":"agosto 28, 2019","format":false,"excerpt":"El t\u00edtulo lo dice todo, no es ni m\u00e1s ni menos que eso. Y mola un mont\u00f3n. Hace varios d\u00edas Christoph Rieke public\u00f3 en su cuenta de Twitter un proyecto para localizar empresas dedicadas al mundo de la geom\u00e1tica, los sistemas de informaci\u00f3n geogr\u00e1fica y, en general, aquellas dedicadas a\u2026","rel":"","context":"En \u00abEn l\u00ednea\u00bb","block_context":{"text":"En l\u00ednea","link":"https:\/\/alpoma.net\/carto\/?cat=5"},"img":{"alt_text":"","src":"https:\/\/i0.wp.com\/alpoma.net\/carto\/wp-content\/uploads\/2019\/08\/geocpomps-2.png?resize=350%2C200&ssl=1","width":350,"height":200,"srcset":"https:\/\/i0.wp.com\/alpoma.net\/carto\/wp-content\/uploads\/2019\/08\/geocpomps-2.png?resize=350%2C200&ssl=1 1x, https:\/\/i0.wp.com\/alpoma.net\/carto\/wp-content\/uploads\/2019\/08\/geocpomps-2.png?resize=525%2C300&ssl=1 1.5x, https:\/\/i0.wp.com\/alpoma.net\/carto\/wp-content\/uploads\/2019\/08\/geocpomps-2.png?resize=700%2C400&ssl=1 2x"},"classes":[]},{"id":2871,"url":"https:\/\/alpoma.net\/carto\/?p=2871","url_meta":{"origin":2764,"position":3},"title":"Mapa de la URSS como joya gigante","author":"alpoma","date":"noviembre 16, 2011","format":false,"excerpt":"No sabr\u00eda decir si es demasiado recargado, aunque de lo que no cabe duda es que se trat\u00f3 de un signo de ostentaci\u00f3n, casi como un desaf\u00edo, t\u00edpico de cierta \u00e9poca en la Uni\u00f3n Sovi\u00e9tica. Se trata de un gran mapa de la URSS realizado a modo de mosaico, como\u2026","rel":"","context":"En \u00abMiscel\u00e1nea\u00bb","block_context":{"text":"Miscel\u00e1nea","link":"https:\/\/alpoma.net\/carto\/?cat=1"},"img":{"alt_text":"","src":"https:\/\/i0.wp.com\/alpoma.net\/carto\/wp-content\/uploads\/2011\/11\/6349614649_648acb9a08_z.jpg?resize=350%2C200&ssl=1","width":350,"height":200,"srcset":"https:\/\/i0.wp.com\/alpoma.net\/carto\/wp-content\/uploads\/2011\/11\/6349614649_648acb9a08_z.jpg?resize=350%2C200&ssl=1 1x, https:\/\/i0.wp.com\/alpoma.net\/carto\/wp-content\/uploads\/2011\/11\/6349614649_648acb9a08_z.jpg?resize=525%2C300&ssl=1 1.5x"},"classes":[]},{"id":3035,"url":"https:\/\/alpoma.net\/carto\/?p=3035","url_meta":{"origin":2764,"position":4},"title":"La obra maestra de David Imus","author":"alpoma","date":"enero 4, 2012","format":false,"excerpt":"Me preguntaban ayer en Twitter por qu\u00e9 hay tanto revuelo con este mapa porque, seg\u00fan comentaba mi interlocutor, no ve\u00eda que fuera diferente o especial. Creo que mirando de cerca una muestra se entender\u00e1 mejor lo que quiero resaltar. Se trata de una porci\u00f3n del imponente mapa de los Estados\u2026","rel":"","context":"En \u00abCartograf\u00eda\u00bb","block_context":{"text":"Cartograf\u00eda","link":"https:\/\/alpoma.net\/carto\/?cat=9"},"img":{"alt_text":"","src":"https:\/\/i0.wp.com\/alpoma.net\/carto\/wp-content\/uploads\/2012\/01\/6636707207_37a34b345a_o.jpg?resize=350%2C200&ssl=1","width":350,"height":200,"srcset":"https:\/\/i0.wp.com\/alpoma.net\/carto\/wp-content\/uploads\/2012\/01\/6636707207_37a34b345a_o.jpg?resize=350%2C200&ssl=1 1x, https:\/\/i0.wp.com\/alpoma.net\/carto\/wp-content\/uploads\/2012\/01\/6636707207_37a34b345a_o.jpg?resize=525%2C300&ssl=1 1.5x"},"classes":[]},{"id":7024,"url":"https:\/\/alpoma.net\/carto\/?p=7024","url_meta":{"origin":2764,"position":5},"title":"Un mapa de la Atl\u00e1ntida","author":"alpoma","date":"junio 4, 2018","format":false,"excerpt":"Me atrevo a decir que, de todas las historias sobre continentes perdidos, islas desaparecidas y dem\u00e1s mitos geogr\u00e1ficos, uno de ellos sobresale por encima del resto: la Atl\u00e1ntida. Es incre\u00edble la gran cantidad de art\u00edculos, libros, pel\u00edculas, programas de televisi\u00f3n, radio y similares que se han creado en torno a\u2026","rel":"","context":"En \u00abViejos mapas\u00bb","block_context":{"text":"Viejos mapas","link":"https:\/\/alpoma.net\/carto\/?cat=4"},"img":{"alt_text":"","src":"https:\/\/i0.wp.com\/alpoma.net\/carto\/wp-content\/uploads\/2018\/06\/atlantida-map-detalle.jpg?resize=350%2C200&ssl=1","width":350,"height":200,"srcset":"https:\/\/i0.wp.com\/alpoma.net\/carto\/wp-content\/uploads\/2018\/06\/atlantida-map-detalle.jpg?resize=350%2C200&ssl=1 1x, https:\/\/i0.wp.com\/alpoma.net\/carto\/wp-content\/uploads\/2018\/06\/atlantida-map-detalle.jpg?resize=525%2C300&ssl=1 1.5x, https:\/\/i0.wp.com\/alpoma.net\/carto\/wp-content\/uploads\/2018\/06\/atlantida-map-detalle.jpg?resize=700%2C400&ssl=1 2x, https:\/\/i0.wp.com\/alpoma.net\/carto\/wp-content\/uploads\/2018\/06\/atlantida-map-detalle.jpg?resize=1050%2C600&ssl=1 3x"},"classes":[]}],"jetpack_sharing_enabled":true,"_links":{"self":[{"href":"https:\/\/alpoma.net\/carto\/index.php?rest_route=\/wp\/v2\/posts\/2764","targetHints":{"allow":["GET"]}}],"collection":[{"href":"https:\/\/alpoma.net\/carto\/index.php?rest_route=\/wp\/v2\/posts"}],"about":[{"href":"https:\/\/alpoma.net\/carto\/index.php?rest_route=\/wp\/v2\/types\/post"}],"author":[{"embeddable":true,"href":"https:\/\/alpoma.net\/carto\/index.php?rest_route=\/wp\/v2\/users\/1"}],"replies":[{"embeddable":true,"href":"https:\/\/alpoma.net\/carto\/index.php?rest_route=%2Fwp%2Fv2%2Fcomments&post=2764"}],"version-history":[{"count":0,"href":"https:\/\/alpoma.net\/carto\/index.php?rest_route=\/wp\/v2\/posts\/2764\/revisions"}],"wp:featuredmedia":[{"embeddable":true,"href":"https:\/\/alpoma.net\/carto\/index.php?rest_route=\/wp\/v2\/media\/5146"}],"wp:attachment":[{"href":"https:\/\/alpoma.net\/carto\/index.php?rest_route=%2Fwp%2Fv2%2Fmedia&parent=2764"}],"wp:term":[{"taxonomy":"category","embeddable":true,"href":"https:\/\/alpoma.net\/carto\/index.php?rest_route=%2Fwp%2Fv2%2Fcategories&post=2764"},{"taxonomy":"post_tag","embeddable":true,"href":"https:\/\/alpoma.net\/carto\/index.php?rest_route=%2Fwp%2Fv2%2Ftags&post=2764"}],"curies":[{"name":"wp","href":"https:\/\/api.w.org\/{rel}","templated":true}]}}