{"id":2742,"date":"2011-09-14T18:48:49","date_gmt":"2011-09-14T16:48:49","guid":{"rendered":"http:\/\/alpoma.net\/carto\/?p=2742"},"modified":"2011-09-14T18:48:49","modified_gmt":"2011-09-14T16:48:49","slug":"master-igncnig-%e2%80%93-upm-en-direccion-de-proyectos-y-servicios-geoespaciales","status":"publish","type":"post","link":"https:\/\/alpoma.net\/carto\/?p=2742","title":{"rendered":"M\u00e1ster IGN\/CNIG \u2013 UPM en Direcci\u00f3n de Proyectos y Servicios Geoespaciales"},"content":{"rendered":"<p>En los \u00faltimos tiempos el panorama formativo relacionado con <strong>geotecnolog\u00edas<\/strong> est\u00e1 cambiando de manera muy interesante, he aqu\u00ed una convocatoria realmente atractiva:<\/p>\n<blockquote><p><a href=\"http:\/\/www.flickr.com\/photos\/alpoma\/6147148253\/\" title=\"header_masterdirgeo, on Flickr\"><img loading=\"lazy\" decoding=\"async\" src=\"http:\/\/farm7.static.flickr.com\/6155\/6147148253_a0849dfbeb_m.jpg\" width=\"240\" height=\"68\" alt=\"header_masterdirgeo\" class=\"dch\"\/><\/a>La<strong> Universidad Polit\u00e9cnica de Madrid (UPM) <\/strong>y el <strong>Instituto Geogr\u00e1fico Nacional (IGN)-CNIG<\/strong> organizan el <strong>M\u00e1ster en Direcci\u00f3n de Proyectos y Servicios Geoespaciales<\/strong> para promover el desarrollo profesional de directivos capaces de liderar equipos que lleven a t\u00e9rmino proyectos espec\u00edficos en el \u00e1rea de lo Geoespacial, tanto en nuestro pa\u00eds como a nivel internacional, con especial inter\u00e9s en Iberoam\u00e9rica.\u2028\u2028<\/p>\n<p><strong>El inicio del M\u00e1ster est\u00e1 previsto para marzo de 2012<\/strong>. El presente <strong>M\u00e1ster profesional<\/strong>, propio de la UPM, ofrece como valor diferencial un enfoque integrador de conocimientos sobre Metodolog\u00edas de Direcci\u00f3n de Proyectos y Gesti\u00f3n de Servicios y conocimientos de Tecnolog\u00edas Geoespaciales, necesidad altamente demanda por el sector.<\/p>\n<p>La visi\u00f3n integradora entre tecnolog\u00eda y negocio permite salvar barreras interdepartamentales y coordinar la gesti\u00f3n de las peticiones de las \u00e1reas de negocio con las \u00e1reas tecnol\u00f3gicas implicadas en la realizaci\u00f3n del proyecto. Los alumnos obtendr\u00e1n una <strong>visi\u00f3n global del mercado geoespacial<\/strong> mediante experiencias y casos pr\u00e1cticos de I+D como tendencias de futuro.<\/p>\n<p>Adem\u00e1s, el <strong>enfoque empresarial y pr\u00e1ctico del M\u00e1ster<\/strong> contribuir\u00e1 al desarrollo del sector mediante la revisi\u00f3n y puesta al d\u00eda de est\u00e1ndares y sistemas de calidad (INSPIRE, OGC, ISO, LISIGE&#8230;) integrando intereses e iniciativas del sector privado y administraciones p\u00fablicas.<\/p>\n<p><strong>ABIERTA CONVOCATORIA PARA COLABORACIONES DE EMPRESAS Y ENTIDADES EN EL M\u00c1STER<\/strong><\/p>\n<p>La Direcci\u00f3n del M\u00e1ster, consciente de la importancia de la integraci\u00f3n, colaboraci\u00f3n, participaci\u00f3n y presencia de empresas y entidades de referencia del sector geoespacial, convoca a las organizaciones interesadas a participar en el dise\u00f1o y desarrollo del M\u00e1ster. Con esta colaboraci\u00f3n se pretende que aporten una visi\u00f3n global del mercado, identificando tendencias de futuro con experiencias reales de proyectos y servicios, as\u00ed como casos pr\u00e1cticos e iniciativas de I+D.<\/p><\/blockquote>\n<p><strong>Informaci\u00f3n completa sobre el m\u00e1ster<\/strong>: <a href=\"http:\/\/www.masterdirgeo.com\/\">www.masterdirgeo.com<\/a><\/p>\n","protected":false},"excerpt":{"rendered":"<div class=\"mh-excerpt\"><p>En los \u00faltimos tiempos el panorama formativo relacionado con geotecnolog\u00edas est\u00e1 cambiando de manera muy interesante, he aqu\u00ed una convocatoria realmente atractiva: La Universidad Polit\u00e9cnica <a class=\"mh-excerpt-more\" href=\"https:\/\/alpoma.net\/carto\/?p=2742\" title=\"M\u00e1ster IGN\/CNIG \u2013 UPM en Direcci\u00f3n de Proyectos y Servicios Geoespaciales\">[&#8230;]<\/a><\/p>\n<\/div>","protected":false},"author":1,"featured_media":0,"comment_status":"open","ping_status":"open","sticky":false,"template":"","format":"standard","meta":{"jetpack_post_was_ever_published":false,"_jetpack_newsletter_access":"","_jetpack_dont_email_post_to_subs":false,"_jetpack_newsletter_tier_id":0,"_jetpack_memberships_contains_paywalled_content":false,"_jetpack_memberships_contains_paid_content":false,"footnotes":""},"categories":[2],"tags":[],"class_list":["post-2742","post","type-post","status-publish","format-standard","hentry","category-sig"],"jetpack_featured_media_url":"","jetpack_shortlink":"https:\/\/wp.me\/p93Co9-Ie","jetpack-related-posts":[{"id":3138,"url":"https:\/\/alpoma.net\/carto\/?p=3138","url_meta":{"origin":2742,"position":0},"title":"[Convocatoria] Programa Completo M\u00e1ster Profesional en Direcci\u00f3n de Proyectos y Servicios Geoespaciales &#8211; \u2028Abierta Matr\u00edcula","author":"alpoma","date":"febrero 6, 2012","format":false,"excerpt":"Me hago eco de una convocatoria interesante: El Instituto Geogr\u00e1fico Nacional (IGN) organiza conjuntamente con la Universidad Polit\u00e9cnica de Madrid (UPM) el M\u00e1ster Profesional en Direcci\u00f3n de Proyectos y Gesti\u00f3n de Servicios Geoespaciales. Puedes consultar en este enlace el Programa y temario completo del m\u00e1ster en PDF. El M\u00e1ster se\u2026","rel":"","context":"En \u00abMiscel\u00e1nea\u00bb","block_context":{"text":"Miscel\u00e1nea","link":"https:\/\/alpoma.net\/carto\/?cat=1"},"img":{"alt_text":"Imagen_master_alumnos","src":"https:\/\/i0.wp.com\/farm8.staticflickr.com\/7008\/6830768775_2c8e79143d_m.jpg?resize=350%2C200","width":350,"height":200},"classes":[]},{"id":7895,"url":"https:\/\/alpoma.net\/carto\/?p=7895","url_meta":{"origin":2742,"position":1},"title":"Nuevo libro del IGN en descarga: \u00abEvoluci\u00f3n de la imagen cartogr\u00e1fica de Espa\u00f1a. Cat\u00e1logo de mapas\u00bb","author":"alpoma","date":"mayo 20, 2025","format":false,"excerpt":"Gracias a un soplo de @UribeX, he llegado a este nuevo libro publicado por el IGN, que est\u00e1 disponible en descarga directa o bien se puede comprar en papel. Se trata de \"Evoluci\u00f3n de la imagen cartogr\u00e1fica de Espa\u00f1a. Cat\u00e1logo de mapas\" que, no es s\u00f3lo un \"cat\u00e1logo\", sino mucho\u2026","rel":"","context":"En \u00abViejos mapas\u00bb","block_context":{"text":"Viejos mapas","link":"https:\/\/alpoma.net\/carto\/?cat=4"},"img":{"alt_text":"","src":"https:\/\/i0.wp.com\/alpoma.net\/carto\/wp-content\/uploads\/2025\/05\/libmaps.png?resize=350%2C200&ssl=1","width":350,"height":200,"srcset":"https:\/\/i0.wp.com\/alpoma.net\/carto\/wp-content\/uploads\/2025\/05\/libmaps.png?resize=350%2C200&ssl=1 1x, https:\/\/i0.wp.com\/alpoma.net\/carto\/wp-content\/uploads\/2025\/05\/libmaps.png?resize=525%2C300&ssl=1 1.5x, https:\/\/i0.wp.com\/alpoma.net\/carto\/wp-content\/uploads\/2025\/05\/libmaps.png?resize=700%2C400&ssl=1 2x, https:\/\/i0.wp.com\/alpoma.net\/carto\/wp-content\/uploads\/2025\/05\/libmaps.png?resize=1050%2C600&ssl=1 3x"},"classes":[]},{"id":2235,"url":"https:\/\/alpoma.net\/carto\/?p=2235","url_meta":{"origin":2742,"position":2},"title":"La empresa OpenGeo ha firmado un acuerdo de colaboraci\u00f3n para Espa\u00f1a con Geodata Sistemas","author":"alpoma","date":"enero 13, 2011","format":false,"excerpt":"Me hago eco de la siguiente nota de prensa, por si es de inter\u00e9s para los lectores de La Cartoteca: El nuevo acuerdo proveer\u00e1 apoyo para OpenGeo Suite e internacionalizaci\u00f3n para usuarios de informaci\u00f3n geoespacial del pa\u00eds. Geodata Sistemas, SL, l\u00edder en servicios GIS, ha llegado a un acuerdo de\u2026","rel":"","context":"En \u00abMiscel\u00e1nea\u00bb","block_context":{"text":"Miscel\u00e1nea","link":"https:\/\/alpoma.net\/carto\/?cat=1"},"img":{"alt_text":"","src":"","width":0,"height":0},"classes":[]},{"id":2739,"url":"https:\/\/alpoma.net\/carto\/?p=2739","url_meta":{"origin":2742,"position":3},"title":"Comunidad@IGN","author":"alpoma","date":"septiembre 13, 2011","format":false,"excerpt":"Con el l\u00edo que tengo \u00faltimamente, sin apenas tiempo entre diversos proyectos, se me hab\u00eda pasado recomendar vivamente a todos los lectores de La Cartoteca que visiten y utilicen la Comunidad@IGN, del Instituto Geogr\u00e1fico Nacional de Espa\u00f1a, un punto de encuentro sin igual para profesionales de las ciencias geogr\u00e1ficas. No\u2026","rel":"","context":"En \u00abEn l\u00ednea\u00bb","block_context":{"text":"En l\u00ednea","link":"https:\/\/alpoma.net\/carto\/?cat=5"},"img":{"alt_text":"","src":"","width":0,"height":0},"classes":[]},{"id":7296,"url":"https:\/\/alpoma.net\/carto\/?p=7296","url_meta":{"origin":2742,"position":4},"title":"Espa\u00f1a en mapas. Una s\u00edntesis geogr\u00e1fica (Descarga)","author":"alpoma","date":"enero 6, 2019","format":false,"excerpt":"El IGN present\u00f3 recientemente su \"S\u00edntesis del Atlas Nacional de Espa\u00f1a\", titulada \"Espa\u00f1a en mapas. Una s\u00edntesis geogr\u00e1fica\", que puede descargarse libremente y, tambi\u00e9n, comprarse en versi\u00f3n impresa: \"...en un solo volumen de algo m\u00e1s de 600 p\u00e1ginas y m\u00e1s de 800 mapas, en el que ha colaborado toda una\u2026","rel":"","context":"En \u00abCartograf\u00eda\u00bb","block_context":{"text":"Cartograf\u00eda","link":"https:\/\/alpoma.net\/carto\/?cat=9"},"img":{"alt_text":"","src":"https:\/\/i0.wp.com\/alpoma.net\/carto\/wp-content\/uploads\/2019\/01\/esp-mp.png?resize=350%2C200&ssl=1","width":350,"height":200,"srcset":"https:\/\/i0.wp.com\/alpoma.net\/carto\/wp-content\/uploads\/2019\/01\/esp-mp.png?resize=350%2C200&ssl=1 1x, https:\/\/i0.wp.com\/alpoma.net\/carto\/wp-content\/uploads\/2019\/01\/esp-mp.png?resize=525%2C300&ssl=1 1.5x"},"classes":[]},{"id":661,"url":"https:\/\/alpoma.net\/carto\/?p=661","url_meta":{"origin":2742,"position":5},"title":"GeoCommons Maker!","author":"alpoma","date":"octubre 2, 2008","format":false,"excerpt":"Si tuviera que referirme a este proyecto de forma muy breve, dir\u00eda que se trata de la comidilla de la geoblogosfera. Todo el mundo habla de ello, y no sin raz\u00f3n. Acaba de nacer en medio de referencias y comentarios por todas partes. \u00bfQu\u00e9 es GeoCommons? Para empezar hay que\u2026","rel":"","context":"En \u00abEn l\u00ednea\u00bb","block_context":{"text":"En l\u00ednea","link":"https:\/\/alpoma.net\/carto\/?cat=5"},"img":{"alt_text":"","src":"","width":0,"height":0},"classes":[]}],"jetpack_sharing_enabled":true,"_links":{"self":[{"href":"https:\/\/alpoma.net\/carto\/index.php?rest_route=\/wp\/v2\/posts\/2742","targetHints":{"allow":["GET"]}}],"collection":[{"href":"https:\/\/alpoma.net\/carto\/index.php?rest_route=\/wp\/v2\/posts"}],"about":[{"href":"https:\/\/alpoma.net\/carto\/index.php?rest_route=\/wp\/v2\/types\/post"}],"author":[{"embeddable":true,"href":"https:\/\/alpoma.net\/carto\/index.php?rest_route=\/wp\/v2\/users\/1"}],"replies":[{"embeddable":true,"href":"https:\/\/alpoma.net\/carto\/index.php?rest_route=%2Fwp%2Fv2%2Fcomments&post=2742"}],"version-history":[{"count":0,"href":"https:\/\/alpoma.net\/carto\/index.php?rest_route=\/wp\/v2\/posts\/2742\/revisions"}],"wp:attachment":[{"href":"https:\/\/alpoma.net\/carto\/index.php?rest_route=%2Fwp%2Fv2%2Fmedia&parent=2742"}],"wp:term":[{"taxonomy":"category","embeddable":true,"href":"https:\/\/alpoma.net\/carto\/index.php?rest_route=%2Fwp%2Fv2%2Fcategories&post=2742"},{"taxonomy":"post_tag","embeddable":true,"href":"https:\/\/alpoma.net\/carto\/index.php?rest_route=%2Fwp%2Fv2%2Ftags&post=2742"}],"curies":[{"name":"wp","href":"https:\/\/api.w.org\/{rel}","templated":true}]}}