{"id":2739,"date":"2011-09-13T17:50:56","date_gmt":"2011-09-13T15:50:56","guid":{"rendered":"http:\/\/alpoma.net\/carto\/?p=2739"},"modified":"2011-09-13T17:50:56","modified_gmt":"2011-09-13T15:50:56","slug":"comunidadign","status":"publish","type":"post","link":"https:\/\/alpoma.net\/carto\/?p=2739","title":{"rendered":"Comunidad@IGN"},"content":{"rendered":"<p>Con el l\u00edo que tengo \u00faltimamente, sin apenas tiempo entre diversos proyectos, se me hab\u00eda pasado recomendar vivamente a todos los lectores de <em>La Cartoteca<\/em> que visiten y utilicen la <strong><a href=\"http:\/\/ign.go-learning.net\/comunidad\/\">Comunidad@IGN<\/a><\/strong>, del<em> Instituto Geogr\u00e1fico Nacional <\/em>de Espa\u00f1a, <strong><em>un punto de encuentro sin igual para profesionales de las ciencias geogr\u00e1ficas<\/em><\/strong>. No s\u00f3lo puede encontrarse aqu\u00ed informaci\u00f3n sobre los cursos<em> online <\/em>del IGN, sino que sirve a modo de tabl\u00f3n de discusi\u00f3n profesional sobre todo tipo de asuntos relacionados con las geotecnolog\u00edas: cursos, eventos, noticias, aplicaciones, consultas&#8230; Se trata de un recurso a tener muy en cuenta. \ud83d\ude09<\/p>\n","protected":false},"excerpt":{"rendered":"<div class=\"mh-excerpt\"><p>Con el l\u00edo que tengo \u00faltimamente, sin apenas tiempo entre diversos proyectos, se me hab\u00eda pasado recomendar vivamente a todos los lectores de La Cartoteca <a class=\"mh-excerpt-more\" href=\"https:\/\/alpoma.net\/carto\/?p=2739\" title=\"Comunidad@IGN\">[&#8230;]<\/a><\/p>\n<\/div>","protected":false},"author":1,"featured_media":0,"comment_status":"open","ping_status":"open","sticky":false,"template":"","format":"standard","meta":{"jetpack_post_was_ever_published":false,"_jetpack_newsletter_access":"","_jetpack_dont_email_post_to_subs":false,"_jetpack_newsletter_tier_id":0,"_jetpack_memberships_contains_paywalled_content":false,"_jetpack_memberships_contains_paid_content":false,"footnotes":""},"categories":[5],"tags":[],"class_list":["post-2739","post","type-post","status-publish","format-standard","hentry","category-en-linea"],"jetpack_featured_media_url":"","jetpack_shortlink":"https:\/\/wp.me\/p93Co9-Ib","jetpack-related-posts":[{"id":7296,"url":"https:\/\/alpoma.net\/carto\/?p=7296","url_meta":{"origin":2739,"position":0},"title":"Espa\u00f1a en mapas. Una s\u00edntesis geogr\u00e1fica (Descarga)","author":"alpoma","date":"enero 6, 2019","format":false,"excerpt":"El IGN present\u00f3 recientemente su \"S\u00edntesis del Atlas Nacional de Espa\u00f1a\", titulada \"Espa\u00f1a en mapas. Una s\u00edntesis geogr\u00e1fica\", que puede descargarse libremente y, tambi\u00e9n, comprarse en versi\u00f3n impresa: \"...en un solo volumen de algo m\u00e1s de 600 p\u00e1ginas y m\u00e1s de 800 mapas, en el que ha colaborado toda una\u2026","rel":"","context":"En \u00abCartograf\u00eda\u00bb","block_context":{"text":"Cartograf\u00eda","link":"https:\/\/alpoma.net\/carto\/?cat=9"},"img":{"alt_text":"","src":"https:\/\/i0.wp.com\/alpoma.net\/carto\/wp-content\/uploads\/2019\/01\/esp-mp.png?resize=350%2C200&ssl=1","width":350,"height":200,"srcset":"https:\/\/i0.wp.com\/alpoma.net\/carto\/wp-content\/uploads\/2019\/01\/esp-mp.png?resize=350%2C200&ssl=1 1x, https:\/\/i0.wp.com\/alpoma.net\/carto\/wp-content\/uploads\/2019\/01\/esp-mp.png?resize=525%2C300&ssl=1 1.5x"},"classes":[]},{"id":3654,"url":"https:\/\/alpoma.net\/carto\/?p=3654","url_meta":{"origin":2739,"position":1},"title":"Disponible para descarga el libro del Blog IDEE","author":"alpoma","date":"octubre 31, 2012","format":false,"excerpt":"El blog de la comunidad de la Infraestructura de Datos Espaciales de Espa\u00f1a (IDEE) es uno de los principales referentes de los medios online relacionados con las geotecnolog\u00edas en espa\u00f1ol. Por eso, me ha alegrado mucho que hayan creado una selecci\u00f3n con lo mejor del contenido que han venido publicando\u2026","rel":"","context":"En \u00abEn l\u00ednea\u00bb","block_context":{"text":"En l\u00ednea","link":"https:\/\/alpoma.net\/carto\/?cat=5"},"img":{"alt_text":"Libro Blog IDEE","src":"https:\/\/i0.wp.com\/alpoma.net\/carto\/wp-content\/uploads\/2012\/10\/libro_blog_idee-237x300.png?resize=350%2C200","width":350,"height":200},"classes":[]},{"id":2363,"url":"https:\/\/alpoma.net\/carto\/?p=2363","url_meta":{"origin":2739,"position":2},"title":"Cartograf\u00eda hist\u00f3rica del IGN","author":"alpoma","date":"marzo 4, 2011","format":false,"excerpt":"Acabo de descubrir gracias al blog IDEE un servicio del Instituto Geogr\u00e1fico Nacional (IGN) que permite consultar gran cantidad de archivos de cartograf\u00eda hist\u00f3rica, toda una delicia. Invito a los lectores de La Cartoteca a conocer esos fondos cartogr\u00e1ficos del IGN (Siglos XVI-XIX), ahora bien, me gustar\u00eda desde aqu\u00ed lanzar\u2026","rel":"","context":"En \u00abViejos mapas\u00bb","block_context":{"text":"Viejos mapas","link":"https:\/\/alpoma.net\/carto\/?cat=4"},"img":{"alt_text":"fondos_IGN_ejemplo","src":"https:\/\/i0.wp.com\/farm6.static.flickr.com\/5019\/5497363639_f538c173b3_m.jpg?resize=350%2C200","width":350,"height":200},"classes":[]},{"id":7895,"url":"https:\/\/alpoma.net\/carto\/?p=7895","url_meta":{"origin":2739,"position":3},"title":"Nuevo libro del IGN en descarga: \u00abEvoluci\u00f3n de la imagen cartogr\u00e1fica de Espa\u00f1a. Cat\u00e1logo de mapas\u00bb","author":"alpoma","date":"mayo 20, 2025","format":false,"excerpt":"Gracias a un soplo de @UribeX, he llegado a este nuevo libro publicado por el IGN, que est\u00e1 disponible en descarga directa o bien se puede comprar en papel. Se trata de \"Evoluci\u00f3n de la imagen cartogr\u00e1fica de Espa\u00f1a. Cat\u00e1logo de mapas\" que, no es s\u00f3lo un \"cat\u00e1logo\", sino mucho\u2026","rel":"","context":"En \u00abViejos mapas\u00bb","block_context":{"text":"Viejos mapas","link":"https:\/\/alpoma.net\/carto\/?cat=4"},"img":{"alt_text":"","src":"https:\/\/i0.wp.com\/alpoma.net\/carto\/wp-content\/uploads\/2025\/05\/libmaps.png?resize=350%2C200&ssl=1","width":350,"height":200,"srcset":"https:\/\/i0.wp.com\/alpoma.net\/carto\/wp-content\/uploads\/2025\/05\/libmaps.png?resize=350%2C200&ssl=1 1x, https:\/\/i0.wp.com\/alpoma.net\/carto\/wp-content\/uploads\/2025\/05\/libmaps.png?resize=525%2C300&ssl=1 1.5x, https:\/\/i0.wp.com\/alpoma.net\/carto\/wp-content\/uploads\/2025\/05\/libmaps.png?resize=700%2C400&ssl=1 2x, https:\/\/i0.wp.com\/alpoma.net\/carto\/wp-content\/uploads\/2025\/05\/libmaps.png?resize=1050%2C600&ssl=1 3x"},"classes":[]},{"id":2742,"url":"https:\/\/alpoma.net\/carto\/?p=2742","url_meta":{"origin":2739,"position":4},"title":"M\u00e1ster IGN\/CNIG \u2013 UPM en Direcci\u00f3n de Proyectos y Servicios Geoespaciales","author":"alpoma","date":"septiembre 14, 2011","format":false,"excerpt":"En los \u00faltimos tiempos el panorama formativo relacionado con geotecnolog\u00edas est\u00e1 cambiando de manera muy interesante, he aqu\u00ed una convocatoria realmente atractiva: La Universidad Polit\u00e9cnica de Madrid (UPM) y el Instituto Geogr\u00e1fico Nacional (IGN)-CNIG organizan el M\u00e1ster en Direcci\u00f3n de Proyectos y Servicios Geoespaciales para promover el desarrollo profesional de\u2026","rel":"","context":"En \u00abSIG\u00bb","block_context":{"text":"SIG","link":"https:\/\/alpoma.net\/carto\/?cat=2"},"img":{"alt_text":"header_masterdirgeo","src":"https:\/\/i0.wp.com\/farm7.static.flickr.com\/6155\/6147148253_a0849dfbeb_m.jpg?resize=350%2C200","width":350,"height":200},"classes":[]},{"id":460,"url":"https:\/\/alpoma.net\/carto\/?p=460","url_meta":{"origin":2739,"position":5},"title":"Plan nacional de referenciaci\u00f3n geogr\u00e1fica municipal","author":"alpoma","date":"enero 30, 2008","format":false,"excerpt":"Siguiendo la estela de la \"placa\" geogr\u00e1fica palentina de ayer, me avisa Rafael L\u00f3pez, a quien agradezco mucho la informaci\u00f3n, sobre el Plan nacional de referenciaci\u00f3n geogr\u00e1fica municipal seg\u00fan el Sistema de Referencia europeo ETRS89 que, al parecer, ha comenzado a aplicarse en Cantabria. Acompa\u00f1a este art\u00edculo un recorte sobre\u2026","rel":"","context":"En \u00abGeograf\u00eda\u00bb","block_context":{"text":"Geograf\u00eda","link":"https:\/\/alpoma.net\/carto\/?cat=7"},"img":{"alt_text":"","src":"https:\/\/i0.wp.com\/alpoma.net\/carto\/wp-content\/uploads\/2008\/01\/2231334664_cae869aa03.jpg?resize=350%2C200&ssl=1","width":350,"height":200},"classes":[]}],"jetpack_sharing_enabled":true,"_links":{"self":[{"href":"https:\/\/alpoma.net\/carto\/index.php?rest_route=\/wp\/v2\/posts\/2739","targetHints":{"allow":["GET"]}}],"collection":[{"href":"https:\/\/alpoma.net\/carto\/index.php?rest_route=\/wp\/v2\/posts"}],"about":[{"href":"https:\/\/alpoma.net\/carto\/index.php?rest_route=\/wp\/v2\/types\/post"}],"author":[{"embeddable":true,"href":"https:\/\/alpoma.net\/carto\/index.php?rest_route=\/wp\/v2\/users\/1"}],"replies":[{"embeddable":true,"href":"https:\/\/alpoma.net\/carto\/index.php?rest_route=%2Fwp%2Fv2%2Fcomments&post=2739"}],"version-history":[{"count":0,"href":"https:\/\/alpoma.net\/carto\/index.php?rest_route=\/wp\/v2\/posts\/2739\/revisions"}],"wp:attachment":[{"href":"https:\/\/alpoma.net\/carto\/index.php?rest_route=%2Fwp%2Fv2%2Fmedia&parent=2739"}],"wp:term":[{"taxonomy":"category","embeddable":true,"href":"https:\/\/alpoma.net\/carto\/index.php?rest_route=%2Fwp%2Fv2%2Fcategories&post=2739"},{"taxonomy":"post_tag","embeddable":true,"href":"https:\/\/alpoma.net\/carto\/index.php?rest_route=%2Fwp%2Fv2%2Ftags&post=2739"}],"curies":[{"name":"wp","href":"https:\/\/api.w.org\/{rel}","templated":true}]}}