{"id":2733,"date":"2011-09-09T22:34:23","date_gmt":"2011-09-09T20:34:23","guid":{"rendered":"http:\/\/alpoma.net\/carto\/?p=2733"},"modified":"2011-09-09T22:34:23","modified_gmt":"2011-09-09T20:34:23","slug":"convocatoria-cursos-e-learning-de-dms-group","status":"publish","type":"post","link":"https:\/\/alpoma.net\/carto\/?p=2733","title":{"rendered":"[Convocatoria] Cursos e-learning de DMS Group"},"content":{"rendered":"<p>Me llega <strong>una convocatoria que creo puede ser de inter\u00e9s de muchos lectores de <em>La Cartoteca<\/em><\/strong>. Y ya aprovecho para comentar que, en breve, este blog volver\u00e1 a su ritmo habitual de publicaci\u00f3n, despu\u00e9s del peque\u00f1o desierto de las \u00faltimas semanas en las que no he tenido tiempo de casi nada.<\/p>\n<blockquote><p><a href=\"http:\/\/www.flickr.com\/photos\/alpoma\/6130662033\/\" title=\"dms group, on Flickr\"><img loading=\"lazy\" decoding=\"async\" src=\"http:\/\/farm7.static.flickr.com\/6061\/6130662033_ab7088edd0_t.jpg\" width=\"100\" height=\"57\" alt=\"dms_group\" class=\"dch\"\/><\/a><strong><a href=\"http:\/\/www.dmsgroup.es\/company.php\">DMSGroup<\/a><\/strong> empresa especializada en Infraestructuras de Datos Espaciales y Sistemas de Informaci\u00f3n Geogr\u00e1fica lanza <strong><a href=\"http:\/\/www.dmsgroup.es\/cursos_formacion.php\">nuevos cursos de formaci\u00f3n e-learning<\/a><\/strong>. Nuestros a\u00f1os de experiencia y los trabajos realizados con el Instituto Geogr\u00e1fico Nacional, Instituto Geol\u00f3gico y Minero de Espa\u00f1a, Ministerio de Medio Ambiente y Medio Rural y Marino y CSIC nos avalan. Si ellos han confiado en nuestro trabajo \u00bfpor qu\u00e9 tu no? Los cursos que ofrecemos te permitir\u00e1n obtener conocimientos avanzados sobre adquisici\u00f3n, an\u00e1lisis y explotaci\u00f3n de la informaci\u00f3n geogr\u00e1fica.<\/p><\/blockquote>\n<p><a href=\"http:\/\/www.flickr.com\/photos\/alpoma\/6130662251\/\" title=\"cursos DMS group, on Flickr\"><img loading=\"lazy\" decoding=\"async\" src=\"http:\/\/farm7.static.flickr.com\/6209\/6130662251_196f3e3b77_o.jpg\" width=\"620\" height=\"150\" alt=\"esquema\"\/><\/a><\/p>\n","protected":false},"excerpt":{"rendered":"<div class=\"mh-excerpt\"><p>Me llega una convocatoria que creo puede ser de inter\u00e9s de muchos lectores de La Cartoteca. Y ya aprovecho para comentar que, en breve, este <a class=\"mh-excerpt-more\" href=\"https:\/\/alpoma.net\/carto\/?p=2733\" title=\"[Convocatoria] Cursos e-learning de DMS Group\">[&#8230;]<\/a><\/p>\n<\/div>","protected":false},"author":1,"featured_media":5079,"comment_status":"open","ping_status":"open","sticky":false,"template":"","format":"standard","meta":{"jetpack_post_was_ever_published":false,"_jetpack_newsletter_access":"","_jetpack_dont_email_post_to_subs":false,"_jetpack_newsletter_tier_id":0,"_jetpack_memberships_contains_paywalled_content":false,"_jetpack_memberships_contains_paid_content":false,"footnotes":""},"categories":[5],"tags":[],"class_list":["post-2733","post","type-post","status-publish","format-standard","has-post-thumbnail","hentry","category-en-linea"],"jetpack_featured_media_url":"https:\/\/alpoma.net\/carto\/wp-content\/uploads\/2011\/09\/6130662251_196f3e3b77_o.jpg","jetpack_shortlink":"https:\/\/wp.me\/p93Co9-I5","jetpack-related-posts":[{"id":2587,"url":"https:\/\/alpoma.net\/carto\/?p=2587","url_meta":{"origin":2733,"position":0},"title":"Nuevos cursos e-learning, DMS Group","author":"alpoma","date":"mayo 24, 2011","format":false,"excerpt":"Me hago eco de una nueva oferta formativa realmente interesante: DMS Group, empresa especializada en Infraestructuras de Datos Espaciales y Sistemas de Informaci\u00f3n Geogr\u00e1fica, lanza nuevos cursos de formaci\u00f3n e-learning. Nuestros a\u00f1os de experiencia y los trabajos realizados con el Instituto Geogr\u00e1fico Nacional, Instituto Geol\u00f3gico y Minero de Espa\u00f1a, Ministerio\u2026","rel":"","context":"En \u00abEn l\u00ednea\u00bb","block_context":{"text":"En l\u00ednea","link":"https:\/\/alpoma.net\/carto\/?cat=5"},"img":{"alt_text":"","src":"https:\/\/i0.wp.com\/alpoma.net\/carto\/wp-content\/uploads\/2011\/05\/5755335058_057b3f7683_o.jpg?resize=350%2C200&ssl=1","width":350,"height":200,"srcset":"https:\/\/i0.wp.com\/alpoma.net\/carto\/wp-content\/uploads\/2011\/05\/5755335058_057b3f7683_o.jpg?resize=350%2C200&ssl=1 1x, https:\/\/i0.wp.com\/alpoma.net\/carto\/wp-content\/uploads\/2011\/05\/5755335058_057b3f7683_o.jpg?resize=525%2C300&ssl=1 1.5x"},"classes":[]},{"id":3138,"url":"https:\/\/alpoma.net\/carto\/?p=3138","url_meta":{"origin":2733,"position":1},"title":"[Convocatoria] Programa Completo M\u00e1ster Profesional en Direcci\u00f3n de Proyectos y Servicios Geoespaciales &#8211; \u2028Abierta Matr\u00edcula","author":"alpoma","date":"febrero 6, 2012","format":false,"excerpt":"Me hago eco de una convocatoria interesante: El Instituto Geogr\u00e1fico Nacional (IGN) organiza conjuntamente con la Universidad Polit\u00e9cnica de Madrid (UPM) el M\u00e1ster Profesional en Direcci\u00f3n de Proyectos y Gesti\u00f3n de Servicios Geoespaciales. Puedes consultar en este enlace el Programa y temario completo del m\u00e1ster en PDF. El M\u00e1ster se\u2026","rel":"","context":"En \u00abMiscel\u00e1nea\u00bb","block_context":{"text":"Miscel\u00e1nea","link":"https:\/\/alpoma.net\/carto\/?cat=1"},"img":{"alt_text":"Imagen_master_alumnos","src":"https:\/\/i0.wp.com\/farm8.staticflickr.com\/7008\/6830768775_2c8e79143d_m.jpg?resize=350%2C200","width":350,"height":200},"classes":[]},{"id":2468,"url":"https:\/\/alpoma.net\/carto\/?p=2468","url_meta":{"origin":2733,"position":2},"title":"Atlas clim\u00e1tico ib\u00e9rico (PDF)","author":"alpoma","date":"abril 9, 2011","format":false,"excerpt":"He aqu\u00ed una obra de sumo inter\u00e9s, publicada por la Agencia Estatal de Meteorolog\u00eda de Espa\u00f1a (AEMET) y el Instituto de Meteorologia de Portugal. Disponible en versi\u00f3n PDF online. El atlas clim\u00e1tico constituye un medio de presentar, de forma gr\u00e1fica, una s\u00edntesis de los conocimientos referentes al clima de un\u2026","rel":"","context":"En \u00abGeograf\u00eda\u00bb","block_context":{"text":"Geograf\u00eda","link":"https:\/\/alpoma.net\/carto\/?cat=7"},"img":{"alt_text":"atlas_clnm","src":"https:\/\/i0.wp.com\/farm6.static.flickr.com\/5024\/5603238166_a92d2ca167_m.jpg?resize=350%2C200","width":350,"height":200},"classes":[]},{"id":2739,"url":"https:\/\/alpoma.net\/carto\/?p=2739","url_meta":{"origin":2733,"position":3},"title":"Comunidad@IGN","author":"alpoma","date":"septiembre 13, 2011","format":false,"excerpt":"Con el l\u00edo que tengo \u00faltimamente, sin apenas tiempo entre diversos proyectos, se me hab\u00eda pasado recomendar vivamente a todos los lectores de La Cartoteca que visiten y utilicen la Comunidad@IGN, del Instituto Geogr\u00e1fico Nacional de Espa\u00f1a, un punto de encuentro sin igual para profesionales de las ciencias geogr\u00e1ficas. No\u2026","rel":"","context":"En \u00abEn l\u00ednea\u00bb","block_context":{"text":"En l\u00ednea","link":"https:\/\/alpoma.net\/carto\/?cat=5"},"img":{"alt_text":"","src":"","width":0,"height":0},"classes":[]},{"id":2742,"url":"https:\/\/alpoma.net\/carto\/?p=2742","url_meta":{"origin":2733,"position":4},"title":"M\u00e1ster IGN\/CNIG \u2013 UPM en Direcci\u00f3n de Proyectos y Servicios Geoespaciales","author":"alpoma","date":"septiembre 14, 2011","format":false,"excerpt":"En los \u00faltimos tiempos el panorama formativo relacionado con geotecnolog\u00edas est\u00e1 cambiando de manera muy interesante, he aqu\u00ed una convocatoria realmente atractiva: La Universidad Polit\u00e9cnica de Madrid (UPM) y el Instituto Geogr\u00e1fico Nacional (IGN)-CNIG organizan el M\u00e1ster en Direcci\u00f3n de Proyectos y Servicios Geoespaciales para promover el desarrollo profesional de\u2026","rel":"","context":"En \u00abSIG\u00bb","block_context":{"text":"SIG","link":"https:\/\/alpoma.net\/carto\/?cat=2"},"img":{"alt_text":"header_masterdirgeo","src":"https:\/\/i0.wp.com\/farm7.static.flickr.com\/6155\/6147148253_a0849dfbeb_m.jpg?resize=350%2C200","width":350,"height":200},"classes":[]},{"id":143,"url":"https:\/\/alpoma.net\/carto\/?p=143","url_meta":{"origin":2733,"position":5},"title":"Mapa geol\u00f3gico de Espa\u00f1a","author":"alpoma","date":"marzo 13, 2006","format":false,"excerpt":"Hace poco he tenido que volver a utilizar la versi\u00f3n en Internet de las hojas del Mapa Geol\u00f3gico de Espa\u00f1a que el Instituto Geol\u00f3gico y Minero ofrece en su web y, de nuevo, me he quedado encantado. Podr\u00eda ser m\u00e1s r\u00e1pido, s\u00ed, pero creo que ha mejorado bastante desde la\u2026","rel":"","context":"En \u00abCartograf\u00eda\u00bb","block_context":{"text":"Cartograf\u00eda","link":"https:\/\/alpoma.net\/carto\/?cat=9"},"img":{"alt_text":"","src":"https:\/\/i0.wp.com\/alpoma.net\/carto\/wp-content\/uploads\/2006\/03\/112083194_5c9ed4c591.jpg?resize=350%2C200&ssl=1","width":350,"height":200},"classes":[]}],"jetpack_sharing_enabled":true,"_links":{"self":[{"href":"https:\/\/alpoma.net\/carto\/index.php?rest_route=\/wp\/v2\/posts\/2733","targetHints":{"allow":["GET"]}}],"collection":[{"href":"https:\/\/alpoma.net\/carto\/index.php?rest_route=\/wp\/v2\/posts"}],"about":[{"href":"https:\/\/alpoma.net\/carto\/index.php?rest_route=\/wp\/v2\/types\/post"}],"author":[{"embeddable":true,"href":"https:\/\/alpoma.net\/carto\/index.php?rest_route=\/wp\/v2\/users\/1"}],"replies":[{"embeddable":true,"href":"https:\/\/alpoma.net\/carto\/index.php?rest_route=%2Fwp%2Fv2%2Fcomments&post=2733"}],"version-history":[{"count":0,"href":"https:\/\/alpoma.net\/carto\/index.php?rest_route=\/wp\/v2\/posts\/2733\/revisions"}],"wp:featuredmedia":[{"embeddable":true,"href":"https:\/\/alpoma.net\/carto\/index.php?rest_route=\/wp\/v2\/media\/5079"}],"wp:attachment":[{"href":"https:\/\/alpoma.net\/carto\/index.php?rest_route=%2Fwp%2Fv2%2Fmedia&parent=2733"}],"wp:term":[{"taxonomy":"category","embeddable":true,"href":"https:\/\/alpoma.net\/carto\/index.php?rest_route=%2Fwp%2Fv2%2Fcategories&post=2733"},{"taxonomy":"post_tag","embeddable":true,"href":"https:\/\/alpoma.net\/carto\/index.php?rest_route=%2Fwp%2Fv2%2Ftags&post=2733"}],"curies":[{"name":"wp","href":"https:\/\/api.w.org\/{rel}","templated":true}]}}