{"id":2713,"date":"2011-08-30T18:40:29","date_gmt":"2011-08-30T16:40:29","guid":{"rendered":"http:\/\/alpoma.net\/carto\/?p=2713"},"modified":"2011-08-30T18:40:29","modified_gmt":"2011-08-30T16:40:29","slug":"nacimiento-y-muerte-de-irene","status":"publish","type":"post","link":"https:\/\/alpoma.net\/carto\/?p=2713","title":{"rendered":"Nacimiento y muerte de Irene"},"content":{"rendered":"<p>Ahora que el <strong>hurac\u00e1n Irene <\/strong>ha completado su visita a la costa atl\u00e1ntica de Norteam\u00e9rica, puede hacerse una composici\u00f3n completa de su recorrido. He aqu\u00ed, por ejemplo, este <strong><a href=\"http:\/\/youtu.be\/OTji4qwE4lg\">interesante v\u00eddeo<\/a><\/strong> de la <strong><a href=\"http:\/\/www.goes.noaa.gov\/\">NOAA<\/a><\/strong>, una animaci\u00f3n creada a partir de tomas captadas cada treinta minutos en luz visible e infrarrojo por el sat\u00e9lite GOES-13.<\/p>\n<p><iframe loading=\"lazy\" width=\"620\" height=\"378\" src=\"http:\/\/www.youtube.com\/embed\/OTji4qwE4lg\" frameborder=\"0\" allowfullscreen><\/iframe><\/p>\n<p>| V\u00eda <a href=\"http:\/\/veryspatial.com\/2011\/08\/the-birth-and-death-of-irene-as-seen-from-space\/\">VerySpatial <\/a>|<\/p>\n","protected":false},"excerpt":{"rendered":"<div class=\"mh-excerpt\"><p>Ahora que el hurac\u00e1n Irene ha completado su visita a la costa atl\u00e1ntica de Norteam\u00e9rica, puede hacerse una composici\u00f3n completa de su recorrido. He aqu\u00ed, <a class=\"mh-excerpt-more\" href=\"https:\/\/alpoma.net\/carto\/?p=2713\" title=\"Nacimiento y muerte de Irene\">[&#8230;]<\/a><\/p>\n<\/div>","protected":false},"author":1,"featured_media":0,"comment_status":"open","ping_status":"open","sticky":false,"template":"","format":"standard","meta":{"jetpack_post_was_ever_published":false,"_jetpack_newsletter_access":"","_jetpack_dont_email_post_to_subs":false,"_jetpack_newsletter_tier_id":0,"_jetpack_memberships_contains_paywalled_content":false,"_jetpack_memberships_contains_paid_content":false,"footnotes":""},"categories":[6,3],"tags":[],"class_list":["post-2713","post","type-post","status-publish","format-standard","hentry","category-riesgos-naturales","category-teledeteccion"],"jetpack_featured_media_url":"","jetpack_shortlink":"https:\/\/wp.me\/p93Co9-HL","jetpack-related-posts":[{"id":543,"url":"https:\/\/alpoma.net\/carto\/?p=543","url_meta":{"origin":2713,"position":0},"title":"Mapa de la Campa\u00f1a del S\u00e1hara","author":"alpoma","date":"junio 3, 2008","format":false,"excerpt":"Hoy toca algo personal. Visita La Cartoteca mi \u00faltimo trabajo, un mapa\/infograf\u00eda realizado para el \u00faltimo libro de Carlos Canales, editado por Ristre Multimedia. Se trata de una vista resumen de algunas de las operaciones de la Guerra del S\u00e1hara1: La Campa\u00f1a del S\u00e1hara (1957-58). Una dura lecci\u00f3n en el\u2026","rel":"","context":"En \u00abCartograf\u00eda\u00bb","block_context":{"text":"Cartograf\u00eda","link":"https:\/\/alpoma.net\/carto\/?cat=9"},"img":{"alt_text":"","src":"","width":0,"height":0},"classes":[]},{"id":434,"url":"https:\/\/alpoma.net\/carto\/?p=434","url_meta":{"origin":2713,"position":1},"title":"El resplandor de la civilizaci\u00f3n","author":"alpoma","date":"noviembre 21, 2007","format":false,"excerpt":"Si un artilugio enviado a la Tierra por una civilizaci\u00f3n no humana quisiera descubrir la existencia en nuestro planeta de vida inteligente, al darse un paseo por nuestras cercan\u00edas no tendr\u00eda ninguna dificultad hoy d\u00eda en lograr su objetivo. Por un lado, no tendr\u00eda m\u00e1s que \"escuchar\" la gran cantidad\u2026","rel":"","context":"En \u00abTeledetecci\u00f3n\u00bb","block_context":{"text":"Teledetecci\u00f3n","link":"https:\/\/alpoma.net\/carto\/?cat=3"},"img":{"alt_text":"","src":"https:\/\/i0.wp.com\/alpoma.net\/carto\/wp-content\/uploads\/2007\/11\/2053022412_032565ee68_o.jpg?resize=350%2C200&ssl=1","width":350,"height":200,"srcset":"https:\/\/i0.wp.com\/alpoma.net\/carto\/wp-content\/uploads\/2007\/11\/2053022412_032565ee68_o.jpg?resize=350%2C200&ssl=1 1x, https:\/\/i0.wp.com\/alpoma.net\/carto\/wp-content\/uploads\/2007\/11\/2053022412_032565ee68_o.jpg?resize=525%2C300&ssl=1 1.5x"},"classes":[]},{"id":3606,"url":"https:\/\/alpoma.net\/carto\/?p=3606","url_meta":{"origin":2713,"position":2},"title":"A Handsome Atlas: Estad\u00edsticas de los Estados Unidos en el siglo XIX","author":"alpoma","date":"septiembre 17, 2012","format":false,"excerpt":"Este proyecto de Jonathan Soma es asombroso, tanto por su planteamiento como por la limpieza en su ejecuci\u00f3n. Se trata de una recopilaci\u00f3n de material estad\u00edstico de los Estados Unidos en el siglo XIX, desperdigado hasta ahora en diversas fuentes y por lo general de compleja visualizaci\u00f3n. Pero no es\u2026","rel":"","context":"En \u00abMiscel\u00e1nea\u00bb","block_context":{"text":"Miscel\u00e1nea","link":"https:\/\/alpoma.net\/carto\/?cat=1"},"img":{"alt_text":"","src":"https:\/\/i0.wp.com\/alpoma.net\/carto\/wp-content\/uploads\/2012\/09\/estadisticas_usa_xix.jpg?resize=350%2C200&ssl=1","width":350,"height":200,"srcset":"https:\/\/i0.wp.com\/alpoma.net\/carto\/wp-content\/uploads\/2012\/09\/estadisticas_usa_xix.jpg?resize=350%2C200&ssl=1 1x, https:\/\/i0.wp.com\/alpoma.net\/carto\/wp-content\/uploads\/2012\/09\/estadisticas_usa_xix.jpg?resize=525%2C300&ssl=1 1.5x"},"classes":[]},{"id":6103,"url":"https:\/\/alpoma.net\/carto\/?p=6103","url_meta":{"origin":2713,"position":3},"title":"La visi\u00f3n del mundo de Christian Sgrooten","author":"alpoma","date":"mayo 10, 2015","format":false,"excerpt":"Christian Sgrooten fue un cart\u00f3grafo alem\u00e1n del siglo XVI que estuvo al servicio del rey Felipe II de Espa\u00f1a. Nombrado cart\u00f3grafo real en 1557, alumbr\u00f3 algunos de los mapas m\u00e1s sobresalientes de su tiempo. He aqu\u00ed dos ejemplos de esos que se pueden dejar de admirar, tanto por su car\u00e1cter\u2026","rel":"","context":"En \u00abViejos mapas\u00bb","block_context":{"text":"Viejos mapas","link":"https:\/\/alpoma.net\/carto\/?cat=4"},"img":{"alt_text":"","src":"https:\/\/i0.wp.com\/alpoma.net\/carto\/wp-content\/uploads\/2015\/05\/sgrooten_2.jpg?resize=350%2C200&ssl=1","width":350,"height":200,"srcset":"https:\/\/i0.wp.com\/alpoma.net\/carto\/wp-content\/uploads\/2015\/05\/sgrooten_2.jpg?resize=350%2C200&ssl=1 1x, https:\/\/i0.wp.com\/alpoma.net\/carto\/wp-content\/uploads\/2015\/05\/sgrooten_2.jpg?resize=525%2C300&ssl=1 1.5x, https:\/\/i0.wp.com\/alpoma.net\/carto\/wp-content\/uploads\/2015\/05\/sgrooten_2.jpg?resize=700%2C400&ssl=1 2x, https:\/\/i0.wp.com\/alpoma.net\/carto\/wp-content\/uploads\/2015\/05\/sgrooten_2.jpg?resize=1050%2C600&ssl=1 3x, https:\/\/i0.wp.com\/alpoma.net\/carto\/wp-content\/uploads\/2015\/05\/sgrooten_2.jpg?resize=1400%2C800&ssl=1 4x"},"classes":[]},{"id":588,"url":"https:\/\/alpoma.net\/carto\/?p=588","url_meta":{"origin":2713,"position":4},"title":"Debate: Sobre la hegemon\u00eda de Google Maps","author":"alpoma","date":"julio 22, 2008","format":false,"excerpt":"Un comentario de XuRxO, muy acertado como siempre, me trae a la cabeza varias conversaciones que he tenido con muchos desarrolladores. \u00bfPor qu\u00e9 narices siempre tenemos que usar Google Maps o Google Earth para llevar a cabo muchos proyectos? Naturalmente, tambi\u00e9n soy culpable, porque en varios proyectos bastante grandes hemos\u2026","rel":"","context":"En \u00abMiscel\u00e1nea\u00bb","block_context":{"text":"Miscel\u00e1nea","link":"https:\/\/alpoma.net\/carto\/?cat=1"},"img":{"alt_text":"","src":"https:\/\/i0.wp.com\/alpoma.net\/carto\/wp-content\/uploads\/2008\/07\/2693155982_c0fd50fb33_o.jpg?resize=350%2C200&ssl=1","width":350,"height":200,"srcset":"https:\/\/i0.wp.com\/alpoma.net\/carto\/wp-content\/uploads\/2008\/07\/2693155982_c0fd50fb33_o.jpg?resize=350%2C200&ssl=1 1x, https:\/\/i0.wp.com\/alpoma.net\/carto\/wp-content\/uploads\/2008\/07\/2693155982_c0fd50fb33_o.jpg?resize=525%2C300&ssl=1 1.5x"},"classes":[]},{"id":572,"url":"https:\/\/alpoma.net\/carto\/?p=572","url_meta":{"origin":2713,"position":5},"title":"La Memoria Ausente","author":"alpoma","date":"junio 30, 2008","format":false,"excerpt":"Me quito el sombrero ante esta iniciativa. Se trata de la edici\u00f3n, por parte de la Editorial 4 Gatos, de una obra sorprendente y de gran calidad: La Memoria Ausente, Cartograf\u00eda de Espa\u00f1a y Portugal en el Archivo Militar de Estocolmo, siglos XVII y XVIII. Fascinante por su contenido, admirable\u2026","rel":"","context":"En \u00abViejos mapas\u00bb","block_context":{"text":"Viejos mapas","link":"https:\/\/alpoma.net\/carto\/?cat=4"},"img":{"alt_text":"","src":"https:\/\/i0.wp.com\/alpoma.net\/carto\/wp-content\/uploads\/2008\/06\/2625532302_ee264f65c0_o.jpg?resize=350%2C200&ssl=1","width":350,"height":200,"srcset":"https:\/\/i0.wp.com\/alpoma.net\/carto\/wp-content\/uploads\/2008\/06\/2625532302_ee264f65c0_o.jpg?resize=350%2C200&ssl=1 1x, https:\/\/i0.wp.com\/alpoma.net\/carto\/wp-content\/uploads\/2008\/06\/2625532302_ee264f65c0_o.jpg?resize=525%2C300&ssl=1 1.5x"},"classes":[]}],"jetpack_sharing_enabled":true,"_links":{"self":[{"href":"https:\/\/alpoma.net\/carto\/index.php?rest_route=\/wp\/v2\/posts\/2713","targetHints":{"allow":["GET"]}}],"collection":[{"href":"https:\/\/alpoma.net\/carto\/index.php?rest_route=\/wp\/v2\/posts"}],"about":[{"href":"https:\/\/alpoma.net\/carto\/index.php?rest_route=\/wp\/v2\/types\/post"}],"author":[{"embeddable":true,"href":"https:\/\/alpoma.net\/carto\/index.php?rest_route=\/wp\/v2\/users\/1"}],"replies":[{"embeddable":true,"href":"https:\/\/alpoma.net\/carto\/index.php?rest_route=%2Fwp%2Fv2%2Fcomments&post=2713"}],"version-history":[{"count":0,"href":"https:\/\/alpoma.net\/carto\/index.php?rest_route=\/wp\/v2\/posts\/2713\/revisions"}],"wp:attachment":[{"href":"https:\/\/alpoma.net\/carto\/index.php?rest_route=%2Fwp%2Fv2%2Fmedia&parent=2713"}],"wp:term":[{"taxonomy":"category","embeddable":true,"href":"https:\/\/alpoma.net\/carto\/index.php?rest_route=%2Fwp%2Fv2%2Fcategories&post=2713"},{"taxonomy":"post_tag","embeddable":true,"href":"https:\/\/alpoma.net\/carto\/index.php?rest_route=%2Fwp%2Fv2%2Ftags&post=2713"}],"curies":[{"name":"wp","href":"https:\/\/api.w.org\/{rel}","templated":true}]}}