{"id":268,"date":"2006-10-15T16:54:03","date_gmt":"2006-10-15T14:54:03","guid":{"rendered":"http:\/\/alpoma.net\/carto\/?p=268"},"modified":"2006-10-15T16:54:18","modified_gmt":"2006-10-15T14:54:18","slug":"luz-y-oscuridad","status":"publish","type":"post","link":"https:\/\/alpoma.net\/carto\/?p=268","title":{"rendered":"Luz y oscuridad"},"content":{"rendered":"<p>Esta imagen nocturna de sat\u00e9lite vale por mil explicaciones. Mientras que <strong>Corea del Sur <\/strong>resplandece en la noche, mostrando su densa red de infraestructuras y su vitalidad, su vecino <strong>Corea del Norte<\/strong> vive en la m\u00e1s absoluta oscuridad. Ciertamente, el r\u00e9gimen de Kim Jong Il, no s\u00f3lo ha dejado a oscuras la noche norcoreana sino que ha condenado a ese pa\u00eds a un pavoroso desastre que, valga la redundandia, tambi\u00e9n ha oscurecido con su brutal y est\u00fapida represi\u00f3n todos los aspectos de la vida de sus ciudadanos. En la fotograf\u00eda, la <strong>Pen\u00ednsula de Corea<\/strong>, donde puede verse sin necesidad de ninguna imaginaci\u00f3n c\u00f3mo el paralelo 38 separa dos mundos completamente diferentes.<\/p>\n<p><a href=\"http:\/\/www.flickr.com\/photos\/alpoma\/270191664\/\" title=\"Photo Sharing\"><img loading=\"lazy\" decoding=\"async\" src=\"http:\/\/static.flickr.com\/87\/270191664_1001ae4bb4_o.jpg\" width=\"620\" height=\"460\" alt=\"corea\" class=\"otros\"\/><\/a><\/p>\n<p><strong>M\u00e1s informaci\u00f3n<\/strong>: <a href=\"http:\/\/www.globalsecurity.org\/military\/world\/dprk\/dprk-dark.htm\">Global Security<\/a><br \/>\n<strong>Imagen<\/strong>: <a href=\"http:\/\/dmsp.ngdc.noaa.gov\/pres\/low_light_120701\/html\/title.html\">DMSP<\/a><\/p>\n","protected":false},"excerpt":{"rendered":"<div class=\"mh-excerpt\"><p>Esta imagen nocturna de sat\u00e9lite vale por mil explicaciones. Mientras que Corea del Sur resplandece en la noche, mostrando su densa red de infraestructuras y <a class=\"mh-excerpt-more\" href=\"https:\/\/alpoma.net\/carto\/?p=268\" title=\"Luz y oscuridad\">[&#8230;]<\/a><\/p>\n<\/div>","protected":false},"author":1,"featured_media":4432,"comment_status":"open","ping_status":"open","sticky":false,"template":"","format":"standard","meta":{"jetpack_post_was_ever_published":false,"_jetpack_newsletter_access":"","_jetpack_dont_email_post_to_subs":false,"_jetpack_newsletter_tier_id":0,"_jetpack_memberships_contains_paywalled_content":false,"_jetpack_memberships_contains_paid_content":false,"footnotes":""},"categories":[7,3],"tags":[],"class_list":["post-268","post","type-post","status-publish","format-standard","has-post-thumbnail","hentry","category-geografia","category-teledeteccion"],"jetpack_featured_media_url":"https:\/\/alpoma.net\/carto\/wp-content\/uploads\/2006\/10\/270191664_1001ae4bb4_o.jpg","jetpack_shortlink":"https:\/\/wp.me\/p93Co9-4k","jetpack-related-posts":[{"id":4202,"url":"https:\/\/alpoma.net\/carto\/?p=4202","url_meta":{"origin":268,"position":0},"title":"Noche norcoreana","author":"alpoma","date":"febrero 24, 2014","format":false,"excerpt":"En 2006 ya mencion\u00e9 este asunto en La Cartoteca, pero una nueva imagen, con mayor calidad, vuelve a traerlo de actualidad. En realidad no hay mucho que decir, es una de esas im\u00e1genes que hablan por s\u00ed solas. He aqu\u00ed una toma nocturna desde la ISS, realizada el 30 de\u2026","rel":"","context":"En \u00abTeledetecci\u00f3n\u00bb","block_context":{"text":"Teledetecci\u00f3n","link":"https:\/\/alpoma.net\/carto\/?cat=3"},"img":{"alt_text":"","src":"https:\/\/i0.wp.com\/alpoma.net\/carto\/wp-content\/uploads\/2014\/02\/ISScorea1.jpg?resize=350%2C200&ssl=1","width":350,"height":200,"srcset":"https:\/\/i0.wp.com\/alpoma.net\/carto\/wp-content\/uploads\/2014\/02\/ISScorea1.jpg?resize=350%2C200&ssl=1 1x, https:\/\/i0.wp.com\/alpoma.net\/carto\/wp-content\/uploads\/2014\/02\/ISScorea1.jpg?resize=525%2C300&ssl=1 1.5x, https:\/\/i0.wp.com\/alpoma.net\/carto\/wp-content\/uploads\/2014\/02\/ISScorea1.jpg?resize=700%2C400&ssl=1 2x"},"classes":[]},{"id":828,"url":"https:\/\/alpoma.net\/carto\/?p=828","url_meta":{"origin":268,"position":1},"title":"Cartografiando Corea del Norte","author":"alpoma","date":"junio 8, 2009","format":false,"excerpt":"A trav\u00e9s del inquieto Matt Rosenberg, he podido llegar a un archivo KML para Google Earth que merece reconocimiento. Con paciencia y esmero, un estudiante de doctorado en econom\u00eda de la Universidad George Mason, Curtis Melvin, ha ido recopilando con el tiempo todo tipo de informaci\u00f3n relacionada con la oscura\u2026","rel":"","context":"En \u00abCartograf\u00eda\u00bb","block_context":{"text":"Cartograf\u00eda","link":"https:\/\/alpoma.net\/carto\/?cat=9"},"img":{"alt_text":"","src":"","width":0,"height":0},"classes":[]},{"id":799,"url":"https:\/\/alpoma.net\/carto\/?p=799","url_meta":{"origin":268,"position":2},"title":"Un viaje prohibido","author":"alpoma","date":"abril 6, 2009","format":false,"excerpt":"Apasionante travesia, en la dos austriacos recorrieron el pasado oto\u00f1o m\u00e1s de 13.000 ki\u00f3metros para llegar a lugares prohibidos. Viajando en tren, partiendo de Viena, recorrieron Eslovaquia, Ucrania, Rusia en el Transiberiano y, finalmente, osaron penetrar sin permiso en Corea del Norte, llegando sin muchos problemas a la capital, Pyongyang.\u2026","rel":"","context":"En \u00abGeograf\u00eda\u00bb","block_context":{"text":"Geograf\u00eda","link":"https:\/\/alpoma.net\/carto\/?cat=7"},"img":{"alt_text":"","src":"https:\/\/i0.wp.com\/alpoma.net\/carto\/wp-content\/uploads\/2009\/04\/3417445873_6093cc1e7b_o.jpg?resize=350%2C200&ssl=1","width":350,"height":200,"srcset":"https:\/\/i0.wp.com\/alpoma.net\/carto\/wp-content\/uploads\/2009\/04\/3417445873_6093cc1e7b_o.jpg?resize=350%2C200&ssl=1 1x, https:\/\/i0.wp.com\/alpoma.net\/carto\/wp-content\/uploads\/2009\/04\/3417445873_6093cc1e7b_o.jpg?resize=525%2C300&ssl=1 1.5x"},"classes":[]},{"id":1864,"url":"https:\/\/alpoma.net\/carto\/?p=1864","url_meta":{"origin":268,"position":3},"title":"Sobre l\u00edderes mundiales y Twitter","author":"alpoma","date":"septiembre 10, 2010","format":false,"excerpt":"Hace unos d\u00edas public\u00f3 Geographic Travels un listado sobre l\u00edderes mundiales que, a fecha de hoy, tienen una cuenta en Twitter. Seguramente no estar\u00e1n todos, pero la lista me parece bastante ilustrativa. Otra cosa es que los propietarios, en persona, mantengan esas cuentas vivas, porque eso es otro asunto muy\u2026","rel":"","context":"En \u00abExperimentos\u00bb","block_context":{"text":"Experimentos","link":"https:\/\/alpoma.net\/carto\/?cat=10"},"img":{"alt_text":"","src":"https:\/\/i0.wp.com\/alpoma.net\/carto\/wp-content\/uploads\/2010\/09\/4971628793_3aace2b2eb_z.jpg?resize=350%2C200&ssl=1","width":350,"height":200,"srcset":"https:\/\/i0.wp.com\/alpoma.net\/carto\/wp-content\/uploads\/2010\/09\/4971628793_3aace2b2eb_z.jpg?resize=350%2C200&ssl=1 1x, https:\/\/i0.wp.com\/alpoma.net\/carto\/wp-content\/uploads\/2010\/09\/4971628793_3aace2b2eb_z.jpg?resize=525%2C300&ssl=1 1.5x"},"classes":[]},{"id":6131,"url":"https:\/\/alpoma.net\/carto\/?p=6131","url_meta":{"origin":268,"position":4},"title":"\u00abFrikada\u00bb cartogr\u00e1fica en \u00abLas cr\u00f3nicas de Riddick\u00bb","author":"alpoma","date":"mayo 16, 2015","format":false,"excerpt":"Tengo la sensaci\u00f3n de que este va a ser el post con menos utilidad de la historia de La Cartoteca, vamos, una aut\u00e9ntica \"frikada\", pero qu\u00e9 le vamos a hacer, es lo que sucede cuando reconoces patrones cartogr\u00e1ficos por doquier. La cosa va de una pel\u00edcula y cierto dise\u00f1o que\u2026","rel":"","context":"En \u00abMiscel\u00e1nea\u00bb","block_context":{"text":"Miscel\u00e1nea","link":"https:\/\/alpoma.net\/carto\/?cat=1"},"img":{"alt_text":"","src":"https:\/\/i0.wp.com\/alpoma.net\/carto\/wp-content\/uploads\/2015\/05\/ridck4.jpg?resize=350%2C200&ssl=1","width":350,"height":200,"srcset":"https:\/\/i0.wp.com\/alpoma.net\/carto\/wp-content\/uploads\/2015\/05\/ridck4.jpg?resize=350%2C200&ssl=1 1x, https:\/\/i0.wp.com\/alpoma.net\/carto\/wp-content\/uploads\/2015\/05\/ridck4.jpg?resize=525%2C300&ssl=1 1.5x"},"classes":[]},{"id":114,"url":"https:\/\/alpoma.net\/carto\/?p=114","url_meta":{"origin":268,"position":5},"title":"El ALOS env\u00eda su primera imagen","author":"alpoma","date":"febrero 16, 2006","format":false,"excerpt":"El sat\u00e9lite japon\u00e9s de observaci\u00f3n ALOS ya se encuentra operativo y acaba de enviar a la tierra su primera e impresionante imagen, que ilustra este post. Se trata de una toma del Monte Fuji, de 3776 metros de altitud, la monta\u00f1a m\u00e1s alta de Jap\u00f3n, un volc\u00e1n que entr\u00f3 en\u2026","rel":"","context":"En \u00abTeledetecci\u00f3n\u00bb","block_context":{"text":"Teledetecci\u00f3n","link":"https:\/\/alpoma.net\/carto\/?cat=3"},"img":{"alt_text":"","src":"https:\/\/i0.wp.com\/alpoma.net\/carto\/wp-content\/uploads\/2006\/02\/100483788_df00cd0e9f_o.jpg?resize=350%2C200&ssl=1","width":350,"height":200},"classes":[]}],"jetpack_sharing_enabled":true,"_links":{"self":[{"href":"https:\/\/alpoma.net\/carto\/index.php?rest_route=\/wp\/v2\/posts\/268","targetHints":{"allow":["GET"]}}],"collection":[{"href":"https:\/\/alpoma.net\/carto\/index.php?rest_route=\/wp\/v2\/posts"}],"about":[{"href":"https:\/\/alpoma.net\/carto\/index.php?rest_route=\/wp\/v2\/types\/post"}],"author":[{"embeddable":true,"href":"https:\/\/alpoma.net\/carto\/index.php?rest_route=\/wp\/v2\/users\/1"}],"replies":[{"embeddable":true,"href":"https:\/\/alpoma.net\/carto\/index.php?rest_route=%2Fwp%2Fv2%2Fcomments&post=268"}],"version-history":[{"count":0,"href":"https:\/\/alpoma.net\/carto\/index.php?rest_route=\/wp\/v2\/posts\/268\/revisions"}],"wp:featuredmedia":[{"embeddable":true,"href":"https:\/\/alpoma.net\/carto\/index.php?rest_route=\/wp\/v2\/media\/4432"}],"wp:attachment":[{"href":"https:\/\/alpoma.net\/carto\/index.php?rest_route=%2Fwp%2Fv2%2Fmedia&parent=268"}],"wp:term":[{"taxonomy":"category","embeddable":true,"href":"https:\/\/alpoma.net\/carto\/index.php?rest_route=%2Fwp%2Fv2%2Fcategories&post=268"},{"taxonomy":"post_tag","embeddable":true,"href":"https:\/\/alpoma.net\/carto\/index.php?rest_route=%2Fwp%2Fv2%2Ftags&post=268"}],"curies":[{"name":"wp","href":"https:\/\/api.w.org\/{rel}","templated":true}]}}