{"id":2608,"date":"2011-05-31T16:34:28","date_gmt":"2011-05-31T14:34:28","guid":{"rendered":"http:\/\/alpoma.net\/carto\/?p=2608"},"modified":"2011-05-31T16:34:28","modified_gmt":"2011-05-31T14:34:28","slug":"de-islas-y-ondas-en-las-nubes-ii","status":"publish","type":"post","link":"https:\/\/alpoma.net\/carto\/?p=2608","title":{"rendered":"De islas y ondas en las nubes (II)"},"content":{"rendered":"<p>Ya he tratado <strong><a href=\"http:\/\/alpoma.net\/carto\/?p=1129\">anteriormente<\/a><\/strong> este asunto, pero im\u00e1genes as\u00ed no dejan de sorprenderme. He aqu\u00ed las perturbaciones en forma de ondas que genera la presencia de dos islas en el Pac\u00edfico sur sobre un manto nuboso relativamente uniforme. Se trata de las islas del<strong> <a href=\"http:\/\/es.wikipedia.org\/wiki\/Archipi%C3%A9lago_Juan_Fern%C3%A1ndez\">archipi\u00e9lago Juan Fern\u00e1ndez<\/a><\/strong>, en Chile. M\u00e1s informaci\u00f3n e imagen ampliada en <strong><a href=\"http:\/\/earthobservatory.nasa.gov\/IOTD\/view.php?id=50718&#038;src=eorss-iotd\">NASA Earth Observatory<\/a><\/strong>. <\/p>\n<p><a href=\"http:\/\/www.flickr.com\/photos\/alpoma\/5781684844\/\" title=\"ondas_nubes by alpoma, on Flickr\"><img loading=\"lazy\" decoding=\"async\" src=\"http:\/\/farm3.static.flickr.com\/2117\/5781684844_74a65cfbd0_o.jpg\" width=\"620\" height=\"412\" alt=\"ondas_nubes\" class=\"otros\"\/><\/a><\/p>\n","protected":false},"excerpt":{"rendered":"<div class=\"mh-excerpt\"><p>Ya he tratado anteriormente este asunto, pero im\u00e1genes as\u00ed no dejan de sorprenderme. He aqu\u00ed las perturbaciones en forma de ondas que genera la presencia <a class=\"mh-excerpt-more\" href=\"https:\/\/alpoma.net\/carto\/?p=2608\" title=\"De islas y ondas en las nubes (II)\">[&#8230;]<\/a><\/p>\n<\/div>","protected":false},"author":1,"featured_media":4512,"comment_status":"open","ping_status":"open","sticky":false,"template":"","format":"standard","meta":{"jetpack_post_was_ever_published":false,"_jetpack_newsletter_access":"","_jetpack_dont_email_post_to_subs":false,"_jetpack_newsletter_tier_id":0,"_jetpack_memberships_contains_paywalled_content":false,"_jetpack_memberships_contains_paid_content":false,"footnotes":""},"categories":[7],"tags":[],"class_list":["post-2608","post","type-post","status-publish","format-standard","has-post-thumbnail","hentry","category-geografia"],"jetpack_featured_media_url":"https:\/\/alpoma.net\/carto\/wp-content\/uploads\/2011\/05\/5781684844_74a65cfbd0_o.jpg","jetpack_shortlink":"https:\/\/wp.me\/p93Co9-G4","jetpack-related-posts":[{"id":1129,"url":"https:\/\/alpoma.net\/carto\/?p=1129","url_meta":{"origin":2608,"position":0},"title":"De islas y ondas en las nubes","author":"alpoma","date":"diciembre 2, 2009","format":false,"excerpt":"De igual forma a como un barco va dejando tras de s\u00ed una bella estela de ondas sobre las aguas, puede suceder algo similar con las nubes. Sin ir m\u00e1s lejos, aqu\u00ed tenemos una imagen tomada por el instrumento MODIS a bordo del sat\u00e9lite Terra, de la NASA, captada el\u2026","rel":"","context":"En \u00abGeograf\u00eda\u00bb","block_context":{"text":"Geograf\u00eda","link":"https:\/\/alpoma.net\/carto\/?cat=7"},"img":{"alt_text":"","src":"https:\/\/i0.wp.com\/alpoma.net\/carto\/wp-content\/uploads\/2009\/12\/4152523755_8b81cec3b9_o.jpg?resize=350%2C200&ssl=1","width":350,"height":200,"srcset":"https:\/\/i0.wp.com\/alpoma.net\/carto\/wp-content\/uploads\/2009\/12\/4152523755_8b81cec3b9_o.jpg?resize=350%2C200&ssl=1 1x, https:\/\/i0.wp.com\/alpoma.net\/carto\/wp-content\/uploads\/2009\/12\/4152523755_8b81cec3b9_o.jpg?resize=525%2C300&ssl=1 1.5x"},"classes":[]},{"id":6907,"url":"https:\/\/alpoma.net\/carto\/?p=6907","url_meta":{"origin":2608,"position":1},"title":"Di\u00f3medes, las islas del viaje en el tiempo","author":"alpoma","date":"abril 15, 2018","format":false,"excerpt":"Si hay un lugar en el planeta donde se pueda realizar un viaje en el tiempo sin necesitar m\u00e1quinas extra\u00f1as ni fantas\u00eda, es en estas g\u00e9lidas islas perdidas entre la pen\u00ednsula rusa de Chukotka y Alaska, en los Estados Unidos. Al norte queda el mar de Chukotka, o de Chukchi,\u2026","rel":"","context":"En \u00abGeograf\u00eda\u00bb","block_context":{"text":"Geograf\u00eda","link":"https:\/\/alpoma.net\/carto\/?cat=7"},"img":{"alt_text":"","src":"https:\/\/i0.wp.com\/alpoma.net\/carto\/wp-content\/uploads\/2018\/04\/islas-diomedes-satelite.jpg?resize=350%2C200&ssl=1","width":350,"height":200,"srcset":"https:\/\/i0.wp.com\/alpoma.net\/carto\/wp-content\/uploads\/2018\/04\/islas-diomedes-satelite.jpg?resize=350%2C200&ssl=1 1x, https:\/\/i0.wp.com\/alpoma.net\/carto\/wp-content\/uploads\/2018\/04\/islas-diomedes-satelite.jpg?resize=525%2C300&ssl=1 1.5x, https:\/\/i0.wp.com\/alpoma.net\/carto\/wp-content\/uploads\/2018\/04\/islas-diomedes-satelite.jpg?resize=700%2C400&ssl=1 2x"},"classes":[]},{"id":832,"url":"https:\/\/alpoma.net\/carto\/?p=832","url_meta":{"origin":2608,"position":2},"title":"Erupci\u00f3n del pico Sarychev","author":"alpoma","date":"junio 15, 2009","format":false,"excerpt":"La imagen que ilustra este post corresponde a la espectacular nube (pluma) de vapores y cenizas tomada por el instrumento MODIS a bordo del sat\u00e9lite Terra de la NASA el 14 de junio de 2009, surgida del volc\u00e1n Sarychev, en el extremo oriental de Rusia, Islas Kuriles. En la imagen,\u2026","rel":"","context":"En \u00abGeograf\u00eda\u00bb","block_context":{"text":"Geograf\u00eda","link":"https:\/\/alpoma.net\/carto\/?cat=7"},"img":{"alt_text":"","src":"https:\/\/i0.wp.com\/alpoma.net\/carto\/wp-content\/uploads\/2009\/06\/3629574838_72916e1aa0_o.jpg?resize=350%2C200&ssl=1","width":350,"height":200,"srcset":"https:\/\/i0.wp.com\/alpoma.net\/carto\/wp-content\/uploads\/2009\/06\/3629574838_72916e1aa0_o.jpg?resize=350%2C200&ssl=1 1x, https:\/\/i0.wp.com\/alpoma.net\/carto\/wp-content\/uploads\/2009\/06\/3629574838_72916e1aa0_o.jpg?resize=525%2C300&ssl=1 1.5x"},"classes":[]},{"id":6245,"url":"https:\/\/alpoma.net\/carto\/?p=6245","url_meta":{"origin":2608,"position":3},"title":"Isla triple: Una isla, dentro de una isla, dentro de otra isla&#8230;","author":"alpoma","date":"septiembre 16, 2015","format":false,"excerpt":"No conozco ning\u00fan caso de isla cu\u00e1druple. Triples hay unas cuantas, dobles tenemos un mont\u00f3n. Creo recordar que la primera vez que le\u00ed acerca de islas triples fue en el libro Un mapa en la cabeza, obra de Ken Jennings. Una isla doble vendr\u00eda a ser una isla dentro de\u2026","rel":"","context":"En \u00abMiscel\u00e1nea\u00bb","block_context":{"text":"Miscel\u00e1nea","link":"https:\/\/alpoma.net\/carto\/?cat=1"},"img":{"alt_text":"","src":"https:\/\/i0.wp.com\/alpoma.net\/carto\/wp-content\/uploads\/2015\/09\/islas_triples_en_isla_victoria.jpg?resize=350%2C200&ssl=1","width":350,"height":200,"srcset":"https:\/\/i0.wp.com\/alpoma.net\/carto\/wp-content\/uploads\/2015\/09\/islas_triples_en_isla_victoria.jpg?resize=350%2C200&ssl=1 1x, https:\/\/i0.wp.com\/alpoma.net\/carto\/wp-content\/uploads\/2015\/09\/islas_triples_en_isla_victoria.jpg?resize=525%2C300&ssl=1 1.5x"},"classes":[]},{"id":4036,"url":"https:\/\/alpoma.net\/carto\/?p=4036","url_meta":{"origin":2608,"position":4},"title":"Las islas Koana, una geoficci\u00f3n impresionante","author":"alpoma","date":"agosto 22, 2013","format":false,"excerpt":"Hacia el este de Madagascar, en pleno \u00cdndico, podemos encontrar las bellas islas Koana. Se trata de una rep\u00fablica insular, a medio camino entre \u00c1frica y Australia, al sur de la India, que ocupa una estrat\u00e9gica posici\u00f3n en medio del oc\u00e9ano. En total, el archipi\u00e9lago de las Koana est\u00e1 formado\u2026","rel":"","context":"En \u00abExperimentos\u00bb","block_context":{"text":"Experimentos","link":"https:\/\/alpoma.net\/carto\/?cat=10"},"img":{"alt_text":"","src":"https:\/\/i0.wp.com\/alpoma.net\/carto\/wp-content\/uploads\/2013\/08\/koana_1.jpg?resize=350%2C200&ssl=1","width":350,"height":200,"srcset":"https:\/\/i0.wp.com\/alpoma.net\/carto\/wp-content\/uploads\/2013\/08\/koana_1.jpg?resize=350%2C200&ssl=1 1x, https:\/\/i0.wp.com\/alpoma.net\/carto\/wp-content\/uploads\/2013\/08\/koana_1.jpg?resize=525%2C300&ssl=1 1.5x"},"classes":[]},{"id":2468,"url":"https:\/\/alpoma.net\/carto\/?p=2468","url_meta":{"origin":2608,"position":5},"title":"Atlas clim\u00e1tico ib\u00e9rico (PDF)","author":"alpoma","date":"abril 9, 2011","format":false,"excerpt":"He aqu\u00ed una obra de sumo inter\u00e9s, publicada por la Agencia Estatal de Meteorolog\u00eda de Espa\u00f1a (AEMET) y el Instituto de Meteorologia de Portugal. Disponible en versi\u00f3n PDF online. El atlas clim\u00e1tico constituye un medio de presentar, de forma gr\u00e1fica, una s\u00edntesis de los conocimientos referentes al clima de un\u2026","rel":"","context":"En \u00abGeograf\u00eda\u00bb","block_context":{"text":"Geograf\u00eda","link":"https:\/\/alpoma.net\/carto\/?cat=7"},"img":{"alt_text":"atlas_clnm","src":"https:\/\/i0.wp.com\/farm6.static.flickr.com\/5024\/5603238166_a92d2ca167_m.jpg?resize=350%2C200","width":350,"height":200},"classes":[]}],"jetpack_sharing_enabled":true,"_links":{"self":[{"href":"https:\/\/alpoma.net\/carto\/index.php?rest_route=\/wp\/v2\/posts\/2608","targetHints":{"allow":["GET"]}}],"collection":[{"href":"https:\/\/alpoma.net\/carto\/index.php?rest_route=\/wp\/v2\/posts"}],"about":[{"href":"https:\/\/alpoma.net\/carto\/index.php?rest_route=\/wp\/v2\/types\/post"}],"author":[{"embeddable":true,"href":"https:\/\/alpoma.net\/carto\/index.php?rest_route=\/wp\/v2\/users\/1"}],"replies":[{"embeddable":true,"href":"https:\/\/alpoma.net\/carto\/index.php?rest_route=%2Fwp%2Fv2%2Fcomments&post=2608"}],"version-history":[{"count":0,"href":"https:\/\/alpoma.net\/carto\/index.php?rest_route=\/wp\/v2\/posts\/2608\/revisions"}],"wp:featuredmedia":[{"embeddable":true,"href":"https:\/\/alpoma.net\/carto\/index.php?rest_route=\/wp\/v2\/media\/4512"}],"wp:attachment":[{"href":"https:\/\/alpoma.net\/carto\/index.php?rest_route=%2Fwp%2Fv2%2Fmedia&parent=2608"}],"wp:term":[{"taxonomy":"category","embeddable":true,"href":"https:\/\/alpoma.net\/carto\/index.php?rest_route=%2Fwp%2Fv2%2Fcategories&post=2608"},{"taxonomy":"post_tag","embeddable":true,"href":"https:\/\/alpoma.net\/carto\/index.php?rest_route=%2Fwp%2Fv2%2Ftags&post=2608"}],"curies":[{"name":"wp","href":"https:\/\/api.w.org\/{rel}","templated":true}]}}