{"id":2539,"date":"2011-04-28T13:21:44","date_gmt":"2011-04-28T11:21:44","guid":{"rendered":"http:\/\/alpoma.net\/carto\/?p=2539"},"modified":"2011-04-28T13:21:44","modified_gmt":"2011-04-28T11:21:44","slug":"sistema-de-informacion-geografica-nacional-signa","status":"publish","type":"post","link":"https:\/\/alpoma.net\/carto\/?p=2539","title":{"rendered":"Sistema de Informaci\u00f3n Geogr\u00e1fica Nacional (SIGNA)"},"content":{"rendered":"<p>No creo que pueda hincar el diente a esto al menos hasta mediados de mayo, por falta de tiempo para revisarlo con calma, pero aunque no lo haya probado, no  quiero dejar pasar la oportunidad de comentar su existencia en <em>La Cartoteca<\/em>, porque estoy seguro de que habr\u00e1 muchas personas interesadas en esta herramienta:<\/p>\n<blockquote><p><a href=\"http:\/\/www.flickr.com\/photos\/alpoma\/5664318438\/\" title=\"SIGNA, on Flickr\"><img loading=\"lazy\" decoding=\"async\" src=\"http:\/\/farm6.static.flickr.com\/5309\/5664318438_805434c82a_o.jpg\" width=\"262\" height=\"84\" alt=\"SIGNA\" class=\"dch\"\/><\/a>Ya est\u00e1 disponible la primera versi\u00f3n del geoportal del Sistema de Informaci\u00f3n Geogr\u00e1fica Nacional (SIGNA). Se puede acceder desde la web del IGN <a href=\"http:\/\/www.ign.es\">www.ign.es<\/a> a trav\u00e9s del enlace \u201cconsultar y visualizar\u201d, o bien directamente desde la url: <a href=\"http:\/\/www.ign.es\/signa\/\">http:\/\/www.ign.es\/signa\/<\/a><\/p><\/blockquote>\n<p><strong>M\u00e1s informaci\u00f3n<\/strong>: <a href=\"http:\/\/blog-idee.blogspot.com\/2011\/04\/signa.html\">Blog IDEE<\/a>.<\/p>\n","protected":false},"excerpt":{"rendered":"<div class=\"mh-excerpt\"><p>No creo que pueda hincar el diente a esto al menos hasta mediados de mayo, por falta de tiempo para revisarlo con calma, pero aunque <a class=\"mh-excerpt-more\" href=\"https:\/\/alpoma.net\/carto\/?p=2539\" title=\"Sistema de Informaci\u00f3n Geogr\u00e1fica Nacional (SIGNA)\">[&#8230;]<\/a><\/p>\n<\/div>","protected":false},"author":1,"featured_media":0,"comment_status":"open","ping_status":"open","sticky":false,"template":"","format":"standard","meta":{"jetpack_post_was_ever_published":false,"_jetpack_newsletter_access":"","_jetpack_dont_email_post_to_subs":false,"_jetpack_newsletter_tier_id":0,"_jetpack_memberships_contains_paywalled_content":false,"_jetpack_memberships_contains_paid_content":false,"footnotes":""},"categories":[2],"tags":[],"class_list":["post-2539","post","type-post","status-publish","format-standard","hentry","category-sig"],"jetpack_featured_media_url":"","jetpack_shortlink":"https:\/\/wp.me\/p93Co9-EX","jetpack-related-posts":[{"id":172,"url":"https:\/\/alpoma.net\/carto\/?p=172","url_meta":{"origin":2539,"position":0},"title":"SIGNA","author":"alpoma","date":"abril 19, 2006","format":false,"excerpt":"Entre los diversos servicios que, a trav\u00e9s de su web, presenta el Instituto Geogr\u00e1fico Nacional de Espa\u00f1a, uno de los m\u00e1s atractivos es el interface interactivo de SIGNA: Sistema de Informaci\u00f3n Geogr\u00e1fica Nacional, merece la pena explorarlo. (Tiene algunas \"pegas\", sobre todo si cuentas con una conexi\u00f3n lenta, pero es\u2026","rel":"","context":"En \u00abCartograf\u00eda\u00bb","block_context":{"text":"Cartograf\u00eda","link":"https:\/\/alpoma.net\/carto\/?cat=9"},"img":{"alt_text":"","src":"","width":0,"height":0},"classes":[]},{"id":460,"url":"https:\/\/alpoma.net\/carto\/?p=460","url_meta":{"origin":2539,"position":1},"title":"Plan nacional de referenciaci\u00f3n geogr\u00e1fica municipal","author":"alpoma","date":"enero 30, 2008","format":false,"excerpt":"Siguiendo la estela de la \"placa\" geogr\u00e1fica palentina de ayer, me avisa Rafael L\u00f3pez, a quien agradezco mucho la informaci\u00f3n, sobre el Plan nacional de referenciaci\u00f3n geogr\u00e1fica municipal seg\u00fan el Sistema de Referencia europeo ETRS89 que, al parecer, ha comenzado a aplicarse en Cantabria. Acompa\u00f1a este art\u00edculo un recorte sobre\u2026","rel":"","context":"En \u00abGeograf\u00eda\u00bb","block_context":{"text":"Geograf\u00eda","link":"https:\/\/alpoma.net\/carto\/?cat=7"},"img":{"alt_text":"","src":"https:\/\/i0.wp.com\/alpoma.net\/carto\/wp-content\/uploads\/2008\/01\/2231334664_cae869aa03.jpg?resize=350%2C200&ssl=1","width":350,"height":200},"classes":[]},{"id":429,"url":"https:\/\/alpoma.net\/carto\/?p=429","url_meta":{"origin":2539,"position":2},"title":"MICODATA","author":"alpoma","date":"noviembre 3, 2007","format":false,"excerpt":"Acaba de abrirse en modo Beta, esto es, en pruebas, un proyecto muy atractivo llamado MICODATA, dedicado al estudio del aprovechamiento sostenible de los hongos comestibles en Castilla y Le\u00f3n. El proyecto, digido por el Centro de Investigaci\u00f3n Forestal Valonsadero y Cesefor de la Junta de Castilla y Le\u00f3n cuenta\u2026","rel":"","context":"En \u00abEn l\u00ednea\u00bb","block_context":{"text":"En l\u00ednea","link":"https:\/\/alpoma.net\/carto\/?cat=5"},"img":{"alt_text":"","src":"","width":0,"height":0},"classes":[]},{"id":515,"url":"https:\/\/alpoma.net\/carto\/?p=515","url_meta":{"origin":2539,"position":3},"title":"Sobre la liberaci\u00f3n de datos geogr\u00e1ficos en Espa\u00f1a","author":"alpoma","date":"abril 11, 2008","format":false,"excerpt":"Hace unas horas, Amio Cajander me ha recordado algo que tengo en espera desde ayer, aunque con la falta de tiempo de los \u00faltimos d\u00edas, se me hab\u00eda olvidado. Se trata de la publicacion en el BOE (85 de 8\/4\/2008) de la ORDEN FOM\/956\/2008, de 31 de marzo, por la\u2026","rel":"","context":"En \u00abCartograf\u00eda\u00bb","block_context":{"text":"Cartograf\u00eda","link":"https:\/\/alpoma.net\/carto\/?cat=9"},"img":{"alt_text":"","src":"","width":0,"height":0},"classes":[]},{"id":2587,"url":"https:\/\/alpoma.net\/carto\/?p=2587","url_meta":{"origin":2539,"position":4},"title":"Nuevos cursos e-learning, DMS Group","author":"alpoma","date":"mayo 24, 2011","format":false,"excerpt":"Me hago eco de una nueva oferta formativa realmente interesante: DMS Group, empresa especializada en Infraestructuras de Datos Espaciales y Sistemas de Informaci\u00f3n Geogr\u00e1fica, lanza nuevos cursos de formaci\u00f3n e-learning. Nuestros a\u00f1os de experiencia y los trabajos realizados con el Instituto Geogr\u00e1fico Nacional, Instituto Geol\u00f3gico y Minero de Espa\u00f1a, Ministerio\u2026","rel":"","context":"En \u00abEn l\u00ednea\u00bb","block_context":{"text":"En l\u00ednea","link":"https:\/\/alpoma.net\/carto\/?cat=5"},"img":{"alt_text":"","src":"https:\/\/i0.wp.com\/alpoma.net\/carto\/wp-content\/uploads\/2011\/05\/5755335058_057b3f7683_o.jpg?resize=350%2C200&ssl=1","width":350,"height":200,"srcset":"https:\/\/i0.wp.com\/alpoma.net\/carto\/wp-content\/uploads\/2011\/05\/5755335058_057b3f7683_o.jpg?resize=350%2C200&ssl=1 1x, https:\/\/i0.wp.com\/alpoma.net\/carto\/wp-content\/uploads\/2011\/05\/5755335058_057b3f7683_o.jpg?resize=525%2C300&ssl=1 1.5x"},"classes":[]},{"id":589,"url":"https:\/\/alpoma.net\/carto\/?p=589","url_meta":{"origin":2539,"position":5},"title":"SIGPesca","author":"alpoma","date":"julio 22, 2008","format":false,"excerpt":"El blog de la IDEE informa hoy sobre SIGPesca, una iniciativa de la Direcci\u00f3n General de Pesca y Acci\u00f3n Mar\u00edtima de la Generalitat de Catalu\u00f1a. A trav\u00e9s de este geoportal se pueden consultar diversas capas de informaci\u00f3n geogr\u00e1fica relacionadas con el litoral catal\u00e1n, de utilidad en diversos \u00e1mbitos, como la\u2026","rel":"","context":"En \u00abEn l\u00ednea\u00bb","block_context":{"text":"En l\u00ednea","link":"https:\/\/alpoma.net\/carto\/?cat=5"},"img":{"alt_text":"","src":"https:\/\/i0.wp.com\/alpoma.net\/carto\/wp-content\/uploads\/2008\/07\/2692737733_636086e93f_o.jpg?resize=350%2C200&ssl=1","width":350,"height":200,"srcset":"https:\/\/i0.wp.com\/alpoma.net\/carto\/wp-content\/uploads\/2008\/07\/2692737733_636086e93f_o.jpg?resize=350%2C200&ssl=1 1x, https:\/\/i0.wp.com\/alpoma.net\/carto\/wp-content\/uploads\/2008\/07\/2692737733_636086e93f_o.jpg?resize=525%2C300&ssl=1 1.5x"},"classes":[]}],"jetpack_sharing_enabled":true,"_links":{"self":[{"href":"https:\/\/alpoma.net\/carto\/index.php?rest_route=\/wp\/v2\/posts\/2539","targetHints":{"allow":["GET"]}}],"collection":[{"href":"https:\/\/alpoma.net\/carto\/index.php?rest_route=\/wp\/v2\/posts"}],"about":[{"href":"https:\/\/alpoma.net\/carto\/index.php?rest_route=\/wp\/v2\/types\/post"}],"author":[{"embeddable":true,"href":"https:\/\/alpoma.net\/carto\/index.php?rest_route=\/wp\/v2\/users\/1"}],"replies":[{"embeddable":true,"href":"https:\/\/alpoma.net\/carto\/index.php?rest_route=%2Fwp%2Fv2%2Fcomments&post=2539"}],"version-history":[{"count":0,"href":"https:\/\/alpoma.net\/carto\/index.php?rest_route=\/wp\/v2\/posts\/2539\/revisions"}],"wp:attachment":[{"href":"https:\/\/alpoma.net\/carto\/index.php?rest_route=%2Fwp%2Fv2%2Fmedia&parent=2539"}],"wp:term":[{"taxonomy":"category","embeddable":true,"href":"https:\/\/alpoma.net\/carto\/index.php?rest_route=%2Fwp%2Fv2%2Fcategories&post=2539"},{"taxonomy":"post_tag","embeddable":true,"href":"https:\/\/alpoma.net\/carto\/index.php?rest_route=%2Fwp%2Fv2%2Ftags&post=2539"}],"curies":[{"name":"wp","href":"https:\/\/api.w.org\/{rel}","templated":true}]}}