{"id":2468,"date":"2011-04-09T16:08:49","date_gmt":"2011-04-09T14:08:49","guid":{"rendered":"http:\/\/alpoma.net\/carto\/?p=2468"},"modified":"2011-04-09T16:08:49","modified_gmt":"2011-04-09T14:08:49","slug":"atlas-climatico-iberico-pdf","status":"publish","type":"post","link":"https:\/\/alpoma.net\/carto\/?p=2468","title":{"rendered":"Atlas clim\u00e1tico ib\u00e9rico (PDF)"},"content":{"rendered":"<p><a href=\"http:\/\/www.flickr.com\/photos\/alpoma\/5603238166\/\" title=\"atlas_clnm by alpoma, on Flickr\"><img loading=\"lazy\" decoding=\"async\" src=\"http:\/\/farm6.static.flickr.com\/5024\/5603238166_a92d2ca167_m.jpg\" width=\"182\" height=\"240\" alt=\"atlas_clnm\" class=\"dch\"\/><\/a>He aqu\u00ed una obra de sumo inter\u00e9s, publicada por la <a href=\"http:\/\/www.aemet.es\/es\/divulgacion\/publicaciones\/detalles\/Atlas-climatologico\">Agencia Estatal de Meteorolog\u00eda de Espa\u00f1a<\/a> (AEMET) y el Instituto de Meteorologia de Portugal. <strong><a href=\"http:\/\/www.aemet.es\/documentos\/es\/divulgacion\/publicaciones\/Atlas-climatologico\/Atlas.pdf\">Disponible en versi\u00f3n PDF online<\/a><\/strong>.<\/p>\n<blockquote><p>El atlas clim\u00e1tico constituye un medio de presentar, de forma gr\u00e1fica, una s\u00edntesis de los conocimientos referentes al clima de un pa\u00eds o de una regi\u00f3n, que se destina a un gran abanico de usuarios. El presente Atlas Clim\u00e1tico pretende describir las principales caracter\u00edsticas climatol\u00f3gicas de la Pen\u00ednsula Ib\u00e9rica donde se incluyen las Islas Baleares, conforme a lo acordado entre los Servicios Meteorol\u00f3gicos de Portugal (IM, I.P.) y de Espa\u00f1a (AEMET). Por criterios de continuidad geogr\u00e1fica y clim\u00e1tica, en esta edici\u00f3n no se incluyen las Islas de Macaronesia (Archipi\u00e9lagos de Madeira, Azores y Canarias).<\/p>\n<p>La informaci\u00f3n b\u00e1sica utilizada en la elaboraci\u00f3n del Atlas ha sido la de las normales climatol\u00f3gicas (valores medios) correspondientes al per\u00edodo 1971-2000. Los elementos clim\u00e1ticos que constan en este volumen son la Temperatura del Aire y la Precipitaci\u00f3n, tomando como base los datos de observaci\u00f3n de estaciones meteorol\u00f3gicas y pluviom\u00e9tricas de las redes nacionales de Portugal Continental y Espa\u00f1a (Continental e Islas Baleares).<\/p><\/blockquote>\n<p><strong>Fuente<\/strong>: <a href=\"http:\/\/www.meteored.com\/ram\/14519\/atlas-climatico-iberico-disponible-en-pdf\/\">RAM<\/a>. <\/p>\n","protected":false},"excerpt":{"rendered":"<div class=\"mh-excerpt\"><p>He aqu\u00ed una obra de sumo inter\u00e9s, publicada por la Agencia Estatal de Meteorolog\u00eda de Espa\u00f1a (AEMET) y el Instituto de Meteorologia de Portugal. Disponible <a class=\"mh-excerpt-more\" href=\"https:\/\/alpoma.net\/carto\/?p=2468\" title=\"Atlas clim\u00e1tico ib\u00e9rico (PDF)\">[&#8230;]<\/a><\/p>\n<\/div>","protected":false},"author":1,"featured_media":4537,"comment_status":"open","ping_status":"open","sticky":false,"template":"","format":"standard","meta":{"jetpack_post_was_ever_published":false,"_jetpack_newsletter_access":"","_jetpack_dont_email_post_to_subs":false,"_jetpack_newsletter_tier_id":0,"_jetpack_memberships_contains_paywalled_content":false,"_jetpack_memberships_contains_paid_content":false,"footnotes":""},"categories":[7],"tags":[],"class_list":["post-2468","post","type-post","status-publish","format-standard","has-post-thumbnail","hentry","category-geografia"],"jetpack_featured_media_url":"https:\/\/alpoma.net\/carto\/wp-content\/uploads\/2011\/04\/5603238166_a92d2ca167_m.jpg","jetpack_shortlink":"https:\/\/wp.me\/p93Co9-DO","jetpack-related-posts":[{"id":41,"url":"https:\/\/alpoma.net\/carto\/?p=41","url_meta":{"origin":2468,"position":0},"title":"Atlas Clim\u00e1tico de la Pen\u00ednsula Ib\u00e9rica","author":"alpoma","date":"diciembre 5, 2005","format":false,"excerpt":"Sin duda, se trata de una magn\u00edfica noticia. Ya est\u00e1 disponible en l\u00ednea el Atlas Clim\u00e1tico de la Pen\u00ednsula Ib\u00e9rica, creado a partir de datos de m\u00e1s de 2.000 estaciones meteorol\u00f3gicas y con series desde los a\u00f1os cincuenta. Cuenta con una resoluci\u00f3n espacial de 200 metros y se puede consultar\u2026","rel":"","context":"En \u00abCartograf\u00eda\u00bb","block_context":{"text":"Cartograf\u00eda","link":"https:\/\/alpoma.net\/carto\/?cat=9"},"img":{"alt_text":"","src":"","width":0,"height":0},"classes":[]},{"id":577,"url":"https:\/\/alpoma.net\/carto\/?p=577","url_meta":{"origin":2468,"position":1},"title":"Un trabajo impresionante: Im\u00e1genes de un Imperio Perdido. El Atlas del Marqu\u00e9s de Heliche","author":"alpoma","date":"julio 9, 2008","format":false,"excerpt":"Si, a la hora de referirme a La Memoria Ausente, Cartograf\u00eda de Espa\u00f1a y Portugal en el Archivo Militar de Estocolmo, siglos XVII y XVIII, obra que Editorial 4 Gatos ha dedidido poner a disposici\u00f3n de todo el p\u00fablico interesado en la cartograf\u00eda a trav\u00e9s de Internet, afirm\u00e9 que me\u2026","rel":"","context":"En \u00abViejos mapas\u00bb","block_context":{"text":"Viejos mapas","link":"https:\/\/alpoma.net\/carto\/?cat=4"},"img":{"alt_text":"","src":"https:\/\/i0.wp.com\/alpoma.net\/carto\/wp-content\/uploads\/2008\/07\/2652470493_f399c80c19_o.jpg?resize=350%2C200&ssl=1","width":350,"height":200},"classes":[]},{"id":679,"url":"https:\/\/alpoma.net\/carto\/?p=679","url_meta":{"origin":2468,"position":2},"title":"El Atlas del Ciberespacio disponible para descarga","author":"alpoma","date":"octubre 23, 2008","format":false,"excerpt":"\u00a1Gran noticia! El que fuera uno de los primeros experimentos en Internet sobre cartograf\u00eda de redes y que, desde que apareci\u00f3 en 2001, se ha convertido en una aut\u00e9ntica leyenda para los fan\u00e1ticos de la cartograf\u00eda, aparece ahora en versi\u00f3n descargable en PDF, bajo una licencia Creative Commons. Se trata\u2026","rel":"","context":"En \u00abCartograf\u00eda\u00bb","block_context":{"text":"Cartograf\u00eda","link":"https:\/\/alpoma.net\/carto\/?cat=9"},"img":{"alt_text":"","src":"https:\/\/i0.wp.com\/alpoma.net\/carto\/wp-content\/uploads\/2008\/10\/2967169298_32e38114cf_o.jpg?resize=350%2C200&ssl=1","width":350,"height":200},"classes":[]},{"id":1314,"url":"https:\/\/alpoma.net\/carto\/?p=1314","url_meta":{"origin":2468,"position":3},"title":"The California Water Atlas, una joya de la cartograf\u00eda actual","author":"alpoma","date":"febrero 4, 2010","format":false,"excerpt":"Es un placer recorrer las p\u00e1ginas de este atlas de 1979 que, tal y como he escrito en el t\u00edtulo, es sin duda una aut\u00e9ntica joya de la cartograf\u00eda de las \u00faltimas d\u00e9cadas. Invito a repasarlo con calma, en PDF o en versi\u00f3n online, es una maravilla. | V\u00eda David\u2026","rel":"","context":"En \u00abCartograf\u00eda\u00bb","block_context":{"text":"Cartograf\u00eda","link":"https:\/\/alpoma.net\/carto\/?cat=9"},"img":{"alt_text":"","src":"","width":0,"height":0},"classes":[]},{"id":224,"url":"https:\/\/alpoma.net\/carto\/?p=224","url_meta":{"origin":2468,"position":4},"title":"Atlas del c\u00e1ncer y el tabaco","author":"alpoma","date":"julio 11, 2006","format":false,"excerpt":"La American Cancer Society acaba de publicar dos interesantes estudios, uno sobre el tabaco y otro sobre el c\u00e1ncer, que han tomado forma cartogr\u00e1fica a trav\u00e9s de sendos atlas. Las dos publicaciones pueden obtenerse en papel, por medio de la correspondiente compra, o ser consultadas en l\u00ednea a trav\u00e9s de\u2026","rel":"","context":"En \u00abMiscel\u00e1nea\u00bb","block_context":{"text":"Miscel\u00e1nea","link":"https:\/\/alpoma.net\/carto\/?cat=1"},"img":{"alt_text":"","src":"","width":0,"height":0},"classes":[]},{"id":751,"url":"https:\/\/alpoma.net\/carto\/?p=751","url_meta":{"origin":2468,"position":5},"title":"Mapas interactivos de contaminaci\u00f3n lum\u00ednica","author":"alpoma","date":"enero 17, 2009","format":false,"excerpt":"Cuando uno lleva a\u00f1os siendo un verdadero fan\u00e1tico de la astronom\u00eda, pocas cosas habr\u00e1 que fastidien m\u00e1s que la contaminaci\u00f3n lum\u00ednica de las ciudades, que obliga a ir lejor, a veces a bastante distancia de donde se est\u00e9 en ese momento, para gozar de cielos limpios y con calidad suficiente\u2026","rel":"","context":"En \u00abCartograf\u00eda\u00bb","block_context":{"text":"Cartograf\u00eda","link":"https:\/\/alpoma.net\/carto\/?cat=9"},"img":{"alt_text":"","src":"https:\/\/i0.wp.com\/alpoma.net\/carto\/wp-content\/uploads\/2009\/01\/3203744088_1d4fdc8bc7_o.jpg?resize=350%2C200&ssl=1","width":350,"height":200,"srcset":"https:\/\/i0.wp.com\/alpoma.net\/carto\/wp-content\/uploads\/2009\/01\/3203744088_1d4fdc8bc7_o.jpg?resize=350%2C200&ssl=1 1x, https:\/\/i0.wp.com\/alpoma.net\/carto\/wp-content\/uploads\/2009\/01\/3203744088_1d4fdc8bc7_o.jpg?resize=525%2C300&ssl=1 1.5x"},"classes":[]}],"jetpack_sharing_enabled":true,"_links":{"self":[{"href":"https:\/\/alpoma.net\/carto\/index.php?rest_route=\/wp\/v2\/posts\/2468","targetHints":{"allow":["GET"]}}],"collection":[{"href":"https:\/\/alpoma.net\/carto\/index.php?rest_route=\/wp\/v2\/posts"}],"about":[{"href":"https:\/\/alpoma.net\/carto\/index.php?rest_route=\/wp\/v2\/types\/post"}],"author":[{"embeddable":true,"href":"https:\/\/alpoma.net\/carto\/index.php?rest_route=\/wp\/v2\/users\/1"}],"replies":[{"embeddable":true,"href":"https:\/\/alpoma.net\/carto\/index.php?rest_route=%2Fwp%2Fv2%2Fcomments&post=2468"}],"version-history":[{"count":0,"href":"https:\/\/alpoma.net\/carto\/index.php?rest_route=\/wp\/v2\/posts\/2468\/revisions"}],"wp:featuredmedia":[{"embeddable":true,"href":"https:\/\/alpoma.net\/carto\/index.php?rest_route=\/wp\/v2\/media\/4537"}],"wp:attachment":[{"href":"https:\/\/alpoma.net\/carto\/index.php?rest_route=%2Fwp%2Fv2%2Fmedia&parent=2468"}],"wp:term":[{"taxonomy":"category","embeddable":true,"href":"https:\/\/alpoma.net\/carto\/index.php?rest_route=%2Fwp%2Fv2%2Fcategories&post=2468"},{"taxonomy":"post_tag","embeddable":true,"href":"https:\/\/alpoma.net\/carto\/index.php?rest_route=%2Fwp%2Fv2%2Ftags&post=2468"}],"curies":[{"name":"wp","href":"https:\/\/api.w.org\/{rel}","templated":true}]}}