{"id":2462,"date":"2011-04-07T18:00:36","date_gmt":"2011-04-07T16:00:36","guid":{"rendered":"http:\/\/alpoma.net\/carto\/?p=2462"},"modified":"2011-04-07T18:00:36","modified_gmt":"2011-04-07T16:00:36","slug":"nube-de-polvo-sahariano-sobre-el-atlantico","status":"publish","type":"post","link":"https:\/\/alpoma.net\/carto\/?p=2462","title":{"rendered":"Nube de polvo sahariano sobre el Atl\u00e1ntico"},"content":{"rendered":"<p>Esta imagen, tomada por el instrumento <strong>MODIS<\/strong> a bordo del sat\u00e9lite Terra de la NASA, muestra claramente una <strong>gran nube de polvo de origen sahariano sobre el Oc\u00e9ano Atl\u00e1ntico<\/strong>, frente a las costas portuguesas. <\/p>\n<p><a href=\"http:\/\/www.flickr.com\/photos\/alpoma\/5598218764\/\" title=\"portugal_nube by alpoma, on Flickr\"><img loading=\"lazy\" decoding=\"async\" src=\"http:\/\/farm6.static.flickr.com\/5145\/5598218764_cc00797b90_o.jpg\" width=\"620\" height=\"620\" alt=\"portugal_nube\"\/><\/a><\/p>\n<p>Este polvo, al margen de lo molesto que pueda ser en ciertas ocasiones, juega un papel importante en algunos procesos biol\u00f3gicos y f\u00edsicos en la Tierra. Por ejemplo, al ser el polvo <strong>uno de los aerosoles m\u00e1s abundante en la atm\u00f3sfera<\/strong>, se convierte en elemento indispensable (a modo de \u00absemilla\u00bb, o n\u00facleos de coalescencia) en la <strong>formaci\u00f3n de nubes<\/strong>. El polvo tambi\u00e9n interviene en <strong>procesos que reflejan luz solar al espacio<\/strong>, con lo que pueden influir en las temperaturas y, adem\u00e1s, las part\u00edculas de mineral de hierro que contiene en ocasiones, sirven para \u00abfertilizar\u00bb las aguas oce\u00e1nicas, algo de <strong>gran importancia para que se desarrolle el fitoplancton<\/strong>. En la imagen se muestra una gran concentraci\u00f3n de fitoplancton en las aguas del oc\u00e9ano, aunque en este caso no hay relaci\u00f3n directa con la nube y el crecimiento de esos organismos.<\/p>\n<p><strong>Fuente y m\u00e1s informaci\u00f3n<\/strong>: <a href=\"http:\/\/earthobservatory.nasa.gov\/IOTD\/view.php?id=49987&#038;src=eorss-iotd\">NASA-EO Saharan Dust off Portugal<\/a><\/p>\n","protected":false},"excerpt":{"rendered":"<div class=\"mh-excerpt\"><p>Esta imagen, tomada por el instrumento MODIS a bordo del sat\u00e9lite Terra de la NASA, muestra claramente una gran nube de polvo de origen sahariano <a class=\"mh-excerpt-more\" href=\"https:\/\/alpoma.net\/carto\/?p=2462\" title=\"Nube de polvo sahariano sobre el Atl\u00e1ntico\">[&#8230;]<\/a><\/p>\n<\/div>","protected":false},"author":1,"featured_media":5090,"comment_status":"open","ping_status":"open","sticky":false,"template":"","format":"standard","meta":{"jetpack_post_was_ever_published":false,"_jetpack_newsletter_access":"","_jetpack_dont_email_post_to_subs":false,"_jetpack_newsletter_tier_id":0,"_jetpack_memberships_contains_paywalled_content":false,"_jetpack_memberships_contains_paid_content":false,"footnotes":""},"categories":[3],"tags":[],"class_list":["post-2462","post","type-post","status-publish","format-standard","has-post-thumbnail","hentry","category-teledeteccion"],"jetpack_featured_media_url":"https:\/\/alpoma.net\/carto\/wp-content\/uploads\/2011\/04\/5598218764_cc00797b90_o.jpg","jetpack_shortlink":"https:\/\/wp.me\/p93Co9-DI","jetpack-related-posts":[{"id":28,"url":"https:\/\/alpoma.net\/carto\/?p=28","url_meta":{"origin":2462,"position":0},"title":"Tormenta de polvo y humo sobre el Mar Amarillo","author":"alpoma","date":"noviembre 8, 2005","format":false,"excerpt":"En esta imagen del espectroradi\u00f3metro MODIS a bordo del sat\u00e9lite Aqua, muestra una gran tormenta de polvo y humo, toda una \"ensalada\" formada por la gran cantidad de humos producidos por las industrias chinas acompa\u00f1ados de arena en suspensi\u00f3n de los desiertos de Mongolia. | M\u00e1s info en EO Natural\u2026","rel":"","context":"En \u00abGeograf\u00eda\u00bb","block_context":{"text":"Geograf\u00eda","link":"https:\/\/alpoma.net\/carto\/?cat=7"},"img":{"alt_text":"","src":"https:\/\/i0.wp.com\/alpoma.net\/carto\/wp-content\/uploads\/2005\/11\/61369887_eb4452c551_o.jpg?resize=350%2C200&ssl=1","width":350,"height":200,"srcset":"https:\/\/i0.wp.com\/alpoma.net\/carto\/wp-content\/uploads\/2005\/11\/61369887_eb4452c551_o.jpg?resize=350%2C200&ssl=1 1x, https:\/\/i0.wp.com\/alpoma.net\/carto\/wp-content\/uploads\/2005\/11\/61369887_eb4452c551_o.jpg?resize=525%2C300&ssl=1 1.5x"},"classes":[]},{"id":336,"url":"https:\/\/alpoma.net\/carto\/?p=336","url_meta":{"origin":2462,"position":1},"title":"Nubes de polvo","author":"alpoma","date":"mayo 9, 2007","format":false,"excerpt":"Gracias al espectroradi\u00f3metro MODIS a bordo del sat\u00e9lite Aqua de la NASA, podemos disfrutar de tomas impresionantes. En la primera, realizada sobre Asia central el 7 de Mayo de 2007, se puede observar una tormenta masiva de polvo en suspensi\u00f3n con direcci\u00f3n este partiendo del \u00e1rea que rodea al Mar\u2026","rel":"","context":"En \u00abGeograf\u00eda\u00bb","block_context":{"text":"Geograf\u00eda","link":"https:\/\/alpoma.net\/carto\/?cat=7"},"img":{"alt_text":"","src":"https:\/\/i0.wp.com\/alpoma.net\/carto\/wp-content\/uploads\/2007\/05\/490415718_c142d3ec6c_o.jpg?resize=350%2C200&ssl=1","width":350,"height":200,"srcset":"https:\/\/i0.wp.com\/alpoma.net\/carto\/wp-content\/uploads\/2007\/05\/490415718_c142d3ec6c_o.jpg?resize=350%2C200&ssl=1 1x, https:\/\/i0.wp.com\/alpoma.net\/carto\/wp-content\/uploads\/2007\/05\/490415718_c142d3ec6c_o.jpg?resize=525%2C300&ssl=1 1.5x"},"classes":[]},{"id":6739,"url":"https:\/\/alpoma.net\/carto\/?p=6739","url_meta":{"origin":2462,"position":2},"title":"Y el pa\u00eds m\u00e1s olvidado en los mapas es&#8230; Nueva Zelanda","author":"alpoma","date":"noviembre 18, 2017","format":false,"excerpt":"El lunes pasado me llam\u00f3 la atenci\u00f3n un gran mapa mural del mundo que decoraba la parte dedicada a viajes en un centro comercial. No quedaba nada mal, el mapa era bastante bueno, con cierto detalle y buen gusto en las tipograf\u00edas y los colores empleados. Sin embargo, como en\u2026","rel":"","context":"En \u00abCartograf\u00eda\u00bb","block_context":{"text":"Cartograf\u00eda","link":"https:\/\/alpoma.net\/carto\/?cat=9"},"img":{"alt_text":"","src":"https:\/\/i0.wp.com\/alpoma.net\/carto\/wp-content\/uploads\/2017\/11\/nzn.jpg?resize=350%2C200&ssl=1","width":350,"height":200},"classes":[]},{"id":7368,"url":"https:\/\/alpoma.net\/carto\/?p=7368","url_meta":{"origin":2462,"position":3},"title":"La teor\u00eda de la Tierra en expansi\u00f3n (1963)","author":"alpoma","date":"abril 12, 2019","format":false,"excerpt":"En mi creciente colecci\u00f3n de Atlas impresos hay algunos que, para m\u00ed, tienen un significado especial. Adem\u00e1s de los del siglo XIX, que son una delicia, hay algunos de mediados del siglo XX que son toda una joya del dise\u00f1o. Entre esos, mi favorito es el gigantesco volumen del \"Atlas\u2026","rel":"","context":"En \u00abViejos mapas\u00bb","block_context":{"text":"Viejos mapas","link":"https:\/\/alpoma.net\/carto\/?cat=4"},"img":{"alt_text":"","src":"https:\/\/i0.wp.com\/alpoma.net\/carto\/wp-content\/uploads\/2019\/04\/expansion-tierra.jpg?resize=350%2C200&ssl=1","width":350,"height":200},"classes":[]},{"id":454,"url":"https:\/\/alpoma.net\/carto\/?p=454","url_meta":{"origin":2462,"position":4},"title":"Mapas de tiza","author":"alpoma","date":"enero 15, 2008","format":false,"excerpt":"Por alguna ignota raz\u00f3n, aunque no tengo ni idea de cual, hoy me he acordado de alguno de los primeros mapas que dibuj\u00e9. All\u00e1, a mediados de los ochenta y con poco m\u00e1s de seis a\u00f1os, recuerdo que ten\u00eda la extra\u00f1a man\u00eda de calcar con papel cebolla y un bol\u00edgrafo\u2026","rel":"","context":"En \u00abMiscel\u00e1nea\u00bb","block_context":{"text":"Miscel\u00e1nea","link":"https:\/\/alpoma.net\/carto\/?cat=1"},"img":{"alt_text":"","src":"","width":0,"height":0},"classes":[]},{"id":311,"url":"https:\/\/alpoma.net\/carto\/?p=311","url_meta":{"origin":2462,"position":5},"title":"Orogenia marciana","author":"alpoma","date":"marzo 17, 2007","format":false,"excerpt":"La Mars Society de Espa\u00f1a acaba de presentar un documento firmado por el ge\u00f3logo Francisco Anguita Virella (UCM) y su equipo de investigadores, en el que se analizan varias estructuras tect\u00f3nicas de la meseta de Thaumasia, el Daedalia Planum y la Aonia Terra, que parecen presentar una evoluci\u00f3n tect\u00f3nica muy\u2026","rel":"","context":"En \u00abGeograf\u00eda\u00bb","block_context":{"text":"Geograf\u00eda","link":"https:\/\/alpoma.net\/carto\/?cat=7"},"img":{"alt_text":"","src":"","width":0,"height":0},"classes":[]}],"jetpack_sharing_enabled":true,"_links":{"self":[{"href":"https:\/\/alpoma.net\/carto\/index.php?rest_route=\/wp\/v2\/posts\/2462","targetHints":{"allow":["GET"]}}],"collection":[{"href":"https:\/\/alpoma.net\/carto\/index.php?rest_route=\/wp\/v2\/posts"}],"about":[{"href":"https:\/\/alpoma.net\/carto\/index.php?rest_route=\/wp\/v2\/types\/post"}],"author":[{"embeddable":true,"href":"https:\/\/alpoma.net\/carto\/index.php?rest_route=\/wp\/v2\/users\/1"}],"replies":[{"embeddable":true,"href":"https:\/\/alpoma.net\/carto\/index.php?rest_route=%2Fwp%2Fv2%2Fcomments&post=2462"}],"version-history":[{"count":0,"href":"https:\/\/alpoma.net\/carto\/index.php?rest_route=\/wp\/v2\/posts\/2462\/revisions"}],"wp:featuredmedia":[{"embeddable":true,"href":"https:\/\/alpoma.net\/carto\/index.php?rest_route=\/wp\/v2\/media\/5090"}],"wp:attachment":[{"href":"https:\/\/alpoma.net\/carto\/index.php?rest_route=%2Fwp%2Fv2%2Fmedia&parent=2462"}],"wp:term":[{"taxonomy":"category","embeddable":true,"href":"https:\/\/alpoma.net\/carto\/index.php?rest_route=%2Fwp%2Fv2%2Fcategories&post=2462"},{"taxonomy":"post_tag","embeddable":true,"href":"https:\/\/alpoma.net\/carto\/index.php?rest_route=%2Fwp%2Fv2%2Ftags&post=2462"}],"curies":[{"name":"wp","href":"https:\/\/api.w.org\/{rel}","templated":true}]}}