{"id":235,"date":"2006-08-05T00:23:23","date_gmt":"2006-08-04T22:23:23","guid":{"rendered":"http:\/\/alpoma.net\/carto\/?p=235"},"modified":"2006-08-05T00:24:15","modified_gmt":"2006-08-04T22:24:15","slug":"beirut-julio-2006","status":"publish","type":"post","link":"https:\/\/alpoma.net\/carto\/?p=235","title":{"rendered":"Beirut, Julio 2006"},"content":{"rendered":"<p>El poder de la fotograf\u00eda a\u00e9rea y, en general, de la tecnolog\u00eda de percepci\u00f3n remota, se muestra en toda su amplitud en multitud de casos, pero en ning\u00fan sitio como ante desastres naturales o da\u00f1os de guerra. He aqu\u00ed el antes y el despu\u00e9s en el sur de Beirut, L\u00edbano. La toma superior corresponde al d\u00eda 12 de Julio, la de abajo, tras los ataques a\u00e9reos, es del d\u00eda 31.<\/p>\n<p><a href=\"http:\/\/www.flickr.com\/photos\/alpoma\/206782951\/\" title=\"Photo Sharing\"><img loading=\"lazy\" decoding=\"async\" src=\"http:\/\/static.flickr.com\/97\/206782951_7a92898217_o.jpg\" width=\"621\" height=\"1034\" alt=\"Beirut - July06\" \/><\/a><\/p>\n<p><strong>Fuente<\/strong>: <a href=\"http:\/\/graphics.nytimes.com\/packages\/html\/world\/20060804_MIDEAST_GRAPHIC\/index.html\">The New York Times<\/a> \/ GeoEye.<\/p>\n","protected":false},"excerpt":{"rendered":"<div class=\"mh-excerpt\"><p>El poder de la fotograf\u00eda a\u00e9rea y, en general, de la tecnolog\u00eda de percepci\u00f3n remota, se muestra en toda su amplitud en multitud de casos, <a class=\"mh-excerpt-more\" href=\"https:\/\/alpoma.net\/carto\/?p=235\" title=\"Beirut, Julio 2006\">[&#8230;]<\/a><\/p>\n<\/div>","protected":false},"author":1,"featured_media":4528,"comment_status":"open","ping_status":"open","sticky":false,"template":"","format":"standard","meta":{"jetpack_post_was_ever_published":false,"_jetpack_newsletter_access":"","_jetpack_dont_email_post_to_subs":false,"_jetpack_newsletter_tier_id":0,"_jetpack_memberships_contains_paywalled_content":false,"_jetpack_memberships_contains_paid_content":false,"footnotes":""},"categories":[7,3],"tags":[],"class_list":["post-235","post","type-post","status-publish","format-standard","has-post-thumbnail","hentry","category-geografia","category-teledeteccion"],"jetpack_featured_media_url":"https:\/\/alpoma.net\/carto\/wp-content\/uploads\/2006\/08\/206782951_7a92898217_o.jpg","jetpack_shortlink":"https:\/\/wp.me\/p93Co9-3N","jetpack-related-posts":[{"id":471,"url":"https:\/\/alpoma.net\/carto\/?p=471","url_meta":{"origin":235,"position":0},"title":"Noticias sobre un mapa","author":"alpoma","date":"febrero 14, 2008","format":false,"excerpt":"A diario se publican miles de noticias en peri\u00f3dicos, agencias informativas u otros medios de comunicaci\u00f3n. La idea de mostrar sobre un mapa noticias de cualquier \u00e1rea geogr\u00e1fica es apasionante, pero todav\u00eda no ha encontrado un gran desarrollo en forma de productos o programas. Hace tiempo que vengo siguiendo un\u2026","rel":"","context":"En \u00abCartograf\u00eda\u00bb","block_context":{"text":"Cartograf\u00eda","link":"https:\/\/alpoma.net\/carto\/?cat=9"},"img":{"alt_text":"","src":"https:\/\/i0.wp.com\/alpoma.net\/carto\/wp-content\/uploads\/2008\/02\/2265822816_2a000b5731_o.png?resize=350%2C200&ssl=1","width":350,"height":200,"srcset":"https:\/\/i0.wp.com\/alpoma.net\/carto\/wp-content\/uploads\/2008\/02\/2265822816_2a000b5731_o.png?resize=350%2C200&ssl=1 1x, https:\/\/i0.wp.com\/alpoma.net\/carto\/wp-content\/uploads\/2008\/02\/2265822816_2a000b5731_o.png?resize=525%2C300&ssl=1 1.5x"},"classes":[]},{"id":6315,"url":"https:\/\/alpoma.net\/carto\/?p=6315","url_meta":{"origin":235,"position":1},"title":"El tiempo, un d\u00eda cualquiera de 1936&#8230;","author":"alpoma","date":"noviembre 5, 2015","format":false,"excerpt":"No es un mapa especialmente atractivo, ni siquiera intuitivo, no es m\u00e1s que un ejercicio de did\u00e1ctica de la geograf\u00eda para la escuela nacido en un d\u00eda perdido en el infausto a\u00f1o de 1936 y, sin embargo, es entra\u00f1able y encantador. Me refiero a esta peque\u00f1a joya... Extra\u00eddo de Escuelas\u2026","rel":"","context":"En \u00abViejos mapas\u00bb","block_context":{"text":"Viejos mapas","link":"https:\/\/alpoma.net\/carto\/?cat=4"},"img":{"alt_text":"","src":"https:\/\/i0.wp.com\/alpoma.net\/carto\/wp-content\/uploads\/2015\/11\/meteo_1936_cartoteca.jpg?resize=350%2C200&ssl=1","width":350,"height":200},"classes":[]},{"id":6631,"url":"https:\/\/alpoma.net\/carto\/?p=6631","url_meta":{"origin":235,"position":2},"title":"Encuentro nacional de Geobloggers","author":"alpoma","date":"junio 23, 2017","format":false,"excerpt":"A trav\u00e9s de Gers\u00f3n Beltr\u00e1n me lleg\u00f3 esta ma\u00f1ana la noticia acerca del inminente I Encuentro Nacional de Geobloggers que se celebrar\u00e1 en Valencia este pr\u00f3ximo 5 de julio de 2017. Si tienes oportunidad, no lo dudes: ac\u00e9rcate a Valencia ese d\u00eda porque vas a disfrutar como nunca entre un\u2026","rel":"","context":"En \u00abMiscel\u00e1nea\u00bb","block_context":{"text":"Miscel\u00e1nea","link":"https:\/\/alpoma.net\/carto\/?cat=1"},"img":{"alt_text":"","src":"https:\/\/i0.wp.com\/alpoma.net\/carto\/wp-content\/uploads\/2017\/06\/I-Encuentro-Nacional-de-Geobloggers.png?resize=350%2C200&ssl=1","width":350,"height":200,"srcset":"https:\/\/i0.wp.com\/alpoma.net\/carto\/wp-content\/uploads\/2017\/06\/I-Encuentro-Nacional-de-Geobloggers.png?resize=350%2C200&ssl=1 1x, https:\/\/i0.wp.com\/alpoma.net\/carto\/wp-content\/uploads\/2017\/06\/I-Encuentro-Nacional-de-Geobloggers.png?resize=525%2C300&ssl=1 1.5x"},"classes":[]},{"id":2750,"url":"https:\/\/alpoma.net\/carto\/?p=2750","url_meta":{"origin":235,"position":3},"title":"Sud\u00e1n del Sur y los mapas online","author":"alpoma","date":"septiembre 27, 2011","format":false,"excerpt":"El d\u00eda 9 de julio de este mismo a\u00f1o un nuevo pa\u00eds consigui\u00f3 su independencia. Se trata de Sud\u00e1n del Sur y, como suele suceder en estos casos, un cambio as\u00ed supone todo un dolor de cabeza a la hora de actualizar cartograf\u00edas diversas. Han pasado cerca de tres meses\u2026","rel":"","context":"En \u00abMiscel\u00e1nea\u00bb","block_context":{"text":"Miscel\u00e1nea","link":"https:\/\/alpoma.net\/carto\/?cat=1"},"img":{"alt_text":"","src":"https:\/\/i0.wp.com\/alpoma.net\/carto\/wp-content\/uploads\/2011\/09\/6189602076_fe659bef7e_z.jpg?resize=350%2C200&ssl=1","width":350,"height":200,"srcset":"https:\/\/i0.wp.com\/alpoma.net\/carto\/wp-content\/uploads\/2011\/09\/6189602076_fe659bef7e_z.jpg?resize=350%2C200&ssl=1 1x, https:\/\/i0.wp.com\/alpoma.net\/carto\/wp-content\/uploads\/2011\/09\/6189602076_fe659bef7e_z.jpg?resize=525%2C300&ssl=1 1.5x"},"classes":[]},{"id":84,"url":"https:\/\/alpoma.net\/carto\/?p=84","url_meta":{"origin":235,"position":4},"title":"Arqueolog\u00eda a\u00e9rea","author":"alpoma","date":"enero 21, 2006","format":false,"excerpt":"Julio del Olmo Mart\u00edn, cuenta con un interesante espacio web en el que muestra detalladamente diversas investigaciones de arqueolog\u00eda a\u00e9rea en Castilla y Le\u00f3n: --> Arqueolog\u00eda a\u00e9rea en Castilla y Le\u00f3n","rel":"","context":"En \u00abMiscel\u00e1nea\u00bb","block_context":{"text":"Miscel\u00e1nea","link":"https:\/\/alpoma.net\/carto\/?cat=1"},"img":{"alt_text":"","src":"","width":0,"height":0},"classes":[]},{"id":750,"url":"https:\/\/alpoma.net\/carto\/?p=750","url_meta":{"origin":235,"position":5},"title":"Rayuela cartografiada","author":"alpoma","date":"enero 14, 2009","format":false,"excerpt":"Gracias a un aviso por correo electr\u00f3nico, visita hoy La Cartoteca algo que, a pesar de no ser novedoso porque hoy d\u00eda se est\u00e1 cartografiando, o mejor dicho, se est\u00e1 colocando sobre Google Maps cualquier cosa, tiene su atractivo. Vale, hay muchas novelas, e incluso simulaciones de blogonovelas, que cuentan\u2026","rel":"","context":"En \u00abEn l\u00ednea\u00bb","block_context":{"text":"En l\u00ednea","link":"https:\/\/alpoma.net\/carto\/?cat=5"},"img":{"alt_text":"","src":"","width":0,"height":0},"classes":[]}],"jetpack_sharing_enabled":true,"_links":{"self":[{"href":"https:\/\/alpoma.net\/carto\/index.php?rest_route=\/wp\/v2\/posts\/235","targetHints":{"allow":["GET"]}}],"collection":[{"href":"https:\/\/alpoma.net\/carto\/index.php?rest_route=\/wp\/v2\/posts"}],"about":[{"href":"https:\/\/alpoma.net\/carto\/index.php?rest_route=\/wp\/v2\/types\/post"}],"author":[{"embeddable":true,"href":"https:\/\/alpoma.net\/carto\/index.php?rest_route=\/wp\/v2\/users\/1"}],"replies":[{"embeddable":true,"href":"https:\/\/alpoma.net\/carto\/index.php?rest_route=%2Fwp%2Fv2%2Fcomments&post=235"}],"version-history":[{"count":0,"href":"https:\/\/alpoma.net\/carto\/index.php?rest_route=\/wp\/v2\/posts\/235\/revisions"}],"wp:featuredmedia":[{"embeddable":true,"href":"https:\/\/alpoma.net\/carto\/index.php?rest_route=\/wp\/v2\/media\/4528"}],"wp:attachment":[{"href":"https:\/\/alpoma.net\/carto\/index.php?rest_route=%2Fwp%2Fv2%2Fmedia&parent=235"}],"wp:term":[{"taxonomy":"category","embeddable":true,"href":"https:\/\/alpoma.net\/carto\/index.php?rest_route=%2Fwp%2Fv2%2Fcategories&post=235"},{"taxonomy":"post_tag","embeddable":true,"href":"https:\/\/alpoma.net\/carto\/index.php?rest_route=%2Fwp%2Fv2%2Ftags&post=235"}],"curies":[{"name":"wp","href":"https:\/\/api.w.org\/{rel}","templated":true}]}}