{"id":231,"date":"2006-07-21T20:24:45","date_gmt":"2006-07-21T18:24:45","guid":{"rendered":"http:\/\/alpoma.net\/carto\/?p=231"},"modified":"2006-07-21T20:30:04","modified_gmt":"2006-07-21T18:30:04","slug":"requiem-por-el-mar-de-aral","status":"publish","type":"post","link":"https:\/\/alpoma.net\/carto\/?p=231","title":{"rendered":"R\u00e9quiem por el Mar de Aral"},"content":{"rendered":"<p><a href=\"http:\/\/www.flickr.com\/photos\/alpoma\/194871348\/\" title=\"Photo Sharing\"><img loading=\"lazy\" decoding=\"async\" src=\"http:\/\/static.flickr.com\/61\/194871348_db346b2f40_t.jpg\" width=\"100\" height=\"100\" alt=\"Aral ESA\" class=\"dch\"\/><\/a>La <strong>Agencia Espacial Europea<\/strong>, ofrece en sus im\u00e1genes de esta semana una impresionante toma de sat\u00e9lite que nos permite observar el lamentable estado del, en otra \u00e9poca esplendoroso, Mar de Aral:<\/p>\n<p><strong><a href=\"http:\/\/www.esa.int\/esaEO\/SEM22IBUQPE_index_0.html\" class=\"enlaces\">ESA | Earth from Space: A shrinking sea and a gateway to space<\/a><br \/>\n<a href=\"http:\/\/es.wikipedia.org\/wiki\/Mar_de_Aral\" class=\"enlaces\">Informaci\u00f3n sobre la desecaci\u00f3n del Mar de Aral en la Wikipedia<\/a><\/strong><\/p>\n","protected":false},"excerpt":{"rendered":"<div class=\"mh-excerpt\"><p>La Agencia Espacial Europea, ofrece en sus im\u00e1genes de esta semana una impresionante toma de sat\u00e9lite que nos permite observar el lamentable estado del, en <a class=\"mh-excerpt-more\" href=\"https:\/\/alpoma.net\/carto\/?p=231\" title=\"R\u00e9quiem por el Mar de Aral\">[&#8230;]<\/a><\/p>\n<\/div>","protected":false},"author":1,"featured_media":0,"comment_status":"open","ping_status":"open","sticky":false,"template":"","format":"standard","meta":{"jetpack_post_was_ever_published":false,"_jetpack_newsletter_access":"","_jetpack_dont_email_post_to_subs":false,"_jetpack_newsletter_tier_id":0,"_jetpack_memberships_contains_paywalled_content":false,"_jetpack_memberships_contains_paid_content":false,"footnotes":""},"categories":[7,6,3],"tags":[],"class_list":["post-231","post","type-post","status-publish","format-standard","hentry","category-geografia","category-riesgos-naturales","category-teledeteccion"],"jetpack_featured_media_url":"","jetpack_shortlink":"https:\/\/wp.me\/p93Co9-3J","jetpack-related-posts":[{"id":336,"url":"https:\/\/alpoma.net\/carto\/?p=336","url_meta":{"origin":231,"position":0},"title":"Nubes de polvo","author":"alpoma","date":"mayo 9, 2007","format":false,"excerpt":"Gracias al espectroradi\u00f3metro MODIS a bordo del sat\u00e9lite Aqua de la NASA, podemos disfrutar de tomas impresionantes. En la primera, realizada sobre Asia central el 7 de Mayo de 2007, se puede observar una tormenta masiva de polvo en suspensi\u00f3n con direcci\u00f3n este partiendo del \u00e1rea que rodea al Mar\u2026","rel":"","context":"En \u00abGeograf\u00eda\u00bb","block_context":{"text":"Geograf\u00eda","link":"https:\/\/alpoma.net\/carto\/?cat=7"},"img":{"alt_text":"","src":"https:\/\/i0.wp.com\/alpoma.net\/carto\/wp-content\/uploads\/2007\/05\/490415718_c142d3ec6c_o.jpg?resize=350%2C200&ssl=1","width":350,"height":200,"srcset":"https:\/\/i0.wp.com\/alpoma.net\/carto\/wp-content\/uploads\/2007\/05\/490415718_c142d3ec6c_o.jpg?resize=350%2C200&ssl=1 1x, https:\/\/i0.wp.com\/alpoma.net\/carto\/wp-content\/uploads\/2007\/05\/490415718_c142d3ec6c_o.jpg?resize=525%2C300&ssl=1 1.5x"},"classes":[]},{"id":210,"url":"https:\/\/alpoma.net\/carto\/?p=210","url_meta":{"origin":231,"position":1},"title":"Medspiration: Cartograf\u00eda t\u00e9rmica de las aguas del Mediterr\u00e1neo","author":"alpoma","date":"junio 22, 2006","format":false,"excerpt":"La Agencia Espacial Europea (ESA), ha desarrollado un sistema de representaci\u00f3n cartogr\u00e1fica que permitir\u00e1 conocer la temperatura de las aguas marinas a trav\u00e9s del an\u00e1lisis de datos procedentes de teledetecci\u00f3n y elabor\u00e1ndose as\u00ed el mapa t\u00e9rmico Medspiration, que cubre los 2.965.500 kil\u00f3metros cuadrados del Mediterr\u00e1neo: Como parte del proyecto Medspiration,\u2026","rel":"","context":"En \u00abTeledetecci\u00f3n\u00bb","block_context":{"text":"Teledetecci\u00f3n","link":"https:\/\/alpoma.net\/carto\/?cat=3"},"img":{"alt_text":"","src":"","width":0,"height":0},"classes":[]},{"id":44,"url":"https:\/\/alpoma.net\/carto\/?p=44","url_meta":{"origin":231,"position":2},"title":"Mar fosforescente","author":"alpoma","date":"diciembre 9, 2005","format":false,"excerpt":"A trav\u00e9s de la lista de teledetecci\u00f3n de rediris, y en concreto por la nota escrita por Ramiro A.C. de la Universidad de Vigo, me llega una informaci\u00f3n muy interesante acerca de un fem\u00f3meno poco conocido: Fen\u00f3meno Lum\u00ednico en el Mar Un grupo de cient\u00edficos ha presentado la primera detecci\u00f3n\u2026","rel":"","context":"En \u00abGeograf\u00eda\u00bb","block_context":{"text":"Geograf\u00eda","link":"https:\/\/alpoma.net\/carto\/?cat=7"},"img":{"alt_text":"","src":"","width":0,"height":0},"classes":[]},{"id":4212,"url":"https:\/\/alpoma.net\/carto\/?p=4212","url_meta":{"origin":231,"position":3},"title":"Los curiosos mapas de Silas Bent y el c\u00e1lido mar del Polo Norte","author":"alpoma","date":"marzo 25, 2014","format":false,"excerpt":"Hoy puede parecer est\u00fapido, pero hubo un tiempo en que la teor\u00eda del mar polar abierto se discut\u00eda con toda seriedad. Cierto es que los navegantes, al viajar hacia el \u00c1rtico se encontraban tarde o temprano con la banquisa polar, pero no por ello so\u00f1adores de todo tipo dejaban de\u2026","rel":"","context":"En \u00abViejos mapas\u00bb","block_context":{"text":"Viejos mapas","link":"https:\/\/alpoma.net\/carto\/?cat=4"},"img":{"alt_text":"","src":"https:\/\/i0.wp.com\/alpoma.net\/carto\/wp-content\/uploads\/2014\/03\/silas_1-767x1024.jpg?resize=350%2C200&ssl=1","width":350,"height":200,"srcset":"https:\/\/i0.wp.com\/alpoma.net\/carto\/wp-content\/uploads\/2014\/03\/silas_1-767x1024.jpg?resize=350%2C200&ssl=1 1x, https:\/\/i0.wp.com\/alpoma.net\/carto\/wp-content\/uploads\/2014\/03\/silas_1-767x1024.jpg?resize=525%2C300&ssl=1 1.5x, https:\/\/i0.wp.com\/alpoma.net\/carto\/wp-content\/uploads\/2014\/03\/silas_1-767x1024.jpg?resize=700%2C400&ssl=1 2x"},"classes":[]},{"id":818,"url":"https:\/\/alpoma.net\/carto\/?p=818","url_meta":{"origin":231,"position":4},"title":"El Atlas de los Nombres Verdaderos en castellano","author":"alpoma","date":"mayo 18, 2009","format":false,"excerpt":"Hace meses que llevo esperando esta edici\u00f3n y, hoy, me he enterado gracias al blog de la IDEE que en breve estar\u00e1 aqu\u00ed, en papel, listo para conquistar el coraz\u00f3n de cart\u00f3grafos apasionados. Antes de nada creo que es necesario aclarar que lo considerado por Kalimedia, los editores de esta\u2026","rel":"","context":"En \u00abCartograf\u00eda\u00bb","block_context":{"text":"Cartograf\u00eda","link":"https:\/\/alpoma.net\/carto\/?cat=9"},"img":{"alt_text":"","src":"https:\/\/i0.wp.com\/alpoma.net\/carto\/wp-content\/uploads\/2009\/05\/3542088807_9df3dc1eab_o.jpg?resize=350%2C200&ssl=1","width":350,"height":200,"srcset":"https:\/\/i0.wp.com\/alpoma.net\/carto\/wp-content\/uploads\/2009\/05\/3542088807_9df3dc1eab_o.jpg?resize=350%2C200&ssl=1 1x, https:\/\/i0.wp.com\/alpoma.net\/carto\/wp-content\/uploads\/2009\/05\/3542088807_9df3dc1eab_o.jpg?resize=525%2C300&ssl=1 1.5x"},"classes":[]},{"id":281,"url":"https:\/\/alpoma.net\/carto\/?p=281","url_meta":{"origin":231,"position":5},"title":"Una vieja postal&#8230;","author":"alpoma","date":"noviembre 26, 2006","format":false,"excerpt":"Damas y caballeros, desde las brumas de los primeros a\u00f1os del siglo XX, nos visita esta inclasificable postal-mapa gracias a Radical Cartography. De las Monta\u00f1as de la Melancol\u00eda hasta el Mar del Matrimonio, he aqu\u00ed el R\u00edo del Amor... \u00bfverdadero?","rel":"","context":"En \u00abMiscel\u00e1nea\u00bb","block_context":{"text":"Miscel\u00e1nea","link":"https:\/\/alpoma.net\/carto\/?cat=1"},"img":{"alt_text":"","src":"https:\/\/i0.wp.com\/alpoma.net\/carto\/wp-content\/uploads\/2006\/11\/306518528_5f973ff2e6_o.jpg?resize=350%2C200&ssl=1","width":350,"height":200,"srcset":"https:\/\/i0.wp.com\/alpoma.net\/carto\/wp-content\/uploads\/2006\/11\/306518528_5f973ff2e6_o.jpg?resize=350%2C200&ssl=1 1x, https:\/\/i0.wp.com\/alpoma.net\/carto\/wp-content\/uploads\/2006\/11\/306518528_5f973ff2e6_o.jpg?resize=525%2C300&ssl=1 1.5x"},"classes":[]}],"jetpack_sharing_enabled":true,"_links":{"self":[{"href":"https:\/\/alpoma.net\/carto\/index.php?rest_route=\/wp\/v2\/posts\/231","targetHints":{"allow":["GET"]}}],"collection":[{"href":"https:\/\/alpoma.net\/carto\/index.php?rest_route=\/wp\/v2\/posts"}],"about":[{"href":"https:\/\/alpoma.net\/carto\/index.php?rest_route=\/wp\/v2\/types\/post"}],"author":[{"embeddable":true,"href":"https:\/\/alpoma.net\/carto\/index.php?rest_route=\/wp\/v2\/users\/1"}],"replies":[{"embeddable":true,"href":"https:\/\/alpoma.net\/carto\/index.php?rest_route=%2Fwp%2Fv2%2Fcomments&post=231"}],"version-history":[{"count":0,"href":"https:\/\/alpoma.net\/carto\/index.php?rest_route=\/wp\/v2\/posts\/231\/revisions"}],"wp:attachment":[{"href":"https:\/\/alpoma.net\/carto\/index.php?rest_route=%2Fwp%2Fv2%2Fmedia&parent=231"}],"wp:term":[{"taxonomy":"category","embeddable":true,"href":"https:\/\/alpoma.net\/carto\/index.php?rest_route=%2Fwp%2Fv2%2Fcategories&post=231"},{"taxonomy":"post_tag","embeddable":true,"href":"https:\/\/alpoma.net\/carto\/index.php?rest_route=%2Fwp%2Fv2%2Ftags&post=231"}],"curies":[{"name":"wp","href":"https:\/\/api.w.org\/{rel}","templated":true}]}}