{"id":229,"date":"2006-07-19T21:00:42","date_gmt":"2006-07-19T19:00:42","guid":{"rendered":"http:\/\/alpoma.net\/carto\/?p=229"},"modified":"2006-07-19T21:03:27","modified_gmt":"2006-07-19T19:03:27","slug":"sobre-nuevas-herramientas-de-representacion-de-datos-ambientales","status":"publish","type":"post","link":"https:\/\/alpoma.net\/carto\/?p=229","title":{"rendered":"Nuevas herramientas de representaci\u00f3n de datos ambientales"},"content":{"rendered":"<p><strong>Juan Freire<\/strong> presenta en su blog una nueva e interesant\u00edsima informaci\u00f3n -como todo lo que en el mismo puede encontrarse- sobre <strong>nuevas formas de representar<\/strong> la <strong>informaci\u00f3n <\/strong>relacionada con datos de teledetecci\u00f3n <strong>ambiental<\/strong>:<\/p>\n<p><a href=\"http:\/\/nomada.blogs.com\/jfreire\/2006\/07\/nuevas_herramie.html\" class=\"enlaces\"><em>Nuevas herramientas para la visualizaci\u00f3n y comunicaci\u00f3n de eventos ambientales a gran escala: nubes de insectos en el Mississippi<\/em><\/a>.<\/p>\n<p>M\u00e1s informaci\u00f3n sobre el tema, en este caso un curioso e interesante ejemplo de representaci\u00f3n de la eclosi\u00f3n de un enjambre de mosquitos en el r\u00edo Missippi y su dispersi\u00f3n inicial seguida mediante radar :<\/p>\n<p><a href=\"http:\/\/www.crh.noaa.gov\/crnews\/display_story.php?wfo=arx&#038;storyid=2952&#038;source=0\" class=\"enlaces\">Large Mayfly Hatch Caught on Radar Friday June 30th<\/a>.<\/p>\n","protected":false},"excerpt":{"rendered":"<div class=\"mh-excerpt\"><p>Juan Freire presenta en su blog una nueva e interesant\u00edsima informaci\u00f3n -como todo lo que en el mismo puede encontrarse- sobre nuevas formas de representar <a class=\"mh-excerpt-more\" href=\"https:\/\/alpoma.net\/carto\/?p=229\" title=\"Nuevas herramientas de representaci\u00f3n de datos ambientales\">[&#8230;]<\/a><\/p>\n<\/div>","protected":false},"author":1,"featured_media":0,"comment_status":"open","ping_status":"open","sticky":false,"template":"","format":"standard","meta":{"jetpack_post_was_ever_published":false,"_jetpack_newsletter_access":"","_jetpack_dont_email_post_to_subs":false,"_jetpack_newsletter_tier_id":0,"_jetpack_memberships_contains_paywalled_content":false,"_jetpack_memberships_contains_paid_content":false,"footnotes":""},"categories":[1,2,3],"tags":[],"class_list":["post-229","post","type-post","status-publish","format-standard","hentry","category-general","category-sig","category-teledeteccion"],"jetpack_featured_media_url":"","jetpack_shortlink":"https:\/\/wp.me\/p93Co9-3H","jetpack-related-posts":[{"id":254,"url":"https:\/\/alpoma.net\/carto\/?p=254","url_meta":{"origin":229,"position":0},"title":"Proyecto Epidemio","author":"alpoma","date":"septiembre 8, 2006","format":false,"excerpt":"La Agencia Espacial Europea, a trav\u00e9s del Proyecto Epidemio, pretende utilizar conjuntamente datos de campo con informaci\u00f3n de sat\u00e9lite para investigar diversos campos en geograf\u00eda m\u00e9dica, como la dispersi\u00f3n geogr\u00e1fica de casos de meningitis y los posibles factores ambientales asociados: Very serious human diseases, such as malaria and meningitis, are\u2026","rel":"","context":"En \u00abGeograf\u00eda\u00bb","block_context":{"text":"Geograf\u00eda","link":"https:\/\/alpoma.net\/carto\/?cat=7"},"img":{"alt_text":"epidemio_logo","src":"https:\/\/i0.wp.com\/static.flickr.com\/96\/237793668_2aeb707c58_t.jpg?resize=350%2C200","width":350,"height":200},"classes":[]},{"id":218,"url":"https:\/\/alpoma.net\/carto\/?p=218","url_meta":{"origin":229,"position":1},"title":"Cartograf\u00eda de datos verticales","author":"alpoma","date":"julio 6, 2006","format":false,"excerpt":"Por lo general, la plasmaci\u00f3n en forma de representaci\u00f3n cartogr\u00e1fica de datos en tres dimensiones suele ser complicada, no tanto por la dificultad del dibujo de los datos, como por lo complejo de lograr que sea lo suficientemente sencilla como para que se comprenda su contenido con rapidez. Un ejemplo\u2026","rel":"","context":"En \u00abCartograf\u00eda\u00bb","block_context":{"text":"Cartograf\u00eda","link":"https:\/\/alpoma.net\/carto\/?cat=9"},"img":{"alt_text":"","src":"","width":0,"height":0},"classes":[]},{"id":225,"url":"https:\/\/alpoma.net\/carto\/?p=225","url_meta":{"origin":229,"position":2},"title":"Incendios en \u00c1frica","author":"alpoma","date":"julio 11, 2006","format":false,"excerpt":"A\u00f1o a a\u00f1o, muchas poblaciones africanas originan cientos de incendios para lograr nuevas tierras cutivables quemando \u00e1reas vegetales naturales o como actividad propia de sus labores agr\u00edcolas. La serie fotogr\u00e1fica que ilustra este post, muestra la presencia estacional de esos incendios en \u00c1frica a lo largo de todo el a\u00f1o\u2026","rel":"","context":"En \u00abRiesgos Naturales\u00bb","block_context":{"text":"Riesgos Naturales","link":"https:\/\/alpoma.net\/carto\/?cat=6"},"img":{"alt_text":"","src":"https:\/\/i0.wp.com\/alpoma.net\/carto\/wp-content\/uploads\/2006\/07\/187442940_13be9015ec_o.jpg?resize=350%2C200&ssl=1","width":350,"height":200,"srcset":"https:\/\/i0.wp.com\/alpoma.net\/carto\/wp-content\/uploads\/2006\/07\/187442940_13be9015ec_o.jpg?resize=350%2C200&ssl=1 1x, https:\/\/i0.wp.com\/alpoma.net\/carto\/wp-content\/uploads\/2006\/07\/187442940_13be9015ec_o.jpg?resize=525%2C300&ssl=1 1.5x"},"classes":[]},{"id":675,"url":"https:\/\/alpoma.net\/carto\/?p=675","url_meta":{"origin":229,"position":3},"title":"Proyecto SANCHO de teledetecci\u00f3n aerost\u00e1tica","author":"alpoma","date":"octubre 18, 2008","format":false,"excerpt":"A lo largo de la semana he recibido algunas noticias de sumo inter\u00e9s, gracias a la lista de correo sobre teledetecci\u00f3n de RedIris, acerca de proyectos de los que no ten\u00eda informaci\u00f3n hasta ahora y que han llamado poderosamente mi atenci\u00f3n. Entre ellos, selecciono aqu\u00ed un proyecto de teledetecci\u00f3n aerost\u00e1tica:\u2026","rel":"","context":"En \u00abTeledetecci\u00f3n\u00bb","block_context":{"text":"Teledetecci\u00f3n","link":"https:\/\/alpoma.net\/carto\/?cat=3"},"img":{"alt_text":"","src":"","width":0,"height":0},"classes":[]},{"id":87,"url":"https:\/\/alpoma.net\/carto\/?p=87","url_meta":{"origin":229,"position":4},"title":"El ALOS ya est\u00e1 en \u00f3rbita","author":"alpoma","date":"enero 24, 2006","format":false,"excerpt":"El sat\u00e9lite japon\u00e9s de observaci\u00f3n terrestre ALOS, ha sido enviado con \u00e9xito al espacio. Se trata de un avanzado sistema de teledetecci\u00f3n, capaz de registrar gran variedad de datos ambientales de la Tierra. Esos datos ambientales y las fotograf\u00edas que realice, ser\u00e1n utilizados por cient\u00edficos europeos y africanos en virtud\u2026","rel":"","context":"En \u00abTeledetecci\u00f3n\u00bb","block_context":{"text":"Teledetecci\u00f3n","link":"https:\/\/alpoma.net\/carto\/?cat=3"},"img":{"alt_text":"","src":"","width":0,"height":0},"classes":[]},{"id":3126,"url":"https:\/\/alpoma.net\/carto\/?p=3126","url_meta":{"origin":229,"position":5},"title":"[Libro gratuito] Pasado, presente y futuro de las IDEs","author":"alpoma","date":"febrero 3, 2012","format":false,"excerpt":"Lo acabo de descargar y, por lo poco que he visto hasta ahora, es realmente interesante. Se trata de un libro de Javier Valencia sobre Infraestructuras de Datos Espaciales que, en su versi\u00f3n digital, se puede descargar gratuitamente desde Bubok: Pasado, presente y futuro de las Infraestructuras de Datos Espaciales.\u2026","rel":"","context":"En \u00abSIG\u00bb","block_context":{"text":"SIG","link":"https:\/\/alpoma.net\/carto\/?cat=2"},"img":{"alt_text":"portada","src":"https:\/\/i0.wp.com\/farm8.staticflickr.com\/7016\/6813653063_249b6382e2_m.jpg?resize=350%2C200","width":350,"height":200},"classes":[]}],"jetpack_sharing_enabled":true,"_links":{"self":[{"href":"https:\/\/alpoma.net\/carto\/index.php?rest_route=\/wp\/v2\/posts\/229","targetHints":{"allow":["GET"]}}],"collection":[{"href":"https:\/\/alpoma.net\/carto\/index.php?rest_route=\/wp\/v2\/posts"}],"about":[{"href":"https:\/\/alpoma.net\/carto\/index.php?rest_route=\/wp\/v2\/types\/post"}],"author":[{"embeddable":true,"href":"https:\/\/alpoma.net\/carto\/index.php?rest_route=\/wp\/v2\/users\/1"}],"replies":[{"embeddable":true,"href":"https:\/\/alpoma.net\/carto\/index.php?rest_route=%2Fwp%2Fv2%2Fcomments&post=229"}],"version-history":[{"count":0,"href":"https:\/\/alpoma.net\/carto\/index.php?rest_route=\/wp\/v2\/posts\/229\/revisions"}],"wp:attachment":[{"href":"https:\/\/alpoma.net\/carto\/index.php?rest_route=%2Fwp%2Fv2%2Fmedia&parent=229"}],"wp:term":[{"taxonomy":"category","embeddable":true,"href":"https:\/\/alpoma.net\/carto\/index.php?rest_route=%2Fwp%2Fv2%2Fcategories&post=229"},{"taxonomy":"post_tag","embeddable":true,"href":"https:\/\/alpoma.net\/carto\/index.php?rest_route=%2Fwp%2Fv2%2Ftags&post=229"}],"curies":[{"name":"wp","href":"https:\/\/api.w.org\/{rel}","templated":true}]}}