{"id":228,"date":"2006-07-17T22:05:14","date_gmt":"2006-07-17T20:05:14","guid":{"rendered":"http:\/\/alpoma.net\/carto\/?p=228"},"modified":"2006-07-17T22:05:32","modified_gmt":"2006-07-17T20:05:32","slug":"effis","status":"publish","type":"post","link":"https:\/\/alpoma.net\/carto\/?p=228","title":{"rendered":"EFFIS"},"content":{"rendered":"<p>A trav\u00e9s del sistema EFFIS, la Uni\u00f3n Europea provee de datos georeferenciados detallados acerca de la <strong>protecci\u00f3n de los bosques<\/strong> del continente, as\u00ed como la <strong>valoraci\u00f3n del riesgo de incendio<\/strong> en los mismos. Sin duda, un interesante y \u00fatil recurso geogr\u00e1fico para los estudios ambientales y la preservaci\u00f3n de nuestro medio natural:<\/p>\n<p><strong><a href=\"http:\/\/effis.jrc.it\/wmi\/viewer.html\" class=\"enlaces\">European Forest Fire Information System<\/a><\/strong><\/p>\n<p>| V\u00eda <a href=\"http:\/\/geovisualisation.com\/WordPress\/?p=596\">Vector One<\/a> |<\/p>\n","protected":false},"excerpt":{"rendered":"<div class=\"mh-excerpt\"><p>A trav\u00e9s del sistema EFFIS, la Uni\u00f3n Europea provee de datos georeferenciados detallados acerca de la protecci\u00f3n de los bosques del continente, as\u00ed como la <a class=\"mh-excerpt-more\" href=\"https:\/\/alpoma.net\/carto\/?p=228\" title=\"EFFIS\">[&#8230;]<\/a><\/p>\n<\/div>","protected":false},"author":1,"featured_media":0,"comment_status":"open","ping_status":"open","sticky":false,"template":"","format":"standard","meta":{"jetpack_post_was_ever_published":false,"_jetpack_newsletter_access":"","_jetpack_dont_email_post_to_subs":false,"_jetpack_newsletter_tier_id":0,"_jetpack_memberships_contains_paywalled_content":false,"_jetpack_memberships_contains_paid_content":false,"footnotes":""},"categories":[7,6,2,3],"tags":[],"class_list":["post-228","post","type-post","status-publish","format-standard","hentry","category-geografia","category-riesgos-naturales","category-sig","category-teledeteccion"],"jetpack_featured_media_url":"","jetpack_shortlink":"https:\/\/wp.me\/s93Co9-effis","jetpack-related-posts":[{"id":429,"url":"https:\/\/alpoma.net\/carto\/?p=429","url_meta":{"origin":228,"position":0},"title":"MICODATA","author":"alpoma","date":"noviembre 3, 2007","format":false,"excerpt":"Acaba de abrirse en modo Beta, esto es, en pruebas, un proyecto muy atractivo llamado MICODATA, dedicado al estudio del aprovechamiento sostenible de los hongos comestibles en Castilla y Le\u00f3n. El proyecto, digido por el Centro de Investigaci\u00f3n Forestal Valonsadero y Cesefor de la Junta de Castilla y Le\u00f3n cuenta\u2026","rel":"","context":"En \u00abEn l\u00ednea\u00bb","block_context":{"text":"En l\u00ednea","link":"https:\/\/alpoma.net\/carto\/?cat=5"},"img":{"alt_text":"","src":"","width":0,"height":0},"classes":[]},{"id":3138,"url":"https:\/\/alpoma.net\/carto\/?p=3138","url_meta":{"origin":228,"position":1},"title":"[Convocatoria] Programa Completo M\u00e1ster Profesional en Direcci\u00f3n de Proyectos y Servicios Geoespaciales &#8211; \u2028Abierta Matr\u00edcula","author":"alpoma","date":"febrero 6, 2012","format":false,"excerpt":"Me hago eco de una convocatoria interesante: El Instituto Geogr\u00e1fico Nacional (IGN) organiza conjuntamente con la Universidad Polit\u00e9cnica de Madrid (UPM) el M\u00e1ster Profesional en Direcci\u00f3n de Proyectos y Gesti\u00f3n de Servicios Geoespaciales. Puedes consultar en este enlace el Programa y temario completo del m\u00e1ster en PDF. El M\u00e1ster se\u2026","rel":"","context":"En \u00abMiscel\u00e1nea\u00bb","block_context":{"text":"Miscel\u00e1nea","link":"https:\/\/alpoma.net\/carto\/?cat=1"},"img":{"alt_text":"Imagen_master_alumnos","src":"https:\/\/i0.wp.com\/farm8.staticflickr.com\/7008\/6830768775_2c8e79143d_m.jpg?resize=350%2C200","width":350,"height":200},"classes":[]},{"id":2742,"url":"https:\/\/alpoma.net\/carto\/?p=2742","url_meta":{"origin":228,"position":2},"title":"M\u00e1ster IGN\/CNIG \u2013 UPM en Direcci\u00f3n de Proyectos y Servicios Geoespaciales","author":"alpoma","date":"septiembre 14, 2011","format":false,"excerpt":"En los \u00faltimos tiempos el panorama formativo relacionado con geotecnolog\u00edas est\u00e1 cambiando de manera muy interesante, he aqu\u00ed una convocatoria realmente atractiva: La Universidad Polit\u00e9cnica de Madrid (UPM) y el Instituto Geogr\u00e1fico Nacional (IGN)-CNIG organizan el M\u00e1ster en Direcci\u00f3n de Proyectos y Servicios Geoespaciales para promover el desarrollo profesional de\u2026","rel":"","context":"En \u00abSIG\u00bb","block_context":{"text":"SIG","link":"https:\/\/alpoma.net\/carto\/?cat=2"},"img":{"alt_text":"header_masterdirgeo","src":"https:\/\/i0.wp.com\/farm7.static.flickr.com\/6155\/6147148253_a0849dfbeb_m.jpg?resize=350%2C200","width":350,"height":200},"classes":[]},{"id":226,"url":"https:\/\/alpoma.net\/carto\/?p=226","url_meta":{"origin":228,"position":3},"title":"INUMMAP","author":"alpoma","date":"julio 13, 2006","format":false,"excerpt":"Muy interesante recurso, en el que puede incluso descargarse un miniCD, acerca de las jornadas INUNMAP de este a\u00f1o, esto es, las Jornadas tecnicas sobre cartografia de peligrosidad de inundaciones organizadas por el Instituto Geol\u00f3gico y Minero de Espa\u00f1a: La cartograf\u00eda de peligrosidad es un componente b\u00e1sico en los estudios\u2026","rel":"","context":"En \u00abEn l\u00ednea\u00bb","block_context":{"text":"En l\u00ednea","link":"https:\/\/alpoma.net\/carto\/?cat=5"},"img":{"alt_text":"","src":"","width":0,"height":0},"classes":[]},{"id":309,"url":"https:\/\/alpoma.net\/carto\/?p=309","url_meta":{"origin":228,"position":4},"title":"A\u00f1o Polar Internacional","author":"alpoma","date":"marzo 1, 2007","format":false,"excerpt":"Llegado el 1 de Marzo, se \"inaugura\" el A\u00f1o Polar Internacional. Se han creado diversas webs institucionales centradas en tal motivo. A nivel internacional, la informaci\u00f3n se organiza en la web del IPY. En Espa\u00f1a, el Ministerio de Educaci\u00f3n y Ciencia tambi\u00e9n ha puesto en marcha un website informativo: El\u2026","rel":"","context":"En \u00abGeograf\u00eda\u00bb","block_context":{"text":"Geograf\u00eda","link":"https:\/\/alpoma.net\/carto\/?cat=7"},"img":{"alt_text":"5IPY","src":"https:\/\/i0.wp.com\/farm1.static.flickr.com\/166\/406616900_0ebc4f93ba_o.gif?resize=350%2C200","width":350,"height":200},"classes":[]},{"id":837,"url":"https:\/\/alpoma.net\/carto\/?p=837","url_meta":{"origin":228,"position":5},"title":"Nuevos recursos online del Atlas Nacional de Espa\u00f1a","author":"alpoma","date":"junio 25, 2009","format":false,"excerpt":"Gracias a un correo electr\u00f3nico del Instituto Geogr\u00e1fico Nacional, he tenido conocimiento de varias iniciativas que merecen ser difundidas y conocidas, dada su utilidad. El Instituto Geogr\u00e1fico Nacional, dependiente del Ministerio de Fomento de Espa\u00f1a, desde el \u00c1rea de Cartograf\u00eda Tem\u00e1tica y Atlas Nacional, ha desarrollado en colaboraci\u00f3n con la\u2026","rel":"","context":"En \u00abCartograf\u00eda\u00bb","block_context":{"text":"Cartograf\u00eda","link":"https:\/\/alpoma.net\/carto\/?cat=9"},"img":{"alt_text":"","src":"","width":0,"height":0},"classes":[]}],"jetpack_sharing_enabled":true,"_links":{"self":[{"href":"https:\/\/alpoma.net\/carto\/index.php?rest_route=\/wp\/v2\/posts\/228","targetHints":{"allow":["GET"]}}],"collection":[{"href":"https:\/\/alpoma.net\/carto\/index.php?rest_route=\/wp\/v2\/posts"}],"about":[{"href":"https:\/\/alpoma.net\/carto\/index.php?rest_route=\/wp\/v2\/types\/post"}],"author":[{"embeddable":true,"href":"https:\/\/alpoma.net\/carto\/index.php?rest_route=\/wp\/v2\/users\/1"}],"replies":[{"embeddable":true,"href":"https:\/\/alpoma.net\/carto\/index.php?rest_route=%2Fwp%2Fv2%2Fcomments&post=228"}],"version-history":[{"count":0,"href":"https:\/\/alpoma.net\/carto\/index.php?rest_route=\/wp\/v2\/posts\/228\/revisions"}],"wp:attachment":[{"href":"https:\/\/alpoma.net\/carto\/index.php?rest_route=%2Fwp%2Fv2%2Fmedia&parent=228"}],"wp:term":[{"taxonomy":"category","embeddable":true,"href":"https:\/\/alpoma.net\/carto\/index.php?rest_route=%2Fwp%2Fv2%2Fcategories&post=228"},{"taxonomy":"post_tag","embeddable":true,"href":"https:\/\/alpoma.net\/carto\/index.php?rest_route=%2Fwp%2Fv2%2Ftags&post=228"}],"curies":[{"name":"wp","href":"https:\/\/api.w.org\/{rel}","templated":true}]}}