{"id":225,"date":"2006-07-11T20:14:51","date_gmt":"2006-07-11T18:14:51","guid":{"rendered":"http:\/\/alpoma.net\/carto\/?p=225"},"modified":"2006-07-11T20:16:02","modified_gmt":"2006-07-11T18:16:02","slug":"incendios-en-africa","status":"publish","type":"post","link":"https:\/\/alpoma.net\/carto\/?p=225","title":{"rendered":"Incendios en \u00c1frica"},"content":{"rendered":"<p>A\u00f1o a a\u00f1o, muchas poblaciones africanas originan cientos de incendios para lograr <strong>nuevas tierras cutivables<\/strong> quemando \u00e1reas vegetales naturales o como actividad propia de sus labores agr\u00edcolas. La serie fotogr\u00e1fica que ilustra este post, muestra la presencia estacional de esos incendios en \u00c1frica a lo largo de todo el a\u00f1o 2005. La im\u00e1genes han sido tomadas por el espectroradi\u00f3metro <strong>MODIS<\/strong> a bordo de los sat\u00e9lites ambientales <em>Terra<\/em> y<em> Aqua<\/em>, de la NASA.<\/p>\n<p><a href=\"http:\/\/www.flickr.com\/photos\/alpoma\/187442940\/\" title=\"Photo Sharing\"><img loading=\"lazy\" decoding=\"async\" src=\"http:\/\/static.flickr.com\/72\/187442940_13be9015ec_o.jpg\" width=\"540\" height=\"452\" alt=\"firemap_africa.2005\" \/><\/a><\/p>\n<p><strong>M\u00e1s informaci\u00f3n<\/strong>: <strong><a href=\"http:\/\/earthobservatory.nasa.gov\/Newsroom\/NewImages\/images.php3?img_id=17016\">2005 Fire Patterns Across Africa<\/a><\/strong><\/p>\n<p>| V\u00eda <a href=\"http:\/\/bldgblog.blogspot.com\/2006\/07\/fire-maps-of-africa.html\">BLDGBLOG<\/a> |<\/p>\n","protected":false},"excerpt":{"rendered":"<div class=\"mh-excerpt\"><p>A\u00f1o a a\u00f1o, muchas poblaciones africanas originan cientos de incendios para lograr nuevas tierras cutivables quemando \u00e1reas vegetales naturales o como actividad propia de sus <a class=\"mh-excerpt-more\" href=\"https:\/\/alpoma.net\/carto\/?p=225\" title=\"Incendios en \u00c1frica\">[&#8230;]<\/a><\/p>\n<\/div>","protected":false},"author":1,"featured_media":4628,"comment_status":"open","ping_status":"open","sticky":false,"template":"","format":"standard","meta":{"jetpack_post_was_ever_published":false,"_jetpack_newsletter_access":"","_jetpack_dont_email_post_to_subs":false,"_jetpack_newsletter_tier_id":0,"_jetpack_memberships_contains_paywalled_content":false,"_jetpack_memberships_contains_paid_content":false,"footnotes":""},"categories":[6,3],"tags":[],"class_list":["post-225","post","type-post","status-publish","format-standard","has-post-thumbnail","hentry","category-riesgos-naturales","category-teledeteccion"],"jetpack_featured_media_url":"https:\/\/alpoma.net\/carto\/wp-content\/uploads\/2006\/07\/187442940_13be9015ec_o.jpg","jetpack_shortlink":"https:\/\/wp.me\/p93Co9-3D","jetpack-related-posts":[{"id":18,"url":"https:\/\/alpoma.net\/carto\/?p=18","url_meta":{"origin":225,"position":0},"title":"Incendios en el noroeste de la India","author":"alpoma","date":"octubre 31, 2005","format":false,"excerpt":"En las llanuras cercanas a la Cordillera del Himalaya, en el noroeste de la India, cada a\u00f1o se utiliza la quema controlada en labores agrarias, concentr\u00e1ndose estos incendios en el estado del Punjab, cerca de la frontera pakistan\u00ed. Imagen con resoluci\u00f3n espacial de 500 metros por pixel, obtenida por el\u2026","rel":"","context":"En \u00abRiesgos Naturales\u00bb","block_context":{"text":"Riesgos Naturales","link":"https:\/\/alpoma.net\/carto\/?cat=6"},"img":{"alt_text":"","src":"https:\/\/i0.wp.com\/alpoma.net\/carto\/wp-content\/uploads\/2005\/10\/incendios_india.jpg?resize=350%2C200&ssl=1","width":350,"height":200,"srcset":"https:\/\/i0.wp.com\/alpoma.net\/carto\/wp-content\/uploads\/2005\/10\/incendios_india.jpg?resize=350%2C200&ssl=1 1x, https:\/\/i0.wp.com\/alpoma.net\/carto\/wp-content\/uploads\/2005\/10\/incendios_india.jpg?resize=525%2C300&ssl=1 1.5x"},"classes":[]},{"id":8,"url":"https:\/\/alpoma.net\/carto\/?p=8","url_meta":{"origin":225,"position":1},"title":"Incendios en el oriente ruso","author":"alpoma","date":"octubre 28, 2005","format":false,"excerpt":"Cerca de la frontera con China, en el oriente de la Federaci\u00f3n Rusa, se est\u00e1n desarrollando en las \u00faltimas semanas gran cantidad de incendios de gran tama\u00f1o, en la regi\u00f3n del r\u00edo Zeya y en la del r\u00edo Amur. Como puede comprobarse en la imagen, la plaga de los incendios\u2026","rel":"","context":"En \u00abRiesgos Naturales\u00bb","block_context":{"text":"Riesgos Naturales","link":"https:\/\/alpoma.net\/carto\/?cat=6"},"img":{"alt_text":"","src":"https:\/\/i0.wp.com\/alpoma.net\/carto\/wp-content\/uploads\/2005\/10\/incendios_rusia.jpg?resize=350%2C200&ssl=1","width":350,"height":200,"srcset":"https:\/\/i0.wp.com\/alpoma.net\/carto\/wp-content\/uploads\/2005\/10\/incendios_rusia.jpg?resize=350%2C200&ssl=1 1x, https:\/\/i0.wp.com\/alpoma.net\/carto\/wp-content\/uploads\/2005\/10\/incendios_rusia.jpg?resize=525%2C300&ssl=1 1.5x"},"classes":[]},{"id":208,"url":"https:\/\/alpoma.net\/carto\/?p=208","url_meta":{"origin":225,"position":2},"title":"Mapa global de rayos","author":"alpoma","date":"junio 18, 2006","format":false,"excerpt":"He aqu\u00ed un curioso e interesante recursos, al que llego desde geology.com y que ofrece una representaci\u00f3n global de los rayos que anualmente se producen en la atm\u00f3sfera, preparado por la NASA. El inter\u00e9s de esta representaci\u00f3n va m\u00e1s all\u00e1 de lo meramente t\u00e9cnico o visual, puesto que son los\u2026","rel":"","context":"En \u00abEn l\u00ednea\u00bb","block_context":{"text":"En l\u00ednea","link":"https:\/\/alpoma.net\/carto\/?cat=5"},"img":{"alt_text":"","src":"https:\/\/i0.wp.com\/alpoma.net\/carto\/wp-content\/uploads\/2006\/06\/169497955_c2ebf95ccf_o.jpg?resize=350%2C200&ssl=1","width":350,"height":200,"srcset":"https:\/\/i0.wp.com\/alpoma.net\/carto\/wp-content\/uploads\/2006\/06\/169497955_c2ebf95ccf_o.jpg?resize=350%2C200&ssl=1 1x, https:\/\/i0.wp.com\/alpoma.net\/carto\/wp-content\/uploads\/2006\/06\/169497955_c2ebf95ccf_o.jpg?resize=525%2C300&ssl=1 1.5x"},"classes":[]},{"id":242,"url":"https:\/\/alpoma.net\/carto\/?p=242","url_meta":{"origin":225,"position":3},"title":"M\u00e1s sobre incendios","author":"alpoma","date":"agosto 11, 2006","format":false,"excerpt":"Gracias a un amable comentario y a una anotaci\u00f3n en el blog Unos paseos, anoto dos recursos relacionados con incendios forestales de gran inter\u00e9s: (Gracias Monta\u00f1\u00e9s ;) ) VERANO 2006: Incendi\u00f3metro de WWF\/Adena Web Fire Mapper","rel":"","context":"En \u00abEn l\u00ednea\u00bb","block_context":{"text":"En l\u00ednea","link":"https:\/\/alpoma.net\/carto\/?cat=5"},"img":{"alt_text":"","src":"","width":0,"height":0},"classes":[]},{"id":709,"url":"https:\/\/alpoma.net\/carto\/?p=709","url_meta":{"origin":225,"position":4},"title":"Web Fire Mapper, incendios en tiempo real","author":"alpoma","date":"noviembre 15, 2008","format":false,"excerpt":"El sistema FIRMS, Fire Information for Resource Management System, fundado por la NASA y centralizado en la Universidad de Maryland, integra sensores de teledetecci\u00f3n, tecnolog\u00eda GIS y dem\u00e1s elementos \u00fatiles para la detecci\u00f3n remota de incendios, como el magn\u00edfico MODIS, ofreciendo datos en \"tiempo real\" a escala planetaria sobre incendios.\u2026","rel":"","context":"En \u00abEn l\u00ednea\u00bb","block_context":{"text":"En l\u00ednea","link":"https:\/\/alpoma.net\/carto\/?cat=5"},"img":{"alt_text":"","src":"https:\/\/i0.wp.com\/alpoma.net\/carto\/wp-content\/uploads\/2008\/11\/3032789990_513b7e2daf_o.jpg?resize=350%2C200&ssl=1","width":350,"height":200,"srcset":"https:\/\/i0.wp.com\/alpoma.net\/carto\/wp-content\/uploads\/2008\/11\/3032789990_513b7e2daf_o.jpg?resize=350%2C200&ssl=1 1x, https:\/\/i0.wp.com\/alpoma.net\/carto\/wp-content\/uploads\/2008\/11\/3032789990_513b7e2daf_o.jpg?resize=525%2C300&ssl=1 1.5x"},"classes":[]},{"id":875,"url":"https:\/\/alpoma.net\/carto\/?p=875","url_meta":{"origin":225,"position":5},"title":"Incendios en Grecia (Imagen de sat\u00e9lite)","author":"alpoma","date":"agosto 24, 2009","format":false,"excerpt":"Imagen tomada el 22 de agosto por el intrumento MODIS de la NASA, a bordo del sat\u00e9lite Aqua. En rojo aparecen marcados los focos de los incendios, de los que parten inmensas columnas de humo. Fuente: NASA EA Observatory. | Ampliar imagen |","rel":"","context":"En \u00abRiesgos Naturales\u00bb","block_context":{"text":"Riesgos Naturales","link":"https:\/\/alpoma.net\/carto\/?cat=6"},"img":{"alt_text":"","src":"https:\/\/i0.wp.com\/alpoma.net\/carto\/wp-content\/uploads\/2009\/08\/3852620731_d38fa94923_o.jpg?resize=350%2C200&ssl=1","width":350,"height":200,"srcset":"https:\/\/i0.wp.com\/alpoma.net\/carto\/wp-content\/uploads\/2009\/08\/3852620731_d38fa94923_o.jpg?resize=350%2C200&ssl=1 1x, https:\/\/i0.wp.com\/alpoma.net\/carto\/wp-content\/uploads\/2009\/08\/3852620731_d38fa94923_o.jpg?resize=525%2C300&ssl=1 1.5x"},"classes":[]}],"jetpack_sharing_enabled":true,"_links":{"self":[{"href":"https:\/\/alpoma.net\/carto\/index.php?rest_route=\/wp\/v2\/posts\/225","targetHints":{"allow":["GET"]}}],"collection":[{"href":"https:\/\/alpoma.net\/carto\/index.php?rest_route=\/wp\/v2\/posts"}],"about":[{"href":"https:\/\/alpoma.net\/carto\/index.php?rest_route=\/wp\/v2\/types\/post"}],"author":[{"embeddable":true,"href":"https:\/\/alpoma.net\/carto\/index.php?rest_route=\/wp\/v2\/users\/1"}],"replies":[{"embeddable":true,"href":"https:\/\/alpoma.net\/carto\/index.php?rest_route=%2Fwp%2Fv2%2Fcomments&post=225"}],"version-history":[{"count":0,"href":"https:\/\/alpoma.net\/carto\/index.php?rest_route=\/wp\/v2\/posts\/225\/revisions"}],"wp:featuredmedia":[{"embeddable":true,"href":"https:\/\/alpoma.net\/carto\/index.php?rest_route=\/wp\/v2\/media\/4628"}],"wp:attachment":[{"href":"https:\/\/alpoma.net\/carto\/index.php?rest_route=%2Fwp%2Fv2%2Fmedia&parent=225"}],"wp:term":[{"taxonomy":"category","embeddable":true,"href":"https:\/\/alpoma.net\/carto\/index.php?rest_route=%2Fwp%2Fv2%2Fcategories&post=225"},{"taxonomy":"post_tag","embeddable":true,"href":"https:\/\/alpoma.net\/carto\/index.php?rest_route=%2Fwp%2Fv2%2Ftags&post=225"}],"curies":[{"name":"wp","href":"https:\/\/api.w.org\/{rel}","templated":true}]}}