{"id":222,"date":"2006-07-11T19:26:41","date_gmt":"2006-07-11T17:26:41","guid":{"rendered":"http:\/\/alpoma.net\/carto\/?p=222"},"modified":"2006-07-11T19:30:37","modified_gmt":"2006-07-11T17:30:37","slug":"el-metop-a-la-espera-de-su-lanzamiento","status":"publish","type":"post","link":"https:\/\/alpoma.net\/carto\/?p=222","title":{"rendered":"El MetOp a la espera de su lanzamiento"},"content":{"rendered":"<p><a href=\"http:\/\/www.flickr.com\/photos\/alpoma\/187417260\/\" title=\"Photo Sharing\"><img loading=\"lazy\" decoding=\"async\" src=\"http:\/\/static.flickr.com\/67\/187417260_f2b4c46277_m.jpg\" width=\"240\" height=\"159\" alt=\"metop\" class=\"izda\"\/><\/a>Si todo sale bien, en menos de una semana, el nov\u00edsimo sat\u00e9lite de observaci\u00f3n ambiental de la <strong>Agencia Espacial Europea<\/strong>, ESA, denominado <strong>MetOp<\/strong>, ser\u00e1 enviado al espacio desde el cosm\u00f3dromo de Baikonur en Kazakhstan. <\/p>\n<p>Desde su \u00f3rbita polar, a trav\u00e9s de los once sensores cient\u00edficos que porta, realizar\u00e1 diversos estudios acerca de los oc\u00e9anos y la atm\u00f3sfera terrestres.<\/p>\n<p>M\u00e1s informaci\u00f3n en <strong><a href=\"http:\/\/www.universetoday.com\/2006\/07\/10\/metop-prepares-for-launch\/\" class=\"enlaces\">Universe Today<\/a><\/strong>.<\/p>\n","protected":false},"excerpt":{"rendered":"<div class=\"mh-excerpt\"><p>Si todo sale bien, en menos de una semana, el nov\u00edsimo sat\u00e9lite de observaci\u00f3n ambiental de la Agencia Espacial Europea, ESA, denominado MetOp, ser\u00e1 enviado <a class=\"mh-excerpt-more\" href=\"https:\/\/alpoma.net\/carto\/?p=222\" title=\"El MetOp a la espera de su lanzamiento\">[&#8230;]<\/a><\/p>\n<\/div>","protected":false},"author":1,"featured_media":4717,"comment_status":"open","ping_status":"open","sticky":false,"template":"","format":"standard","meta":{"jetpack_post_was_ever_published":false,"_jetpack_newsletter_access":"","_jetpack_dont_email_post_to_subs":false,"_jetpack_newsletter_tier_id":0,"_jetpack_memberships_contains_paywalled_content":false,"_jetpack_memberships_contains_paid_content":false,"footnotes":""},"categories":[6,3],"tags":[],"class_list":["post-222","post","type-post","status-publish","format-standard","has-post-thumbnail","hentry","category-riesgos-naturales","category-teledeteccion"],"jetpack_featured_media_url":"https:\/\/alpoma.net\/carto\/wp-content\/uploads\/2006\/07\/187417260_f2b4c46277_m.jpg","jetpack_shortlink":"https:\/\/wp.me\/p93Co9-3A","jetpack-related-posts":[{"id":2678,"url":"https:\/\/alpoma.net\/carto\/?p=2678","url_meta":{"origin":222,"position":0},"title":"Creta, un rasg\u00f3n en el Mediterr\u00e1neo","author":"alpoma","date":"agosto 15, 2011","format":false,"excerpt":"Por mucho que est\u00e9 acostumbrado a trabajar con im\u00e1genes de la Tierra tomadas desde el espacio, no dejo de sorprenderme ante la belleza de muchas de ellas, como este ejemplo que nos muestra a Creta, ese precioso \"rasg\u00f3n\" en el Mediterr\u00e1neo oriental, retratada en toda su grandeza desde la ISS\u2026","rel":"","context":"En \u00abTeledetecci\u00f3n\u00bb","block_context":{"text":"Teledetecci\u00f3n","link":"https:\/\/alpoma.net\/carto\/?cat=3"},"img":{"alt_text":"","src":"https:\/\/i0.wp.com\/alpoma.net\/carto\/wp-content\/uploads\/2011\/08\/6045696581_50c2453dba_o.jpg?resize=350%2C200&ssl=1","width":350,"height":200,"srcset":"https:\/\/i0.wp.com\/alpoma.net\/carto\/wp-content\/uploads\/2011\/08\/6045696581_50c2453dba_o.jpg?resize=350%2C200&ssl=1 1x, https:\/\/i0.wp.com\/alpoma.net\/carto\/wp-content\/uploads\/2011\/08\/6045696581_50c2453dba_o.jpg?resize=525%2C300&ssl=1 1.5x"},"classes":[]},{"id":7786,"url":"https:\/\/alpoma.net\/carto\/?p=7786","url_meta":{"origin":222,"position":1},"title":"James Wyld y su \u00abGran Globo\u00bb","author":"alpoma","date":"febrero 3, 2023","format":false,"excerpt":"Ahora que en estos d\u00edas tengo en marcha una nueva campa\u00f1a en Kickstarter, en esta ocasi\u00f3n sobre un libro que recupera mapas de atlas escolares y familiares de la segunda mitad del siglo XIX, voy a recuperar la costumbre de realizar nuevas publicaciones en este blog, aunque sea temporalmente. El\u2026","rel":"","context":"En \u00abViejos mapas\u00bb","block_context":{"text":"Viejos mapas","link":"https:\/\/alpoma.net\/carto\/?cat=4"},"img":{"alt_text":"","src":"https:\/\/i0.wp.com\/alpoma.net\/carto\/wp-content\/uploads\/2023\/02\/geography-1880.jpg?resize=350%2C200&ssl=1","width":350,"height":200,"srcset":"https:\/\/i0.wp.com\/alpoma.net\/carto\/wp-content\/uploads\/2023\/02\/geography-1880.jpg?resize=350%2C200&ssl=1 1x, https:\/\/i0.wp.com\/alpoma.net\/carto\/wp-content\/uploads\/2023\/02\/geography-1880.jpg?resize=525%2C300&ssl=1 1.5x, https:\/\/i0.wp.com\/alpoma.net\/carto\/wp-content\/uploads\/2023\/02\/geography-1880.jpg?resize=700%2C400&ssl=1 2x"},"classes":[]},{"id":7352,"url":"https:\/\/alpoma.net\/carto\/?p=7352","url_meta":{"origin":222,"position":2},"title":"Un mapa del oc\u00e9ano sin fin: la proyecci\u00f3n de Spilhaus","author":"alpoma","date":"febrero 22, 2019","format":false,"excerpt":"Ten\u00eda pendiente desde hace bastante comentar algo sobre los mapas de Spilhaus, o m\u00e1s bien sobre su propuesta de proyecci\u00f3n cartogr\u00e1fica, una de las m\u00e1s fascinantes que conozco. Aquellos que vivimos en esta canica azul y pardusca que es la Tierra solemos olvidar la importancia capital que tienen los oc\u00e9anos\u2026","rel":"","context":"En \u00abCartograf\u00eda\u00bb","block_context":{"text":"Cartograf\u00eda","link":"https:\/\/alpoma.net\/carto\/?cat=9"},"img":{"alt_text":"","src":"https:\/\/i0.wp.com\/alpoma.net\/carto\/wp-content\/uploads\/2019\/02\/spilhaus-1942.png?resize=350%2C200&ssl=1","width":350,"height":200,"srcset":"https:\/\/i0.wp.com\/alpoma.net\/carto\/wp-content\/uploads\/2019\/02\/spilhaus-1942.png?resize=350%2C200&ssl=1 1x, https:\/\/i0.wp.com\/alpoma.net\/carto\/wp-content\/uploads\/2019\/02\/spilhaus-1942.png?resize=525%2C300&ssl=1 1.5x, https:\/\/i0.wp.com\/alpoma.net\/carto\/wp-content\/uploads\/2019\/02\/spilhaus-1942.png?resize=700%2C400&ssl=1 2x"},"classes":[]},{"id":2539,"url":"https:\/\/alpoma.net\/carto\/?p=2539","url_meta":{"origin":222,"position":3},"title":"Sistema de Informaci\u00f3n Geogr\u00e1fica Nacional (SIGNA)","author":"alpoma","date":"abril 28, 2011","format":false,"excerpt":"No creo que pueda hincar el diente a esto al menos hasta mediados de mayo, por falta de tiempo para revisarlo con calma, pero aunque no lo haya probado, no quiero dejar pasar la oportunidad de comentar su existencia en La Cartoteca, porque estoy seguro de que habr\u00e1 muchas personas\u2026","rel":"","context":"En \u00abSIG\u00bb","block_context":{"text":"SIG","link":"https:\/\/alpoma.net\/carto\/?cat=2"},"img":{"alt_text":"SIGNA","src":"https:\/\/i0.wp.com\/farm6.static.flickr.com\/5309\/5664318438_805434c82a_o.jpg?resize=350%2C200","width":350,"height":200},"classes":[]},{"id":107,"url":"https:\/\/alpoma.net\/carto\/?p=107","url_meta":{"origin":222,"position":4},"title":"La monta\u00f1a m\u00e1s alta de la Tierra","author":"alpoma","date":"febrero 10, 2006","format":false,"excerpt":"A esta pregunta, lo normal ser\u00eda responder: el Everest que, con sus 8.850 metros de altitud, ha sido tradicionalmente considerado como la mayor monta\u00f1a terrestre. Eso es cierto si se considera al Everest como el punto de mayor elevaci\u00f3n de la superficie terrestre pero, si somos rigurosos, no puede tomarse\u2026","rel":"","context":"En \u00abGeograf\u00eda\u00bb","block_context":{"text":"Geograf\u00eda","link":"https:\/\/alpoma.net\/carto\/?cat=7"},"img":{"alt_text":"","src":"","width":0,"height":0},"classes":[]},{"id":6103,"url":"https:\/\/alpoma.net\/carto\/?p=6103","url_meta":{"origin":222,"position":5},"title":"La visi\u00f3n del mundo de Christian Sgrooten","author":"alpoma","date":"mayo 10, 2015","format":false,"excerpt":"Christian Sgrooten fue un cart\u00f3grafo alem\u00e1n del siglo XVI que estuvo al servicio del rey Felipe II de Espa\u00f1a. Nombrado cart\u00f3grafo real en 1557, alumbr\u00f3 algunos de los mapas m\u00e1s sobresalientes de su tiempo. He aqu\u00ed dos ejemplos de esos que se pueden dejar de admirar, tanto por su car\u00e1cter\u2026","rel":"","context":"En \u00abViejos mapas\u00bb","block_context":{"text":"Viejos mapas","link":"https:\/\/alpoma.net\/carto\/?cat=4"},"img":{"alt_text":"","src":"https:\/\/i0.wp.com\/alpoma.net\/carto\/wp-content\/uploads\/2015\/05\/sgrooten_2.jpg?resize=350%2C200&ssl=1","width":350,"height":200,"srcset":"https:\/\/i0.wp.com\/alpoma.net\/carto\/wp-content\/uploads\/2015\/05\/sgrooten_2.jpg?resize=350%2C200&ssl=1 1x, https:\/\/i0.wp.com\/alpoma.net\/carto\/wp-content\/uploads\/2015\/05\/sgrooten_2.jpg?resize=525%2C300&ssl=1 1.5x, https:\/\/i0.wp.com\/alpoma.net\/carto\/wp-content\/uploads\/2015\/05\/sgrooten_2.jpg?resize=700%2C400&ssl=1 2x, https:\/\/i0.wp.com\/alpoma.net\/carto\/wp-content\/uploads\/2015\/05\/sgrooten_2.jpg?resize=1050%2C600&ssl=1 3x, https:\/\/i0.wp.com\/alpoma.net\/carto\/wp-content\/uploads\/2015\/05\/sgrooten_2.jpg?resize=1400%2C800&ssl=1 4x"},"classes":[]}],"jetpack_sharing_enabled":true,"_links":{"self":[{"href":"https:\/\/alpoma.net\/carto\/index.php?rest_route=\/wp\/v2\/posts\/222","targetHints":{"allow":["GET"]}}],"collection":[{"href":"https:\/\/alpoma.net\/carto\/index.php?rest_route=\/wp\/v2\/posts"}],"about":[{"href":"https:\/\/alpoma.net\/carto\/index.php?rest_route=\/wp\/v2\/types\/post"}],"author":[{"embeddable":true,"href":"https:\/\/alpoma.net\/carto\/index.php?rest_route=\/wp\/v2\/users\/1"}],"replies":[{"embeddable":true,"href":"https:\/\/alpoma.net\/carto\/index.php?rest_route=%2Fwp%2Fv2%2Fcomments&post=222"}],"version-history":[{"count":0,"href":"https:\/\/alpoma.net\/carto\/index.php?rest_route=\/wp\/v2\/posts\/222\/revisions"}],"wp:featuredmedia":[{"embeddable":true,"href":"https:\/\/alpoma.net\/carto\/index.php?rest_route=\/wp\/v2\/media\/4717"}],"wp:attachment":[{"href":"https:\/\/alpoma.net\/carto\/index.php?rest_route=%2Fwp%2Fv2%2Fmedia&parent=222"}],"wp:term":[{"taxonomy":"category","embeddable":true,"href":"https:\/\/alpoma.net\/carto\/index.php?rest_route=%2Fwp%2Fv2%2Fcategories&post=222"},{"taxonomy":"post_tag","embeddable":true,"href":"https:\/\/alpoma.net\/carto\/index.php?rest_route=%2Fwp%2Fv2%2Ftags&post=222"}],"curies":[{"name":"wp","href":"https:\/\/api.w.org\/{rel}","templated":true}]}}