{"id":217,"date":"2006-06-29T20:31:19","date_gmt":"2006-06-29T18:31:19","guid":{"rendered":"http:\/\/alpoma.net\/carto\/?p=217"},"modified":"2006-06-29T22:45:18","modified_gmt":"2006-06-29T20:45:18","slug":"wikimap-madrid","status":"publish","type":"post","link":"https:\/\/alpoma.net\/carto\/?p=217","title":{"rendered":"Wikimap Madrid"},"content":{"rendered":"<p>Tal y como cuenta <strong><a href=\"http:\/\/nomada.blogs.com\/jfreire\/2006\/06\/wikimap_madrid_.html\">Juan Freire en su magn\u00edfico blog<\/a><\/strong>, Wikimap Madrid es un interesante proyecto de anotaci\u00f3n urbana colaborativa:<\/p>\n<blockquote><p>&#8230;otro ejemplo de herramienta para la web 2.0 local. Mediante un interfaz simple ha construido una cartograf\u00eda colaborativa de Madrid&#8230; Mediante la herramienta de b\u00fasqueda se pueden generar cartograf\u00edas personales o comunitarias basadas en etiquetas. Este proyecto es resultado de la colaboraci\u00f3n entre el FutureLab de Ars Electronica y MediaLabMadrid del Centro Cultural Conde Duque. Cualquiera puede, de un modo sencillo, anotar localizaciones de Madrid incluyendo fotograf\u00edas y video.<\/p><\/blockquote>\n<p><img decoding=\"async\" src=\"http:\/\/static.flickr.com\/56\/177844236_75e43126d8_o.jpg\" alt=\"wikimadrid\" class=\"otros\"\/><\/p>\n<p><strong><a href=\"http:\/\/www.wikimap.es\/\" class=\"enlaces\"> Wikimap Madrid<\/a><\/strong><\/p>\n","protected":false},"excerpt":{"rendered":"<div class=\"mh-excerpt\"><p>Tal y como cuenta Juan Freire en su magn\u00edfico blog, Wikimap Madrid es un interesante proyecto de anotaci\u00f3n urbana colaborativa: &#8230;otro ejemplo de herramienta para <a class=\"mh-excerpt-more\" href=\"https:\/\/alpoma.net\/carto\/?p=217\" title=\"Wikimap Madrid\">[&#8230;]<\/a><\/p>\n<\/div>","protected":false},"author":1,"featured_media":4915,"comment_status":"open","ping_status":"open","sticky":false,"template":"","format":"standard","meta":{"jetpack_post_was_ever_published":false,"_jetpack_newsletter_access":"","_jetpack_dont_email_post_to_subs":false,"_jetpack_newsletter_tier_id":0,"_jetpack_memberships_contains_paywalled_content":false,"_jetpack_memberships_contains_paid_content":false,"footnotes":""},"categories":[5,7],"tags":[],"class_list":["post-217","post","type-post","status-publish","format-standard","has-post-thumbnail","hentry","category-en-linea","category-geografia"],"jetpack_featured_media_url":"https:\/\/alpoma.net\/carto\/wp-content\/uploads\/2006\/06\/177844236_75e43126d8_o.jpg","jetpack_shortlink":"https:\/\/wp.me\/p93Co9-3v","jetpack-related-posts":[{"id":826,"url":"https:\/\/alpoma.net\/carto\/?p=826","url_meta":{"origin":217,"position":0},"title":"Atlas Obscura","author":"alpoma","date":"junio 4, 2009","format":false,"excerpt":"Atlas Obscura, proyecto que he conocido gracias a Pruned, consiste en un cat\u00e1logo mundial, basado en Google Maps, que pretende, de forma colaborativa, servir de compendio de todo aquello \"extra\u00f1o\", raro o sorprendente que pueda hallarse en nuestro planeta. La idea parte de dos personajes inquietos, autores a su vez\u2026","rel":"","context":"En \u00abEn l\u00ednea\u00bb","block_context":{"text":"En l\u00ednea","link":"https:\/\/alpoma.net\/carto\/?cat=5"},"img":{"alt_text":"","src":"","width":0,"height":0},"classes":[]},{"id":843,"url":"https:\/\/alpoma.net\/carto\/?p=843","url_meta":{"origin":217,"position":1},"title":"Notas de actualidad #2 &#8211; Amon\u00edaco &#8211; GEOlink.es &#8211; Mapas de la Armada Imperial Japonesa","author":"alpoma","date":"julio 4, 2009","format":false,"excerpt":"RAM - La primera cartograf\u00eda global de las fuentes de amon\u00edaco medidas desde el espacio: La primera cartograf\u00eda completa de las fuentes de amon\u00edaco sobre Tierra se dispone gracias a los datos espaciales. Esta cartograf\u00eda muestra una infravaloraci\u00f3n de algunas fuentes de amon\u00edaco disponibles en los inventarios actuales. GEOlink.es: Colecci\u00f3n\u2026","rel":"","context":"En \u00abEn l\u00ednea\u00bb","block_context":{"text":"En l\u00ednea","link":"https:\/\/alpoma.net\/carto\/?cat=5"},"img":{"alt_text":"","src":"","width":0,"height":0},"classes":[]},{"id":4152,"url":"https:\/\/alpoma.net\/carto\/?p=4152","url_meta":{"origin":217,"position":2},"title":"Planetary.js, un globo terr\u00e1queo interactivo para la web&#8230;","author":"alpoma","date":"enero 3, 2014","format":false,"excerpt":"...o para cualquier proyecto en que se pueda utilizar javascript. Pienso, por ejemplo, en aplicaciones HTML5 adaptadas para tablets o similares con Phonegap o alguna herramienta parecida (en este sentido siempre recomiendo echar un vistazo a proyectos como Baker, que pueden llegar a sorprender). Vale, no me desv\u00edo m\u00e1s. Planetary.js\u2026","rel":"","context":"En \u00abEn l\u00ednea\u00bb","block_context":{"text":"En l\u00ednea","link":"https:\/\/alpoma.net\/carto\/?cat=5"},"img":{"alt_text":"ejemplo_terremotos","src":"https:\/\/i0.wp.com\/alpoma.net\/carto\/wp-content\/uploads\/2014\/01\/ejemplo_terremotos-300x300.png?resize=350%2C200","width":350,"height":200},"classes":[]},{"id":6409,"url":"https:\/\/alpoma.net\/carto\/?p=6409","url_meta":{"origin":217,"position":3},"title":"Cervantes y el Madrid del siglo XVII en un mapa interactivo","author":"alpoma","date":"abril 27, 2016","format":false,"excerpt":"Estos d\u00edas Miguel de Cervantes est\u00e1 apareciendo por todas partes y no es para menos, pues nos encontramos en el IV Centenario de su muerte. Pero como entre mapas estamos, lo que aqu\u00ed nos ocupa es una \"aparici\u00f3n\" muy especial de Cervantes. En este caso se trata de una iniciativa\u2026","rel":"","context":"En \u00abEn l\u00ednea\u00bb","block_context":{"text":"En l\u00ednea","link":"https:\/\/alpoma.net\/carto\/?cat=5"},"img":{"alt_text":"","src":"https:\/\/i0.wp.com\/alpoma.net\/carto\/wp-content\/uploads\/2016\/04\/cervantes_1.png?resize=350%2C200&ssl=1","width":350,"height":200,"srcset":"https:\/\/i0.wp.com\/alpoma.net\/carto\/wp-content\/uploads\/2016\/04\/cervantes_1.png?resize=350%2C200&ssl=1 1x, https:\/\/i0.wp.com\/alpoma.net\/carto\/wp-content\/uploads\/2016\/04\/cervantes_1.png?resize=525%2C300&ssl=1 1.5x, https:\/\/i0.wp.com\/alpoma.net\/carto\/wp-content\/uploads\/2016\/04\/cervantes_1.png?resize=700%2C400&ssl=1 2x, https:\/\/i0.wp.com\/alpoma.net\/carto\/wp-content\/uploads\/2016\/04\/cervantes_1.png?resize=1050%2C600&ssl=1 3x"},"classes":[]},{"id":3138,"url":"https:\/\/alpoma.net\/carto\/?p=3138","url_meta":{"origin":217,"position":4},"title":"[Convocatoria] Programa Completo M\u00e1ster Profesional en Direcci\u00f3n de Proyectos y Servicios Geoespaciales &#8211; \u2028Abierta Matr\u00edcula","author":"alpoma","date":"febrero 6, 2012","format":false,"excerpt":"Me hago eco de una convocatoria interesante: El Instituto Geogr\u00e1fico Nacional (IGN) organiza conjuntamente con la Universidad Polit\u00e9cnica de Madrid (UPM) el M\u00e1ster Profesional en Direcci\u00f3n de Proyectos y Gesti\u00f3n de Servicios Geoespaciales. Puedes consultar en este enlace el Programa y temario completo del m\u00e1ster en PDF. El M\u00e1ster se\u2026","rel":"","context":"En \u00abMiscel\u00e1nea\u00bb","block_context":{"text":"Miscel\u00e1nea","link":"https:\/\/alpoma.net\/carto\/?cat=1"},"img":{"alt_text":"Imagen_master_alumnos","src":"https:\/\/i0.wp.com\/farm8.staticflickr.com\/7008\/6830768775_2c8e79143d_m.jpg?resize=350%2C200","width":350,"height":200},"classes":[]},{"id":2742,"url":"https:\/\/alpoma.net\/carto\/?p=2742","url_meta":{"origin":217,"position":5},"title":"M\u00e1ster IGN\/CNIG \u2013 UPM en Direcci\u00f3n de Proyectos y Servicios Geoespaciales","author":"alpoma","date":"septiembre 14, 2011","format":false,"excerpt":"En los \u00faltimos tiempos el panorama formativo relacionado con geotecnolog\u00edas est\u00e1 cambiando de manera muy interesante, he aqu\u00ed una convocatoria realmente atractiva: La Universidad Polit\u00e9cnica de Madrid (UPM) y el Instituto Geogr\u00e1fico Nacional (IGN)-CNIG organizan el M\u00e1ster en Direcci\u00f3n de Proyectos y Servicios Geoespaciales para promover el desarrollo profesional de\u2026","rel":"","context":"En \u00abSIG\u00bb","block_context":{"text":"SIG","link":"https:\/\/alpoma.net\/carto\/?cat=2"},"img":{"alt_text":"header_masterdirgeo","src":"https:\/\/i0.wp.com\/farm7.static.flickr.com\/6155\/6147148253_a0849dfbeb_m.jpg?resize=350%2C200","width":350,"height":200},"classes":[]}],"jetpack_sharing_enabled":true,"_links":{"self":[{"href":"https:\/\/alpoma.net\/carto\/index.php?rest_route=\/wp\/v2\/posts\/217","targetHints":{"allow":["GET"]}}],"collection":[{"href":"https:\/\/alpoma.net\/carto\/index.php?rest_route=\/wp\/v2\/posts"}],"about":[{"href":"https:\/\/alpoma.net\/carto\/index.php?rest_route=\/wp\/v2\/types\/post"}],"author":[{"embeddable":true,"href":"https:\/\/alpoma.net\/carto\/index.php?rest_route=\/wp\/v2\/users\/1"}],"replies":[{"embeddable":true,"href":"https:\/\/alpoma.net\/carto\/index.php?rest_route=%2Fwp%2Fv2%2Fcomments&post=217"}],"version-history":[{"count":0,"href":"https:\/\/alpoma.net\/carto\/index.php?rest_route=\/wp\/v2\/posts\/217\/revisions"}],"wp:featuredmedia":[{"embeddable":true,"href":"https:\/\/alpoma.net\/carto\/index.php?rest_route=\/wp\/v2\/media\/4915"}],"wp:attachment":[{"href":"https:\/\/alpoma.net\/carto\/index.php?rest_route=%2Fwp%2Fv2%2Fmedia&parent=217"}],"wp:term":[{"taxonomy":"category","embeddable":true,"href":"https:\/\/alpoma.net\/carto\/index.php?rest_route=%2Fwp%2Fv2%2Fcategories&post=217"},{"taxonomy":"post_tag","embeddable":true,"href":"https:\/\/alpoma.net\/carto\/index.php?rest_route=%2Fwp%2Fv2%2Ftags&post=217"}],"curies":[{"name":"wp","href":"https:\/\/api.w.org\/{rel}","templated":true}]}}