{"id":215,"date":"2006-06-28T14:48:37","date_gmt":"2006-06-28T12:48:37","guid":{"rendered":"http:\/\/alpoma.net\/carto\/?p=215"},"modified":"2006-06-30T10:04:52","modified_gmt":"2006-06-30T08:04:52","slug":"galeria-de-enlaces-2","status":"publish","type":"post","link":"https:\/\/alpoma.net\/carto\/?p=215","title":{"rendered":"Galer\u00eda de enlaces"},"content":{"rendered":"<p>Una vez m\u00e1s, no tengo mucho tiempo para explorar todo el nuevo material que desear\u00eda detallar en La Cartoteca, por ello y para no dejar pasar algunas novedades, he aqu\u00ed una serie de recursos de inter\u00e9s que me han llamado la atenci\u00f3n en los \u00faltimos d\u00edas:<\/p>\n<p><strong><a href=\"http:\/\/www.iambiente.pt\/portal\/page?_pageid=33,32142&#038;_dad=gov_portal_ia&#038;_schema=GOV_PORTAL_IA&#038;id_doc=5204&#038;id_menu=5194\"  class=\"enlaces\">Atlas do Ambiente<\/a><\/strong> &#8211; Interesante cartograf\u00eda ambiental de Portugal.<br \/>\n<strong><a href=\"http:\/\/www.iambiente.pt\/portal\/page?_pageid=33,32142&#038;_dad=gov_portal_ia&#038;_schema=GOV_PORTAL_IA&#038;id_doc=6296&#038;id_menu=5604\" class=\"enlaces\">Corine Landcover 2000 de Portugal<\/a><\/strong><br \/>\n<strong><a href=\"http:\/\/www.arc-team.com\/archeos\/index.html\" class=\"enlaces\">ArcheOS Akhenaton v. 1.1.6<\/a><\/strong> GNU\/Linux orientado a labores SIG para arque\u00f3logos.<\/p>\n","protected":false},"excerpt":{"rendered":"<div class=\"mh-excerpt\"><p>Una vez m\u00e1s, no tengo mucho tiempo para explorar todo el nuevo material que desear\u00eda detallar en La Cartoteca, por ello y para no dejar <a class=\"mh-excerpt-more\" href=\"https:\/\/alpoma.net\/carto\/?p=215\" title=\"Galer\u00eda de enlaces\">[&#8230;]<\/a><\/p>\n<\/div>","protected":false},"author":1,"featured_media":0,"comment_status":"open","ping_status":"open","sticky":false,"template":"","format":"standard","meta":{"jetpack_post_was_ever_published":false,"_jetpack_newsletter_access":"","_jetpack_dont_email_post_to_subs":false,"_jetpack_newsletter_tier_id":0,"_jetpack_memberships_contains_paywalled_content":false,"_jetpack_memberships_contains_paid_content":false,"footnotes":""},"categories":[5,7,2,3],"tags":[],"class_list":["post-215","post","type-post","status-publish","format-standard","hentry","category-en-linea","category-geografia","category-sig","category-teledeteccion"],"jetpack_featured_media_url":"","jetpack_shortlink":"https:\/\/wp.me\/p93Co9-3t","jetpack-related-posts":[{"id":512,"url":"https:\/\/alpoma.net\/carto\/?p=512","url_meta":{"origin":215,"position":0},"title":"MDT de Portugal","author":"alpoma","date":"marzo 27, 2008","format":false,"excerpt":"Gracias al Profesor Jos\u00e9 Alberto Gon\u00e7alves, de la Facultad de Ingenier\u00eda de la Universidad de Oporto, est\u00e1 disponible en Internet un modelo digital del terreno dedicado al Portugal continental, a partir de un mosaico de tomas SRTM: DEM SRTM para Portugal | V\u00eda Lista de correo de Teledeteci\u00f3n de RedIRIS\u2026","rel":"","context":"En \u00abCartograf\u00eda\u00bb","block_context":{"text":"Cartograf\u00eda","link":"https:\/\/alpoma.net\/carto\/?cat=9"},"img":{"alt_text":"","src":"","width":0,"height":0},"classes":[]},{"id":3244,"url":"https:\/\/alpoma.net\/carto\/?p=3244","url_meta":{"origin":215,"position":1},"title":"V Encuentro del Grupo de Trabajo de Cartotecas P\u00fablicas Hispano-Luso (IBERCARTO)","author":"alpoma","date":"marzo 28, 2012","format":false,"excerpt":"Me hago eco de la siguiente convocatoria que con seguridad interesar\u00e1 a muchos lectores de La Cartoteca: EL V ENCUENTRO DEL GRUPO DE CARTOTECAS IBERCARTO TENDR\u00c1 LUGAR EN SANTANDER EL 4 Y 5 DE OCTUBRE. La tem\u00e1tica general girar\u00e1 en torno al tema \u201cLa globalizaci\u00f3n de la Cartograf\u00eda\u201d. El Departamento\u2026","rel":"","context":"En \u00abCartograf\u00eda\u00bb","block_context":{"text":"Cartograf\u00eda","link":"https:\/\/alpoma.net\/carto\/?cat=9"},"img":{"alt_text":"","src":"","width":0,"height":0},"classes":[]},{"id":2160,"url":"https:\/\/alpoma.net\/carto\/?p=2160","url_meta":{"origin":215,"position":2},"title":"[Libro] Tratamiento de datos espaciales en hidrolog\u00eda","author":"alpoma","date":"diciembre 20, 2010","format":false,"excerpt":"Antes de nada, quiero agradecer a Jorge del R\u00edo San Jos\u00e9 el gesto de haberme regalado un ejemplar de su nuevo y magn\u00edfico libro: Introducci\u00f3n al tratamiento de datos espaciales en hidrolog\u00eda Quiero recordar que Jorge, adem\u00e1s de ser conocido en la geoblogosfera como padre de El mundo de los\u2026","rel":"","context":"En \u00abSIG\u00bb","block_context":{"text":"SIG","link":"https:\/\/alpoma.net\/carto\/?cat=2"},"img":{"alt_text":"intro_hidrologia","src":"https:\/\/i0.wp.com\/farm6.static.flickr.com\/5170\/5277967126_dcbdf8cf50_o.jpg?resize=350%2C200","width":350,"height":200},"classes":[]},{"id":445,"url":"https:\/\/alpoma.net\/carto\/?p=445","url_meta":{"origin":215,"position":3},"title":"V\u00eddeos de la Mesa Redonda \u00abSoftware libre, software propietario y SIG\u00bb","author":"alpoma","date":"diciembre 20, 2007","format":false,"excerpt":"Hoy toca hacerse eco de una reciente reuni\u00f3n y del material generado en la misma. Tal y como leo en el aviso que me ha llegado al respecto... Ya est\u00e1n disponibles en Youtube los v\u00eddeos de la Mesa Redonda \"Software libre, software propietario y SIG\" organizada por la Asociaci\u00f3n de\u2026","rel":"","context":"En \u00abEn l\u00ednea\u00bb","block_context":{"text":"En l\u00ednea","link":"https:\/\/alpoma.net\/carto\/?cat=5"},"img":{"alt_text":"","src":"","width":0,"height":0},"classes":[]},{"id":310,"url":"https:\/\/alpoma.net\/carto\/?p=310","url_meta":{"origin":215,"position":4},"title":"Proyecto OSGeo en espa\u00f1ol","author":"alpoma","date":"marzo 9, 2007","format":false,"excerpt":"En las I Jornadas de Software Libre celebradas en Girona esta semana, se ha dado a conocer una nueva iniciativa para promover el desarrollo de una comunidad a favor del software libre para SIG en espa\u00f1ol y, m\u00e1s concretamente, se eligi\u00f3 OSGeo como proyecto aglutinador de comunidades de desarrollo, usuarios\u2026","rel":"","context":"En \u00abSIG\u00bb","block_context":{"text":"SIG","link":"https:\/\/alpoma.net\/carto\/?cat=2"},"img":{"alt_text":"","src":"","width":0,"height":0},"classes":[]},{"id":418,"url":"https:\/\/alpoma.net\/carto\/?p=418","url_meta":{"origin":215,"position":5},"title":"Novedades GIS","author":"alpoma","date":"septiembre 27, 2007","format":false,"excerpt":"Reconozco que es man\u00eda, cada vez que me refiero a cualquier aspecto sobre Sistemas de Informaci\u00f3n Geogr\u00e1fica, utilizo el t\u00e9rmino GIS, heredado del ingl\u00e9s, en vez de SIG, que me sigue pareciendo raro. En fin, son detalles que, pienso, carecen de importancia... \u00a1Aunque la categor\u00eda que he dedicado al tema\u2026","rel":"","context":"En \u00abSIG\u00bb","block_context":{"text":"SIG","link":"https:\/\/alpoma.net\/carto\/?cat=2"},"img":{"alt_text":"","src":"","width":0,"height":0},"classes":[]}],"jetpack_sharing_enabled":true,"_links":{"self":[{"href":"https:\/\/alpoma.net\/carto\/index.php?rest_route=\/wp\/v2\/posts\/215","targetHints":{"allow":["GET"]}}],"collection":[{"href":"https:\/\/alpoma.net\/carto\/index.php?rest_route=\/wp\/v2\/posts"}],"about":[{"href":"https:\/\/alpoma.net\/carto\/index.php?rest_route=\/wp\/v2\/types\/post"}],"author":[{"embeddable":true,"href":"https:\/\/alpoma.net\/carto\/index.php?rest_route=\/wp\/v2\/users\/1"}],"replies":[{"embeddable":true,"href":"https:\/\/alpoma.net\/carto\/index.php?rest_route=%2Fwp%2Fv2%2Fcomments&post=215"}],"version-history":[{"count":0,"href":"https:\/\/alpoma.net\/carto\/index.php?rest_route=\/wp\/v2\/posts\/215\/revisions"}],"wp:attachment":[{"href":"https:\/\/alpoma.net\/carto\/index.php?rest_route=%2Fwp%2Fv2%2Fmedia&parent=215"}],"wp:term":[{"taxonomy":"category","embeddable":true,"href":"https:\/\/alpoma.net\/carto\/index.php?rest_route=%2Fwp%2Fv2%2Fcategories&post=215"},{"taxonomy":"post_tag","embeddable":true,"href":"https:\/\/alpoma.net\/carto\/index.php?rest_route=%2Fwp%2Fv2%2Ftags&post=215"}],"curies":[{"name":"wp","href":"https:\/\/api.w.org\/{rel}","templated":true}]}}