{"id":212,"date":"2006-06-26T16:28:31","date_gmt":"2006-06-26T14:28:31","guid":{"rendered":"http:\/\/alpoma.net\/carto\/?p=212"},"modified":"2006-06-26T16:40:28","modified_gmt":"2006-06-26T14:40:28","slug":"cartografia-de-aerosoles-en-la-atmosfera","status":"publish","type":"post","link":"https:\/\/alpoma.net\/carto\/?p=212","title":{"rendered":"Cartograf\u00eda de aerosoles en la atm\u00f3sfera"},"content":{"rendered":"<p>Como complemento a <strong><a href=\"http:\/\/www.alpoma.net\/tecob\/?p=513\">mi art\u00edculo en TecOb<\/a><\/strong> acerca de los aerosoles atmosf\u00e9ricos, he recopilado una breve seleccci\u00f3n de recursos cartogr\u00e1ficos sobre el tema:<\/p>\n<p>&#8211;> <strong><a href=\"http:\/\/www.calima.ws\/\">El sistema CALIMA<\/a><\/strong> -Caracterizaci\u00f3n de aerosoles originados por intrusiones de masas de aire africanas- proporciona datos, cartograf\u00eda e informaci\u00f3n actualizada acerca de los aerosoles de origen africano que llegan a Espa\u00f1a.<\/p>\n<p><img decoding=\"async\" src=\"http:\/\/static.flickr.com\/74\/175450908_4f6c0743ae_o.jpg\" alt=\"calima\" class=\"otros\"\/><\/p>\n<p>&#8211;> <strong><a href=\"http:\/\/aeronet.gsfc.nasa.gov\/\">AERONET<\/a><\/strong> (AErosol RObotic NETwork)<\/p>\n<p>&#8211;> <strong><a href=\"http:\/\/forecast.uoa.gr\/dustindx.html\">Sistema SKIRON<\/a><\/strong>, de la Universidad de Atenas.<\/p>\n<p><img decoding=\"async\" src=\"http:\/\/static.flickr.com\/46\/175453958_13e3aa1d16_o.jpg\" alt=\"skiron\" class=\"otros\"\/><\/p>\n<p>&#8211;><strong> <a href=\"http:\/\/toms.gsfc.nasa.gov\/index_v8.html\">OMI Data on Aerosol, Ozone, and Reflectivity<\/a> (NASA) <\/strong> El sistema TOMS\/OMI de la NASA, proporciona una \u00fatil base de datos sobre la distribuci\u00f3n de aerosoles en la atm\u00f3sfera, adem\u00e1s de mostrar informaci\u00f3n acerca de la reflectividad y el ozono a escala planetaria.<\/p>\n<p><img decoding=\"async\" src=\"http:\/\/static.flickr.com\/52\/175393352_985076cef2_o.jpg\" alt=\"TOMS\" class=\"otros\"\/><\/p>\n","protected":false},"excerpt":{"rendered":"<div class=\"mh-excerpt\"><p>Como complemento a mi art\u00edculo en TecOb acerca de los aerosoles atmosf\u00e9ricos, he recopilado una breve seleccci\u00f3n de recursos cartogr\u00e1ficos sobre el tema: &#8211;> El <a class=\"mh-excerpt-more\" href=\"https:\/\/alpoma.net\/carto\/?p=212\" title=\"Cartograf\u00eda de aerosoles en la atm\u00f3sfera\">[&#8230;]<\/a><\/p>\n<\/div>","protected":false},"author":1,"featured_media":4795,"comment_status":"open","ping_status":"open","sticky":false,"template":"","format":"standard","meta":{"jetpack_post_was_ever_published":false,"_jetpack_newsletter_access":"","_jetpack_dont_email_post_to_subs":false,"_jetpack_newsletter_tier_id":0,"_jetpack_memberships_contains_paywalled_content":false,"_jetpack_memberships_contains_paid_content":false,"footnotes":""},"categories":[7,6,2,3],"tags":[],"class_list":["post-212","post","type-post","status-publish","format-standard","has-post-thumbnail","hentry","category-geografia","category-riesgos-naturales","category-sig","category-teledeteccion"],"jetpack_featured_media_url":"https:\/\/alpoma.net\/carto\/wp-content\/uploads\/2006\/06\/175450908_4f6c0743ae_o.jpg","jetpack_shortlink":"https:\/\/wp.me\/p93Co9-3q","jetpack-related-posts":[{"id":4327,"url":"https:\/\/alpoma.net\/carto\/?p=4327","url_meta":{"origin":212,"position":0},"title":"Hay algo en el aire&#8230;","author":"alpoma","date":"agosto 19, 2014","format":false,"excerpt":"Al leer sobre este mapa me vino a la cabeza una c\u00e9lebre cancioncilla de los setenta, Dust in the Wind. La cuesti\u00f3n viene a ser esa, aunque el t\u00e9rmino correcto en este caso ser\u00eda aerosol. La contaminaci\u00f3n atmosf\u00e9rica puede ser de diferente tipo, siendo una de las m\u00e1s importantes y\u2026","rel":"","context":"En \u00abRiesgos Naturales\u00bb","block_context":{"text":"Riesgos Naturales","link":"https:\/\/alpoma.net\/carto\/?cat=6"},"img":{"alt_text":"","src":"https:\/\/i0.wp.com\/alpoma.net\/carto\/wp-content\/uploads\/2014\/08\/AOD_difference_GOCART_2009-2000_web.png?resize=350%2C200&ssl=1","width":350,"height":200,"srcset":"https:\/\/i0.wp.com\/alpoma.net\/carto\/wp-content\/uploads\/2014\/08\/AOD_difference_GOCART_2009-2000_web.png?resize=350%2C200&ssl=1 1x, https:\/\/i0.wp.com\/alpoma.net\/carto\/wp-content\/uploads\/2014\/08\/AOD_difference_GOCART_2009-2000_web.png?resize=525%2C300&ssl=1 1.5x, https:\/\/i0.wp.com\/alpoma.net\/carto\/wp-content\/uploads\/2014\/08\/AOD_difference_GOCART_2009-2000_web.png?resize=700%2C400&ssl=1 2x"},"classes":[]},{"id":7588,"url":"https:\/\/alpoma.net\/carto\/?p=7588","url_meta":{"origin":212,"position":1},"title":"Imagen de la gigantesca nube de aerosoles creada por los incendios en Australia","author":"alpoma","date":"enero 9, 2020","format":false,"excerpt":"En las \u00faltimas semanas el grave problema de los incendios en Australia ha llegado a todos los medios de comunicaci\u00f3n, as\u00ed que no viene al caso comentar nada que no se haya dicho ya por doquier. Sin embargo, me acaba de llegar por correo electr\u00f3nico una comunicaci\u00f3n de la ESA\u2026","rel":"","context":"En \u00abRiesgos Naturales\u00bb","block_context":{"text":"Riesgos Naturales","link":"https:\/\/alpoma.net\/carto\/?cat=6"},"img":{"alt_text":"","src":"https:\/\/i0.wp.com\/alpoma.net\/carto\/wp-content\/uploads\/2020\/01\/incendios-australia-nube-humo.jpg?resize=350%2C200&ssl=1","width":350,"height":200,"srcset":"https:\/\/i0.wp.com\/alpoma.net\/carto\/wp-content\/uploads\/2020\/01\/incendios-australia-nube-humo.jpg?resize=350%2C200&ssl=1 1x, https:\/\/i0.wp.com\/alpoma.net\/carto\/wp-content\/uploads\/2020\/01\/incendios-australia-nube-humo.jpg?resize=525%2C300&ssl=1 1.5x, https:\/\/i0.wp.com\/alpoma.net\/carto\/wp-content\/uploads\/2020\/01\/incendios-australia-nube-humo.jpg?resize=700%2C400&ssl=1 2x"},"classes":[]},{"id":7593,"url":"https:\/\/alpoma.net\/carto\/?p=7593","url_meta":{"origin":212,"position":2},"title":"Comparaci\u00f3n entre la superficie quemada en los incencios australianos y la pen\u00ednsula ib\u00e9rica","author":"alpoma","date":"enero 13, 2020","format":false,"excerpt":"Cuando cualquier cifra alcanza cierto tama\u00f1o, ya sea muy grande o muy peque\u00f1o, se suele perder la perspectiva sobre qu\u00e9 significa realmente. Lo m\u00e1s usual, para entender realmente qu\u00e9 significa un n\u00famero muy grande de cualquier cosa, es compararlo con algo que nos sea m\u00e1s cercano o, al menos, m\u00e1s\u2026","rel":"","context":"En \u00abRiesgos Naturales\u00bb","block_context":{"text":"Riesgos Naturales","link":"https:\/\/alpoma.net\/carto\/?cat=6"},"img":{"alt_text":"","src":"https:\/\/i0.wp.com\/alpoma.net\/carto\/wp-content\/uploads\/2020\/01\/incendios-australia-comparacion-peninsula-iberica.png?resize=350%2C200&ssl=1","width":350,"height":200,"srcset":"https:\/\/i0.wp.com\/alpoma.net\/carto\/wp-content\/uploads\/2020\/01\/incendios-australia-comparacion-peninsula-iberica.png?resize=350%2C200&ssl=1 1x, https:\/\/i0.wp.com\/alpoma.net\/carto\/wp-content\/uploads\/2020\/01\/incendios-australia-comparacion-peninsula-iberica.png?resize=525%2C300&ssl=1 1.5x, https:\/\/i0.wp.com\/alpoma.net\/carto\/wp-content\/uploads\/2020\/01\/incendios-australia-comparacion-peninsula-iberica.png?resize=700%2C400&ssl=1 2x"},"classes":[]},{"id":82,"url":"https:\/\/alpoma.net\/carto\/?p=82","url_meta":{"origin":212,"position":3},"title":"El Sol se oscurece en China","author":"alpoma","date":"enero 19, 2006","format":false,"excerpt":"Una reciente investigaci\u00f3n ha mostrado que la radiaci\u00f3n solar que llega al suelo en China, ha disminuido en los \u00faltimos cincuenta a\u00f1os. Era de esperar la observaci\u00f3n de un aumento en la nubosidad pero, curiosamente, se da el fen\u00f3meno contrario, \u00e9sta ha disminuido. Aunque han aumentado considerablemente los d\u00edas libres\u2026","rel":"","context":"En \u00abGeograf\u00eda\u00bb","block_context":{"text":"Geograf\u00eda","link":"https:\/\/alpoma.net\/carto\/?cat=7"},"img":{"alt_text":"","src":"https:\/\/i0.wp.com\/alpoma.net\/carto\/wp-content\/uploads\/2006\/01\/china_nubes.jpg?resize=350%2C200&ssl=1","width":350,"height":200},"classes":[]},{"id":2462,"url":"https:\/\/alpoma.net\/carto\/?p=2462","url_meta":{"origin":212,"position":4},"title":"Nube de polvo sahariano sobre el Atl\u00e1ntico","author":"alpoma","date":"abril 7, 2011","format":false,"excerpt":"Esta imagen, tomada por el instrumento MODIS a bordo del sat\u00e9lite Terra de la NASA, muestra claramente una gran nube de polvo de origen sahariano sobre el Oc\u00e9ano Atl\u00e1ntico, frente a las costas portuguesas. Este polvo, al margen de lo molesto que pueda ser en ciertas ocasiones, juega un papel\u2026","rel":"","context":"En \u00abTeledetecci\u00f3n\u00bb","block_context":{"text":"Teledetecci\u00f3n","link":"https:\/\/alpoma.net\/carto\/?cat=3"},"img":{"alt_text":"","src":"https:\/\/i0.wp.com\/alpoma.net\/carto\/wp-content\/uploads\/2011\/04\/5598218764_cc00797b90_o.jpg?resize=350%2C200&ssl=1","width":350,"height":200,"srcset":"https:\/\/i0.wp.com\/alpoma.net\/carto\/wp-content\/uploads\/2011\/04\/5598218764_cc00797b90_o.jpg?resize=350%2C200&ssl=1 1x, https:\/\/i0.wp.com\/alpoma.net\/carto\/wp-content\/uploads\/2011\/04\/5598218764_cc00797b90_o.jpg?resize=525%2C300&ssl=1 1.5x"},"classes":[]},{"id":1405,"url":"https:\/\/alpoma.net\/carto\/?p=1405","url_meta":{"origin":212,"position":5},"title":"Terra y la Tierra","author":"alpoma","date":"febrero 25, 2010","format":false,"excerpt":"La misi\u00f3n Terra (EOS AM-1), de la NASA, cumple ya una d\u00e9cada de vida monitorizando nuestro planeta, as\u00ed que no viene mal repasar un poco y de forma visual, c\u00f3mo nos ha contemplado esta plataforma orbital de teledetecci\u00f3n en estos a\u00f1os. En Earth Observatory se hace un completo repaso, con\u2026","rel":"","context":"En \u00abTeledetecci\u00f3n\u00bb","block_context":{"text":"Teledetecci\u00f3n","link":"https:\/\/alpoma.net\/carto\/?cat=3"},"img":{"alt_text":"","src":"https:\/\/i0.wp.com\/alpoma.net\/carto\/wp-content\/uploads\/2010\/02\/4386938267_9f8c560022_m.jpg?resize=350%2C200&ssl=1","width":350,"height":200},"classes":[]}],"jetpack_sharing_enabled":true,"_links":{"self":[{"href":"https:\/\/alpoma.net\/carto\/index.php?rest_route=\/wp\/v2\/posts\/212","targetHints":{"allow":["GET"]}}],"collection":[{"href":"https:\/\/alpoma.net\/carto\/index.php?rest_route=\/wp\/v2\/posts"}],"about":[{"href":"https:\/\/alpoma.net\/carto\/index.php?rest_route=\/wp\/v2\/types\/post"}],"author":[{"embeddable":true,"href":"https:\/\/alpoma.net\/carto\/index.php?rest_route=\/wp\/v2\/users\/1"}],"replies":[{"embeddable":true,"href":"https:\/\/alpoma.net\/carto\/index.php?rest_route=%2Fwp%2Fv2%2Fcomments&post=212"}],"version-history":[{"count":0,"href":"https:\/\/alpoma.net\/carto\/index.php?rest_route=\/wp\/v2\/posts\/212\/revisions"}],"wp:featuredmedia":[{"embeddable":true,"href":"https:\/\/alpoma.net\/carto\/index.php?rest_route=\/wp\/v2\/media\/4795"}],"wp:attachment":[{"href":"https:\/\/alpoma.net\/carto\/index.php?rest_route=%2Fwp%2Fv2%2Fmedia&parent=212"}],"wp:term":[{"taxonomy":"category","embeddable":true,"href":"https:\/\/alpoma.net\/carto\/index.php?rest_route=%2Fwp%2Fv2%2Fcategories&post=212"},{"taxonomy":"post_tag","embeddable":true,"href":"https:\/\/alpoma.net\/carto\/index.php?rest_route=%2Fwp%2Fv2%2Ftags&post=212"}],"curies":[{"name":"wp","href":"https:\/\/api.w.org\/{rel}","templated":true}]}}