{"id":21,"date":"2005-11-04T17:32:25","date_gmt":"2005-11-04T15:32:25","guid":{"rendered":"http:\/\/alpoma.net\/carto\/?p=21"},"modified":"2005-11-04T17:32:25","modified_gmt":"2005-11-04T15:32:25","slug":"teledeteccion-de-la-esa","status":"publish","type":"post","link":"https:\/\/alpoma.net\/carto\/?p=21","title":{"rendered":"Teledetecci\u00f3n de la ESA"},"content":{"rendered":"<p>La Agencia Espacial Europea, ofrece una serie de fotograf\u00edas de teledetecci\u00f3n que se actualizan semanalmente y resultan muy interesantes, acompa\u00f1adas de explicaciones y la posibilidad de descargar una versi\u00f3n fotogr\u00e1fica de gran tama\u00f1o. Esta semana ofrece una espectacular imagen de la costa bengal\u00ed en la India:<\/p>\n<p>&#8211;> <a href=\"http:\/\/www.esa.int\/esaEO\/SEMLSF638FE_index_0.html\">Earth from Space: West Bengal, India<\/a><br \/>\n&#8211;> <a href=\"http:\/\/esamultimedia.esa.int\/images\/EarthObservation\/images_of_the_week\/Calcutta_India_ASA_WSM_H.jpg\">HI-RES JPG<\/a> (274 kb)<br \/>\n&#8211;> <a href=\"http:\/\/esamultimedia.esa.int\/images\/EarthObservation\/images_of_the_week\/Calcutta_India_ASA_WSM_H.tif\">HI-RES TIFF<\/a> (19.914 kb)<\/p>\n","protected":false},"excerpt":{"rendered":"<div class=\"mh-excerpt\"><p>La Agencia Espacial Europea, ofrece una serie de fotograf\u00edas de teledetecci\u00f3n que se actualizan semanalmente y resultan muy interesantes, acompa\u00f1adas de explicaciones y la posibilidad <a class=\"mh-excerpt-more\" href=\"https:\/\/alpoma.net\/carto\/?p=21\" title=\"Teledetecci\u00f3n de la ESA\">[&#8230;]<\/a><\/p>\n<\/div>","protected":false},"author":1,"featured_media":0,"comment_status":"open","ping_status":"open","sticky":false,"template":"","format":"standard","meta":{"jetpack_post_was_ever_published":false,"_jetpack_newsletter_access":"","_jetpack_dont_email_post_to_subs":false,"_jetpack_newsletter_tier_id":0,"_jetpack_memberships_contains_paywalled_content":false,"_jetpack_memberships_contains_paid_content":false,"footnotes":""},"categories":[5,3],"tags":[],"class_list":["post-21","post","type-post","status-publish","format-standard","hentry","category-en-linea","category-teledeteccion"],"jetpack_featured_media_url":"","jetpack_shortlink":"https:\/\/wp.me\/p93Co9-l","jetpack-related-posts":[{"id":830,"url":"https:\/\/alpoma.net\/carto\/?p=830","url_meta":{"origin":21,"position":0},"title":"Europa unida","author":"alpoma","date":"junio 12, 2009","format":false,"excerpt":"La Agencia Espacial Europea (ESA), ha presentado un impresionante mosaico de Europa realizado gracias a la uni\u00f3n de im\u00e1genes adquiridas en julio de 2007 por el sat\u00e9lite Envisat a trav\u00e9s de su c\u00e1mara MERIS (Medium Resolution Imaging Spectrometer instrument). En el texto explicativo difundido por la ESA se percibe cierto\u2026","rel":"","context":"En \u00abTeledetecci\u00f3n\u00bb","block_context":{"text":"Teledetecci\u00f3n","link":"https:\/\/alpoma.net\/carto\/?cat=3"},"img":{"alt_text":"","src":"https:\/\/i0.wp.com\/alpoma.net\/carto\/wp-content\/uploads\/2009\/06\/3619552065_8f4c0cdafd_o.jpg?resize=350%2C200&ssl=1","width":350,"height":200,"srcset":"https:\/\/i0.wp.com\/alpoma.net\/carto\/wp-content\/uploads\/2009\/06\/3619552065_8f4c0cdafd_o.jpg?resize=350%2C200&ssl=1 1x, https:\/\/i0.wp.com\/alpoma.net\/carto\/wp-content\/uploads\/2009\/06\/3619552065_8f4c0cdafd_o.jpg?resize=525%2C300&ssl=1 1.5x"},"classes":[]},{"id":2978,"url":"https:\/\/alpoma.net\/carto\/?p=2978","url_meta":{"origin":21,"position":1},"title":"La Pen\u00ednsula Ib\u00e9rica de noche","author":"alpoma","date":"diciembre 26, 2011","format":false,"excerpt":"Espectacular fotograf\u00eda nocturna de la Pen\u00ednsula Ib\u00e9rica tomada el pasado 4 de diciembre desde la Estaci\u00f3n Espacial Internacional. De acuerdo, no es una fotograf\u00eda de gran calidad ni tiene mucho inter\u00e9s para alg\u00fan tipo de an\u00e1lisis de teledetecci\u00f3n, pero es de ese tipo de im\u00e1genes que atraen en cuanto se\u2026","rel":"","context":"En \u00abTeledetecci\u00f3n\u00bb","block_context":{"text":"Teledetecci\u00f3n","link":"https:\/\/alpoma.net\/carto\/?cat=3"},"img":{"alt_text":"","src":"https:\/\/i0.wp.com\/alpoma.net\/carto\/wp-content\/uploads\/2011\/12\/6573854205_c2ee5c87dd_z.jpg?resize=350%2C200&ssl=1","width":350,"height":200,"srcset":"https:\/\/i0.wp.com\/alpoma.net\/carto\/wp-content\/uploads\/2011\/12\/6573854205_c2ee5c87dd_z.jpg?resize=350%2C200&ssl=1 1x, https:\/\/i0.wp.com\/alpoma.net\/carto\/wp-content\/uploads\/2011\/12\/6573854205_c2ee5c87dd_z.jpg?resize=525%2C300&ssl=1 1.5x"},"classes":[]},{"id":711,"url":"https:\/\/alpoma.net\/carto\/?p=711","url_meta":{"origin":21,"position":2},"title":"Im\u00e1genes de sat\u00e9lite TTI","author":"alpoma","date":"noviembre 16, 2008","format":false,"excerpt":"TTI Production es una compa\u00f1\u00eda internacional de consultor\u00eda sobre im\u00e1genes de sat\u00e9lite y tecnolog\u00eda de teledetecci\u00f3n que cuenta en su web corporativa, y esto es lo que aqu\u00ed en La Cartoteca nos interesa, con una secci\u00f3n donde ofrece im\u00e1genes de sat\u00e9lite gratuitas seleccionadas, en formato PDF: TTI - Free Satellite\u2026","rel":"","context":"En \u00abEn l\u00ednea\u00bb","block_context":{"text":"En l\u00ednea","link":"https:\/\/alpoma.net\/carto\/?cat=5"},"img":{"alt_text":"","src":"https:\/\/i0.wp.com\/alpoma.net\/carto\/wp-content\/uploads\/2008\/11\/3034060413_2f63878795_o.jpg?resize=350%2C200&ssl=1","width":350,"height":200,"srcset":"https:\/\/i0.wp.com\/alpoma.net\/carto\/wp-content\/uploads\/2008\/11\/3034060413_2f63878795_o.jpg?resize=350%2C200&ssl=1 1x, https:\/\/i0.wp.com\/alpoma.net\/carto\/wp-content\/uploads\/2008\/11\/3034060413_2f63878795_o.jpg?resize=525%2C300&ssl=1 1.5x"},"classes":[]},{"id":147,"url":"https:\/\/alpoma.net\/carto\/?p=147","url_meta":{"origin":21,"position":3},"title":"CLICK!","author":"alpoma","date":"marzo 16, 2006","format":false,"excerpt":"Con este curioso nombre, que atrae hacia sus recursos, percisamente para hacer \"click\", se bautiza el Center for LIDAR Information Coordination and Knowledge, que ofrece en Internet datos acerca estudios cartogr\u00e1ficos y GIS que utilizan LIDAR en los Estados Unidos. Una web muy interesante que, adem\u00e1s de un pegadizo nombre,\u2026","rel":"","context":"En \u00abCartograf\u00eda\u00bb","block_context":{"text":"Cartograf\u00eda","link":"https:\/\/alpoma.net\/carto\/?cat=9"},"img":{"alt_text":"","src":"","width":0,"height":0},"classes":[]},{"id":4202,"url":"https:\/\/alpoma.net\/carto\/?p=4202","url_meta":{"origin":21,"position":4},"title":"Noche norcoreana","author":"alpoma","date":"febrero 24, 2014","format":false,"excerpt":"En 2006 ya mencion\u00e9 este asunto en La Cartoteca, pero una nueva imagen, con mayor calidad, vuelve a traerlo de actualidad. En realidad no hay mucho que decir, es una de esas im\u00e1genes que hablan por s\u00ed solas. He aqu\u00ed una toma nocturna desde la ISS, realizada el 30 de\u2026","rel":"","context":"En \u00abTeledetecci\u00f3n\u00bb","block_context":{"text":"Teledetecci\u00f3n","link":"https:\/\/alpoma.net\/carto\/?cat=3"},"img":{"alt_text":"","src":"https:\/\/i0.wp.com\/alpoma.net\/carto\/wp-content\/uploads\/2014\/02\/ISScorea1.jpg?resize=350%2C200&ssl=1","width":350,"height":200,"srcset":"https:\/\/i0.wp.com\/alpoma.net\/carto\/wp-content\/uploads\/2014\/02\/ISScorea1.jpg?resize=350%2C200&ssl=1 1x, https:\/\/i0.wp.com\/alpoma.net\/carto\/wp-content\/uploads\/2014\/02\/ISScorea1.jpg?resize=525%2C300&ssl=1 1.5x, https:\/\/i0.wp.com\/alpoma.net\/carto\/wp-content\/uploads\/2014\/02\/ISScorea1.jpg?resize=700%2C400&ssl=1 2x"},"classes":[]},{"id":256,"url":"https:\/\/alpoma.net\/carto\/?p=256","url_meta":{"origin":21,"position":5},"title":"Superficie quemada en Galicia","author":"alpoma","date":"septiembre 14, 2006","format":false,"excerpt":"Muchas cifras, dir\u00edase guerra de datos, se han ofrecido \u00faltimamente acerca de la superficie quemada en los incencios del pasado Agosto en Galicia. He aqu\u00ed un interesante informe acerca del uso de la tecnolog\u00eda de teledetecci\u00f3n en la medida de esa superficie. (Se han contabilizado m\u00e1s de 92.000 Ha): Evaluaci\u00f3n\u2026","rel":"","context":"En \u00abGeograf\u00eda\u00bb","block_context":{"text":"Geograf\u00eda","link":"https:\/\/alpoma.net\/carto\/?cat=7"},"img":{"alt_text":"","src":"","width":0,"height":0},"classes":[]}],"jetpack_sharing_enabled":true,"_links":{"self":[{"href":"https:\/\/alpoma.net\/carto\/index.php?rest_route=\/wp\/v2\/posts\/21","targetHints":{"allow":["GET"]}}],"collection":[{"href":"https:\/\/alpoma.net\/carto\/index.php?rest_route=\/wp\/v2\/posts"}],"about":[{"href":"https:\/\/alpoma.net\/carto\/index.php?rest_route=\/wp\/v2\/types\/post"}],"author":[{"embeddable":true,"href":"https:\/\/alpoma.net\/carto\/index.php?rest_route=\/wp\/v2\/users\/1"}],"replies":[{"embeddable":true,"href":"https:\/\/alpoma.net\/carto\/index.php?rest_route=%2Fwp%2Fv2%2Fcomments&post=21"}],"version-history":[{"count":0,"href":"https:\/\/alpoma.net\/carto\/index.php?rest_route=\/wp\/v2\/posts\/21\/revisions"}],"wp:attachment":[{"href":"https:\/\/alpoma.net\/carto\/index.php?rest_route=%2Fwp%2Fv2%2Fmedia&parent=21"}],"wp:term":[{"taxonomy":"category","embeddable":true,"href":"https:\/\/alpoma.net\/carto\/index.php?rest_route=%2Fwp%2Fv2%2Fcategories&post=21"},{"taxonomy":"post_tag","embeddable":true,"href":"https:\/\/alpoma.net\/carto\/index.php?rest_route=%2Fwp%2Fv2%2Ftags&post=21"}],"curies":[{"name":"wp","href":"https:\/\/api.w.org\/{rel}","templated":true}]}}