{"id":1999,"date":"2010-10-22T19:23:41","date_gmt":"2010-10-22T17:23:41","guid":{"rendered":"http:\/\/alpoma.net\/carto\/?p=1999"},"modified":"2010-10-22T19:23:41","modified_gmt":"2010-10-22T17:23:41","slug":"mapa-tipografico-de-valencia","status":"publish","type":"post","link":"https:\/\/alpoma.net\/carto\/?p=1999","title":{"rendered":"Mapa tipogr\u00e1fico de Valencia"},"content":{"rendered":"<p>Los mapas tipogr\u00e1ficos est\u00e1n de moda, como lo demostr\u00f3 recientemente un <a href=\"http:\/\/alpoma.net\/carto\/?p=1913\">excepcional proyecto de Axis Maps<\/a>. Sabiendo lo que cuesta, en tiempo y paciencia, realizar una de estas maravillas, no puedo hacer menos que felicitar al estudio <strong><a href=\"http:\/\/quematenaldisenador.blogspot.com\/2010\/10\/valencia-tipografica.html\">Que Maten al Dise\u00f1ador<\/a><\/strong> por este mapa tipogr\u00e1fico de Valencia, donde las tramas urbanas han sido substituidas por fuentes tipogr\u00e1ficas. Por cierto, quien lo desee puede adquirir una versi\u00f3n impresa. \ud83d\ude09<\/p>\n<p><em>Fragmento del mapa tipogr\u00e1fico de Valencia<\/em>.<br \/>\n<a href=\"http:\/\/www.flickr.com\/photos\/alpoma\/5105474888\/\" title=\"valencia_tipografica\"><img loading=\"lazy\" decoding=\"async\" src=\"http:\/\/farm2.static.flickr.com\/1366\/5105474888_d8e4032547_o.jpg\" width=\"620\" height=\"391\" alt=\"valencia_tipografica\" class=\"otros\"\/><\/a><\/p>\n<p>| V\u00eda <a href=\"http:\/\/cuatrotipos.wordpress.com\/2010\/10\/22\/hat-trick-octubre-2010\/\">Cuatro Tipos<\/a> |<\/p>\n","protected":false},"excerpt":{"rendered":"<div class=\"mh-excerpt\"><p>Los mapas tipogr\u00e1ficos est\u00e1n de moda, como lo demostr\u00f3 recientemente un excepcional proyecto de Axis Maps. Sabiendo lo que cuesta, en tiempo y paciencia, realizar <a class=\"mh-excerpt-more\" href=\"https:\/\/alpoma.net\/carto\/?p=1999\" title=\"Mapa tipogr\u00e1fico de Valencia\">[&#8230;]<\/a><\/p>\n<\/div>","protected":false},"author":1,"featured_media":5179,"comment_status":"open","ping_status":"open","sticky":false,"template":"","format":"standard","meta":{"jetpack_post_was_ever_published":false,"_jetpack_newsletter_access":"","_jetpack_dont_email_post_to_subs":false,"_jetpack_newsletter_tier_id":0,"_jetpack_memberships_contains_paywalled_content":false,"_jetpack_memberships_contains_paid_content":false,"footnotes":""},"categories":[9,10],"tags":[],"class_list":["post-1999","post","type-post","status-publish","format-standard","has-post-thumbnail","hentry","category-cartografia","category-experimentos"],"jetpack_featured_media_url":"https:\/\/alpoma.net\/carto\/wp-content\/uploads\/2010\/10\/5105474888_d8e4032547_o.jpg","jetpack_shortlink":"https:\/\/wp.me\/p93Co9-wf","jetpack-related-posts":[{"id":1913,"url":"https:\/\/alpoma.net\/carto\/?p=1913","url_meta":{"origin":1999,"position":0},"title":"Mapas tipogr\u00e1ficos de Boston y Chicago","author":"alpoma","date":"octubre 3, 2010","format":false,"excerpt":"No se trata de un error, no he cambiado una \"o\" por una \"i\", aunque dado mi grado habitual de despiste bien pudiera hacer sido as\u00ed. Nada de eso, esta maravilla es un \"mapa tipogr\u00e1fico\", o lo que es igual: un trabajo minucioso que ha llevado muchos meses de trabajo\u2026","rel":"","context":"En \u00abCartograf\u00eda\u00bb","block_context":{"text":"Cartograf\u00eda","link":"https:\/\/alpoma.net\/carto\/?cat=9"},"img":{"alt_text":"","src":"https:\/\/i0.wp.com\/alpoma.net\/carto\/wp-content\/uploads\/2010\/10\/5048399022_ec857dc0d8_o.jpg?resize=350%2C200&ssl=1","width":350,"height":200,"srcset":"https:\/\/i0.wp.com\/alpoma.net\/carto\/wp-content\/uploads\/2010\/10\/5048399022_ec857dc0d8_o.jpg?resize=350%2C200&ssl=1 1x, https:\/\/i0.wp.com\/alpoma.net\/carto\/wp-content\/uploads\/2010\/10\/5048399022_ec857dc0d8_o.jpg?resize=525%2C300&ssl=1 1.5x"},"classes":[]},{"id":2293,"url":"https:\/\/alpoma.net\/carto\/?p=2293","url_meta":{"origin":1999,"position":1},"title":"Mundo tipogr\u00e1fico","author":"alpoma","date":"enero 31, 2011","format":false,"excerpt":"La moda de los mapas tipogr\u00e1ficos amenaza con terminar por aburrir, o puede que se convierta en toda una clase de mapas ampliamente difundida. Veremos lo que sucede, ser\u00e1 divertido ver c\u00f3mo evoluciona la idea. Por mi parte, partiendo de los archivos de mi proyecto de mapas vectoriales, he creado\u2026","rel":"","context":"En \u00abExperimentos\u00bb","block_context":{"text":"Experimentos","link":"https:\/\/alpoma.net\/carto\/?cat=10"},"img":{"alt_text":"typomap","src":"https:\/\/i0.wp.com\/farm6.static.flickr.com\/5259\/5404990233_830e207242_m.jpg?resize=350%2C200","width":350,"height":200},"classes":[]},{"id":2377,"url":"https:\/\/alpoma.net\/carto\/?p=2377","url_meta":{"origin":1999,"position":2},"title":"Mapa de infografistas por el mundo","author":"alpoma","date":"marzo 10, 2011","format":false,"excerpt":"Chiqui Esteban, toda una referencia en el arte de la infograf\u00eda, volvi\u00f3 a la carga hace poco tiempo con su mapa de infografistas del mundo. El primer intento tuvo un final abrupto cuando alguien decidi\u00f3 borrar los datos del mapa original. Ahora, aunque sigue funcionando sobre Google Maps, ya no\u2026","rel":"","context":"En \u00abEn l\u00ednea\u00bb","block_context":{"text":"En l\u00ednea","link":"https:\/\/alpoma.net\/carto\/?cat=5"},"img":{"alt_text":"","src":"","width":0,"height":0},"classes":[]},{"id":3,"url":"https:\/\/alpoma.net\/carto\/?p=3","url_meta":{"origin":1999,"position":3},"title":"El mundo no es como lo pintan","author":"alpoma","date":"octubre 28, 2005","format":false,"excerpt":"Para inaugurar este nuevo blog, todav\u00eda en pruebas, he decidido rescatar dos post acerca de temas cartogr\u00e1ficos que publiqu\u00e9 hace meses en TecOb. Aqu\u00ed va la primera muestra... Los mapas, como realizaci\u00f3n humana, son subjetivos. No hay que escandalizarse por ello, es totalmente l\u00f3gico. El que realiza un mapa busca\u2026","rel":"","context":"En \u00abCartograf\u00eda\u00bb","block_context":{"text":"Cartograf\u00eda","link":"https:\/\/alpoma.net\/carto\/?cat=9"},"img":{"alt_text":"","src":"https:\/\/i0.wp.com\/alpoma.net\/carto\/wp-content\/uploads\/2005\/10\/mercator_europa.jpg?resize=350%2C200&ssl=1","width":350,"height":200,"srcset":"https:\/\/i0.wp.com\/alpoma.net\/carto\/wp-content\/uploads\/2005\/10\/mercator_europa.jpg?resize=350%2C200&ssl=1 1x, https:\/\/i0.wp.com\/alpoma.net\/carto\/wp-content\/uploads\/2005\/10\/mercator_europa.jpg?resize=525%2C300&ssl=1 1.5x, https:\/\/i0.wp.com\/alpoma.net\/carto\/wp-content\/uploads\/2005\/10\/mercator_europa.jpg?resize=700%2C400&ssl=1 2x"},"classes":[]},{"id":725,"url":"https:\/\/alpoma.net\/carto\/?p=725","url_meta":{"origin":1999,"position":4},"title":"Mapa de la crisis en Catalu\u00f1a","author":"alpoma","date":"diciembre 3, 2008","format":false,"excerpt":"Esto no me lo esperaba, aunque tampoco se trata de algo que no se viera venir. Veamos, teniendo a mano algo tan sencillo de utilizar como GoogleMaps, puede uno imaginarse que podr\u00eda emplearse para marcar puntos sobre un mapa referidos a pr\u00e1cticamente cualquier cosa. Dicho esto, a pocos sorprender\u00e1 esta\u2026","rel":"","context":"En \u00abEn l\u00ednea\u00bb","block_context":{"text":"En l\u00ednea","link":"https:\/\/alpoma.net\/carto\/?cat=5"},"img":{"alt_text":"","src":"","width":0,"height":0},"classes":[]},{"id":6195,"url":"https:\/\/alpoma.net\/carto\/?p=6195","url_meta":{"origin":1999,"position":5},"title":"Las m\u00e1s antiguas representaciones cartogr\u00e1ficas de las corrientes marinas","author":"alpoma","date":"julio 30, 2015","format":false,"excerpt":"Los mapas que representan las corrientes oce\u00e1nicas superficiales son comunes hoy d\u00eda, cuando contamos con mapas que van desde lo sencillo a lo m\u00e1s abigarrado. Pero no hace tanto tiempo, tanto la propia concepci\u00f3n de lo que son las corrientes marinas como su representaci\u00f3n m\u00e1s o menos certera, constitu\u00edan grandes\u2026","rel":"","context":"En \u00abViejos mapas\u00bb","block_context":{"text":"Viejos mapas","link":"https:\/\/alpoma.net\/carto\/?cat=4"},"img":{"alt_text":"","src":"https:\/\/i0.wp.com\/alpoma.net\/carto\/wp-content\/uploads\/2015\/07\/corrientes_marinas_1685.jpg?resize=350%2C200&ssl=1","width":350,"height":200,"srcset":"https:\/\/i0.wp.com\/alpoma.net\/carto\/wp-content\/uploads\/2015\/07\/corrientes_marinas_1685.jpg?resize=350%2C200&ssl=1 1x, https:\/\/i0.wp.com\/alpoma.net\/carto\/wp-content\/uploads\/2015\/07\/corrientes_marinas_1685.jpg?resize=525%2C300&ssl=1 1.5x, https:\/\/i0.wp.com\/alpoma.net\/carto\/wp-content\/uploads\/2015\/07\/corrientes_marinas_1685.jpg?resize=700%2C400&ssl=1 2x, https:\/\/i0.wp.com\/alpoma.net\/carto\/wp-content\/uploads\/2015\/07\/corrientes_marinas_1685.jpg?resize=1050%2C600&ssl=1 3x, https:\/\/i0.wp.com\/alpoma.net\/carto\/wp-content\/uploads\/2015\/07\/corrientes_marinas_1685.jpg?resize=1400%2C800&ssl=1 4x"},"classes":[]}],"jetpack_sharing_enabled":true,"_links":{"self":[{"href":"https:\/\/alpoma.net\/carto\/index.php?rest_route=\/wp\/v2\/posts\/1999","targetHints":{"allow":["GET"]}}],"collection":[{"href":"https:\/\/alpoma.net\/carto\/index.php?rest_route=\/wp\/v2\/posts"}],"about":[{"href":"https:\/\/alpoma.net\/carto\/index.php?rest_route=\/wp\/v2\/types\/post"}],"author":[{"embeddable":true,"href":"https:\/\/alpoma.net\/carto\/index.php?rest_route=\/wp\/v2\/users\/1"}],"replies":[{"embeddable":true,"href":"https:\/\/alpoma.net\/carto\/index.php?rest_route=%2Fwp%2Fv2%2Fcomments&post=1999"}],"version-history":[{"count":0,"href":"https:\/\/alpoma.net\/carto\/index.php?rest_route=\/wp\/v2\/posts\/1999\/revisions"}],"wp:featuredmedia":[{"embeddable":true,"href":"https:\/\/alpoma.net\/carto\/index.php?rest_route=\/wp\/v2\/media\/5179"}],"wp:attachment":[{"href":"https:\/\/alpoma.net\/carto\/index.php?rest_route=%2Fwp%2Fv2%2Fmedia&parent=1999"}],"wp:term":[{"taxonomy":"category","embeddable":true,"href":"https:\/\/alpoma.net\/carto\/index.php?rest_route=%2Fwp%2Fv2%2Fcategories&post=1999"},{"taxonomy":"post_tag","embeddable":true,"href":"https:\/\/alpoma.net\/carto\/index.php?rest_route=%2Fwp%2Fv2%2Ftags&post=1999"}],"curies":[{"name":"wp","href":"https:\/\/api.w.org\/{rel}","templated":true}]}}