{"id":196,"date":"2006-05-24T14:55:51","date_gmt":"2006-05-24T12:55:51","guid":{"rendered":"http:\/\/alpoma.net\/carto\/?p=196"},"modified":"2006-05-24T14:56:54","modified_gmt":"2006-05-24T12:56:54","slug":"mapas-mundiales-de-incendios","status":"publish","type":"post","link":"https:\/\/alpoma.net\/carto\/?p=196","title":{"rendered":"Mapas mundiales de incendios"},"content":{"rendered":"<p>Seg\u00fan una reciente informaci\u00f3n de la Agencia Espacial Europea:<\/p>\n<blockquote><p>Desde hace una d\u00e9cada los sat\u00e9lites de la ESA informan constantemente sobre los incendios que se producen en toda la superficie de la Tierra. Los mapas mundiales de incendios, basados en dichos datos, ya est\u00e1n disponibles para los usuarios en l\u00ednea casi en tiempo real, mediante el ATSR World Fire Atlas de la ESA.<\/p>\n<p>El WFA (ATSR World Fire Atlas), el primer atlas mundial de incendios multianual jam\u00e1s creado, suministra los datos unas seis horas despu\u00e9s de la captaci\u00f3n y representa un recurso cient\u00edfico de gran importancia, ya que el fuego es uno de los principales agentes del cambio medioambiental.<\/p><\/blockquote>\n<p><strong>&#8211;> <a href=\"http:\/\/www.esa.int\/esaCP\/SEMGRI9ATME_Spain_0.html\">Los mapas mundiales de incendios ya est\u00e1n disponibles en l\u00ednea casi en tiempo real<\/a><br \/>\n&#8211;> <a href=\"http:\/\/www.esa.int\/esaEO\/SEMRBH9ATME_environment_1.html#subhead1\">World fire maps now available online in near-real time<\/a><\/strong><\/p>\n<p><img decoding=\"async\" src=\"http:\/\/static.flickr.com\/56\/152462663_9cdaeca14e_o.jpg\" alt=\"FireAtlas\" class=\"otros\"\/><br \/>\n<sup>Incendios detectados por sensores de la ESA en 2005.<\/sup><\/p>\n","protected":false},"excerpt":{"rendered":"<div class=\"mh-excerpt\"><p>Seg\u00fan una reciente informaci\u00f3n de la Agencia Espacial Europea: Desde hace una d\u00e9cada los sat\u00e9lites de la ESA informan constantemente sobre los incendios que se <a class=\"mh-excerpt-more\" href=\"https:\/\/alpoma.net\/carto\/?p=196\" title=\"Mapas mundiales de incendios\">[&#8230;]<\/a><\/p>\n<\/div>","protected":false},"author":1,"featured_media":4442,"comment_status":"open","ping_status":"open","sticky":false,"template":"","format":"standard","meta":{"jetpack_post_was_ever_published":false,"_jetpack_newsletter_access":"","_jetpack_dont_email_post_to_subs":false,"_jetpack_newsletter_tier_id":0,"_jetpack_memberships_contains_paywalled_content":false,"_jetpack_memberships_contains_paid_content":false,"footnotes":""},"categories":[5,7,3],"tags":[],"class_list":["post-196","post","type-post","status-publish","format-standard","has-post-thumbnail","hentry","category-en-linea","category-geografia","category-teledeteccion"],"jetpack_featured_media_url":"https:\/\/alpoma.net\/carto\/wp-content\/uploads\/2006\/05\/152462663_9cdaeca14e_o.jpg","jetpack_shortlink":"https:\/\/wp.me\/p93Co9-3a","jetpack-related-posts":[{"id":709,"url":"https:\/\/alpoma.net\/carto\/?p=709","url_meta":{"origin":196,"position":0},"title":"Web Fire Mapper, incendios en tiempo real","author":"alpoma","date":"noviembre 15, 2008","format":false,"excerpt":"El sistema FIRMS, Fire Information for Resource Management System, fundado por la NASA y centralizado en la Universidad de Maryland, integra sensores de teledetecci\u00f3n, tecnolog\u00eda GIS y dem\u00e1s elementos \u00fatiles para la detecci\u00f3n remota de incendios, como el magn\u00edfico MODIS, ofreciendo datos en \"tiempo real\" a escala planetaria sobre incendios.\u2026","rel":"","context":"En \u00abEn l\u00ednea\u00bb","block_context":{"text":"En l\u00ednea","link":"https:\/\/alpoma.net\/carto\/?cat=5"},"img":{"alt_text":"","src":"https:\/\/i0.wp.com\/alpoma.net\/carto\/wp-content\/uploads\/2008\/11\/3032789990_513b7e2daf_o.jpg?resize=350%2C200&ssl=1","width":350,"height":200,"srcset":"https:\/\/i0.wp.com\/alpoma.net\/carto\/wp-content\/uploads\/2008\/11\/3032789990_513b7e2daf_o.jpg?resize=350%2C200&ssl=1 1x, https:\/\/i0.wp.com\/alpoma.net\/carto\/wp-content\/uploads\/2008\/11\/3032789990_513b7e2daf_o.jpg?resize=525%2C300&ssl=1 1.5x"},"classes":[]},{"id":99,"url":"https:\/\/alpoma.net\/carto\/?p=99","url_meta":{"origin":196,"position":1},"title":"Atlas de contaminaci\u00f3n lum\u00ednica","author":"alpoma","date":"febrero 2, 2006","format":false,"excerpt":"El Light Pollution Science and Technology Institute ha publicado un Atlas de contaminaci\u00f3n luminosa. La idea general consiste en la realizaci\u00f3n de una colecci\u00f3n de mapas generados a trav\u00e9s de fotograf\u00edas de sat\u00e9lite tomadas sobre la superficie terrestre de noche. As\u00ed, se muestran los diferentes niveles de emisi\u00f3n de luz\u2026","rel":"","context":"En \u00abGeograf\u00eda\u00bb","block_context":{"text":"Geograf\u00eda","link":"https:\/\/alpoma.net\/carto\/?cat=7"},"img":{"alt_text":"","src":"","width":0,"height":0},"classes":[]},{"id":662,"url":"https:\/\/alpoma.net\/carto\/?p=662","url_meta":{"origin":196,"position":2},"title":"Visualizando archivos KML en l\u00ednea","author":"alpoma","date":"octubre 3, 2008","format":false,"excerpt":"Parece que se avecinan tiempos muy interesantes para la cartograf\u00eda tem\u00e1tica en l\u00ednea, din\u00e1mica y a medida. S\u00f3lo estamos al principio, dir\u00edase que en la prehistoria del asunto, pero los \u00faltimos movimientos al respecto prometen emociones fuertes en un futuro pr\u00f3ximo. Hasta ahora, lo m\u00e1s normal para visualizar archivos KML\u2026","rel":"","context":"En \u00abCartograf\u00eda\u00bb","block_context":{"text":"Cartograf\u00eda","link":"https:\/\/alpoma.net\/carto\/?cat=9"},"img":{"alt_text":"","src":"https:\/\/i0.wp.com\/alpoma.net\/carto\/wp-content\/uploads\/2008\/10\/2909851591_b555f30d5d_o.jpg?resize=350%2C200&ssl=1","width":350,"height":200,"srcset":"https:\/\/i0.wp.com\/alpoma.net\/carto\/wp-content\/uploads\/2008\/10\/2909851591_b555f30d5d_o.jpg?resize=350%2C200&ssl=1 1x, https:\/\/i0.wp.com\/alpoma.net\/carto\/wp-content\/uploads\/2008\/10\/2909851591_b555f30d5d_o.jpg?resize=525%2C300&ssl=1 1.5x"},"classes":[]},{"id":1781,"url":"https:\/\/alpoma.net\/carto\/?p=1781","url_meta":{"origin":196,"position":3},"title":"Un vistazo a los incendios del mundo","author":"alpoma","date":"agosto 4, 2010","format":false,"excerpt":"Nota r\u00e1pida: Acabo de ver en la RAM un comentario sobre esta aplicaci\u00f3n web que es una especie de \"visor\" mundial que permite conocer el estado del planeta en relaci\u00f3n a los incendios forestales en \"tiempo real\". N\u00f3tese, como siempre prevengo, que eso de tiempo real es muy relativo. Las\u2026","rel":"","context":"En \u00abRiesgos Naturales\u00bb","block_context":{"text":"Riesgos Naturales","link":"https:\/\/alpoma.net\/carto\/?cat=6"},"img":{"alt_text":"","src":"https:\/\/i0.wp.com\/alpoma.net\/carto\/wp-content\/uploads\/2010\/08\/4858468578_776649d3d1_o.jpg?resize=350%2C200&ssl=1","width":350,"height":200,"srcset":"https:\/\/i0.wp.com\/alpoma.net\/carto\/wp-content\/uploads\/2010\/08\/4858468578_776649d3d1_o.jpg?resize=350%2C200&ssl=1 1x, https:\/\/i0.wp.com\/alpoma.net\/carto\/wp-content\/uploads\/2010\/08\/4858468578_776649d3d1_o.jpg?resize=525%2C300&ssl=1 1.5x"},"classes":[]},{"id":7588,"url":"https:\/\/alpoma.net\/carto\/?p=7588","url_meta":{"origin":196,"position":4},"title":"Imagen de la gigantesca nube de aerosoles creada por los incendios en Australia","author":"alpoma","date":"enero 9, 2020","format":false,"excerpt":"En las \u00faltimas semanas el grave problema de los incendios en Australia ha llegado a todos los medios de comunicaci\u00f3n, as\u00ed que no viene al caso comentar nada que no se haya dicho ya por doquier. Sin embargo, me acaba de llegar por correo electr\u00f3nico una comunicaci\u00f3n de la ESA\u2026","rel":"","context":"En \u00abRiesgos Naturales\u00bb","block_context":{"text":"Riesgos Naturales","link":"https:\/\/alpoma.net\/carto\/?cat=6"},"img":{"alt_text":"","src":"https:\/\/i0.wp.com\/alpoma.net\/carto\/wp-content\/uploads\/2020\/01\/incendios-australia-nube-humo.jpg?resize=350%2C200&ssl=1","width":350,"height":200,"srcset":"https:\/\/i0.wp.com\/alpoma.net\/carto\/wp-content\/uploads\/2020\/01\/incendios-australia-nube-humo.jpg?resize=350%2C200&ssl=1 1x, https:\/\/i0.wp.com\/alpoma.net\/carto\/wp-content\/uploads\/2020\/01\/incendios-australia-nube-humo.jpg?resize=525%2C300&ssl=1 1.5x, https:\/\/i0.wp.com\/alpoma.net\/carto\/wp-content\/uploads\/2020\/01\/incendios-australia-nube-humo.jpg?resize=700%2C400&ssl=1 2x"},"classes":[]},{"id":282,"url":"https:\/\/alpoma.net\/carto\/?p=282","url_meta":{"origin":196,"position":5},"title":"MIRAVI, la Tierra en \u00abtiempo real\u00bb","author":"alpoma","date":"diciembre 6, 2006","format":false,"excerpt":"S\u00ed, he comentado muchas veces que \"tiempo real\", cuando se trata de tomas de sat\u00e9lite, es algo muy relativo. Sin embargo, la Agencia Espacial Europea est\u00e1 empe\u00f1ada en hacer llegar a todo el mundo im\u00e1genes de sat\u00e9lite tomadas recientemente, vamos, como dicen ellos, \"casi\" en tiempo real. En verdad, una\u2026","rel":"","context":"En \u00abEn l\u00ednea\u00bb","block_context":{"text":"En l\u00ednea","link":"https:\/\/alpoma.net\/carto\/?cat=5"},"img":{"alt_text":"","src":"","width":0,"height":0},"classes":[]}],"jetpack_sharing_enabled":true,"_links":{"self":[{"href":"https:\/\/alpoma.net\/carto\/index.php?rest_route=\/wp\/v2\/posts\/196","targetHints":{"allow":["GET"]}}],"collection":[{"href":"https:\/\/alpoma.net\/carto\/index.php?rest_route=\/wp\/v2\/posts"}],"about":[{"href":"https:\/\/alpoma.net\/carto\/index.php?rest_route=\/wp\/v2\/types\/post"}],"author":[{"embeddable":true,"href":"https:\/\/alpoma.net\/carto\/index.php?rest_route=\/wp\/v2\/users\/1"}],"replies":[{"embeddable":true,"href":"https:\/\/alpoma.net\/carto\/index.php?rest_route=%2Fwp%2Fv2%2Fcomments&post=196"}],"version-history":[{"count":0,"href":"https:\/\/alpoma.net\/carto\/index.php?rest_route=\/wp\/v2\/posts\/196\/revisions"}],"wp:featuredmedia":[{"embeddable":true,"href":"https:\/\/alpoma.net\/carto\/index.php?rest_route=\/wp\/v2\/media\/4442"}],"wp:attachment":[{"href":"https:\/\/alpoma.net\/carto\/index.php?rest_route=%2Fwp%2Fv2%2Fmedia&parent=196"}],"wp:term":[{"taxonomy":"category","embeddable":true,"href":"https:\/\/alpoma.net\/carto\/index.php?rest_route=%2Fwp%2Fv2%2Fcategories&post=196"},{"taxonomy":"post_tag","embeddable":true,"href":"https:\/\/alpoma.net\/carto\/index.php?rest_route=%2Fwp%2Fv2%2Ftags&post=196"}],"curies":[{"name":"wp","href":"https:\/\/api.w.org\/{rel}","templated":true}]}}