{"id":1947,"date":"2010-10-08T20:16:17","date_gmt":"2010-10-08T18:16:17","guid":{"rendered":"http:\/\/alpoma.net\/carto\/?p=1947"},"modified":"2010-10-08T20:16:17","modified_gmt":"2010-10-08T18:16:17","slug":"unificacion-alemana-1991-2010","status":"publish","type":"post","link":"https:\/\/alpoma.net\/carto\/?p=1947","title":{"rendered":"Unificaci\u00f3n alemana (1991-2010)"},"content":{"rendered":"<p><em><strong><a href=\"http:\/\/www.economist.com\/node\/17190644\">The Economist<\/a><\/strong><\/em> present\u00f3 este mapa el 4 de octubre, intentando presentar de forma sencilla una comparaci\u00f3n econ\u00f3mica relativa al proceso de unificaci\u00f3n alemana tras dos d\u00e9cadas. No requiere mayor explicaci\u00f3n, porque el an\u00e1lisis salta a la vista, v\u00e9ase la comparaci\u00f3n entre los dos extremos cronol\u00f3gicos del per\u00edodo elegido para la producci\u00f3n (GDP, <em>Gross domestic product per person<\/em> x1.000\u20ac), poblaci\u00f3n y tasa actual de paro, que sigue siendo notablemente superior en el este.<\/p>\n<p><img decoding=\"async\" src=\"http:\/\/farm5.static.flickr.com\/4129\/5063080236_ec26c43797_o.png\" alt=\"Fuente: The Economist\" class=\"otros\"\/><\/p>\n<p>| V\u00eda <a href=\"http:\/\/www.geographictravels.com\/2010\/10\/map-of-population-and-gdp-comparisons.html\">Geographic Travels<\/a> |<\/p>\n","protected":false},"excerpt":{"rendered":"<div class=\"mh-excerpt\"><p>The Economist present\u00f3 este mapa el 4 de octubre, intentando presentar de forma sencilla una comparaci\u00f3n econ\u00f3mica relativa al proceso de unificaci\u00f3n alemana tras dos <a class=\"mh-excerpt-more\" href=\"https:\/\/alpoma.net\/carto\/?p=1947\" title=\"Unificaci\u00f3n alemana (1991-2010)\">[&#8230;]<\/a><\/p>\n<\/div>","protected":false},"author":1,"featured_media":5147,"comment_status":"open","ping_status":"open","sticky":false,"template":"","format":"standard","meta":{"jetpack_post_was_ever_published":false,"_jetpack_newsletter_access":"","_jetpack_dont_email_post_to_subs":false,"_jetpack_newsletter_tier_id":0,"_jetpack_memberships_contains_paywalled_content":false,"_jetpack_memberships_contains_paid_content":false,"footnotes":""},"categories":[7],"tags":[],"class_list":["post-1947","post","type-post","status-publish","format-standard","has-post-thumbnail","hentry","category-geografia"],"jetpack_featured_media_url":"https:\/\/alpoma.net\/carto\/wp-content\/uploads\/2010\/10\/5063080236_ec26c43797_o.png","jetpack_shortlink":"https:\/\/wp.me\/p93Co9-vp","jetpack-related-posts":[{"id":1426,"url":"https:\/\/alpoma.net\/carto\/?p=1426","url_meta":{"origin":1947,"position":0},"title":"Geograf\u00eda ficci\u00f3n en la Gran Guerra","author":"alpoma","date":"marzo 2, 2010","format":false,"excerpt":"En un art\u00edculo titulado \"El ensue\u00f1o de dos imperialismos\", Dionisio P\u00e9rez diseccionaba en el n\u00famero del 22 de agosto de 1914 de la revista La Esfera, publicada en Madrid, diversos escenarios de geograf\u00eda ficci\u00f3n en caso de varios finales para la Primera Guerra Mundial, que no hab\u00eda hecho m\u00e1s que\u2026","rel":"","context":"En \u00abViejos mapas\u00bb","block_context":{"text":"Viejos mapas","link":"https:\/\/alpoma.net\/carto\/?cat=4"},"img":{"alt_text":"","src":"https:\/\/i0.wp.com\/alpoma.net\/carto\/wp-content\/uploads\/2010\/03\/4401839780_d5b566585f_o.jpg?resize=350%2C200&ssl=1","width":350,"height":200,"srcset":"https:\/\/i0.wp.com\/alpoma.net\/carto\/wp-content\/uploads\/2010\/03\/4401839780_d5b566585f_o.jpg?resize=350%2C200&ssl=1 1x, https:\/\/i0.wp.com\/alpoma.net\/carto\/wp-content\/uploads\/2010\/03\/4401839780_d5b566585f_o.jpg?resize=525%2C300&ssl=1 1.5x"},"classes":[]},{"id":767,"url":"https:\/\/alpoma.net\/carto\/?p=767","url_meta":{"origin":1947,"position":1},"title":"Visualizaci\u00f3n del campo gravitatorio terrestre","author":"alpoma","date":"febrero 19, 2009","format":false,"excerpt":"Si se trasladan a una visi\u00f3n mixta de mapa de calor y estructura tridimensional las peculiaridades halladas en el campo de la Tierra por los sat\u00e9lites gemelos GRACE (Gravity Recovery and Climate Experiment), podremos contemplar algo como lo que aparece m\u00e1s abajo, mapas de anomal\u00edas gravitacionales. Esta misi\u00f3n conjunta de\u2026","rel":"","context":"En \u00abCartograf\u00eda\u00bb","block_context":{"text":"Cartograf\u00eda","link":"https:\/\/alpoma.net\/carto\/?cat=9"},"img":{"alt_text":"","src":"https:\/\/i0.wp.com\/alpoma.net\/carto\/wp-content\/uploads\/2009\/02\/3292201995_8bb333769b_o.jpg?resize=350%2C200&ssl=1","width":350,"height":200,"srcset":"https:\/\/i0.wp.com\/alpoma.net\/carto\/wp-content\/uploads\/2009\/02\/3292201995_8bb333769b_o.jpg?resize=350%2C200&ssl=1 1x, https:\/\/i0.wp.com\/alpoma.net\/carto\/wp-content\/uploads\/2009\/02\/3292201995_8bb333769b_o.jpg?resize=525%2C300&ssl=1 1.5x"},"classes":[]},{"id":3212,"url":"https:\/\/alpoma.net\/carto\/?p=3212","url_meta":{"origin":1947,"position":2},"title":"Una raci\u00f3n de mapas muy personal","author":"alpoma","date":"marzo 6, 2012","format":false,"excerpt":"Esta ma\u00f1ana he estado un rato conversando con Carlos Canales. Antes de despedirnos, hasta la pr\u00f3xima ocasi\u00f3n, me ha entregado tres de sus \u00faltimos libros, centrados en esta ocasi\u00f3n en la Segunda Guerra Mundial. Escritos en colaboraci\u00f3n con Miguel del Rey, y editados por EDAF, guardan en su interior algo\u2026","rel":"","context":"En \u00abCartograf\u00eda\u00bb","block_context":{"text":"Cartograf\u00eda","link":"https:\/\/alpoma.net\/carto\/?cat=9"},"img":{"alt_text":"","src":"","width":0,"height":0},"classes":[]},{"id":257,"url":"https:\/\/alpoma.net\/carto\/?p=257","url_meta":{"origin":1947,"position":3},"title":"Anomal\u00eda estacional en el hielo \u00e1rtico","author":"alpoma","date":"septiembre 19, 2006","format":false,"excerpt":"La Agencia Espacial Europea acaba de publicar un informe acerca de la gran disminuci\u00f3n observada este verano en algunas \u00e1reas de hielo polar, en el \u00c1rtico, a trav\u00e9s de la comparaci\u00f3n de im\u00e1genes de teledetecci\u00f3n tomadas entre el 23 y el 24 de agosto de este a\u00f1o con otras del\u2026","rel":"","context":"En \u00abGeograf\u00eda\u00bb","block_context":{"text":"Geograf\u00eda","link":"https:\/\/alpoma.net\/carto\/?cat=7"},"img":{"alt_text":"","src":"","width":0,"height":0},"classes":[]},{"id":7593,"url":"https:\/\/alpoma.net\/carto\/?p=7593","url_meta":{"origin":1947,"position":4},"title":"Comparaci\u00f3n entre la superficie quemada en los incencios australianos y la pen\u00ednsula ib\u00e9rica","author":"alpoma","date":"enero 13, 2020","format":false,"excerpt":"Cuando cualquier cifra alcanza cierto tama\u00f1o, ya sea muy grande o muy peque\u00f1o, se suele perder la perspectiva sobre qu\u00e9 significa realmente. Lo m\u00e1s usual, para entender realmente qu\u00e9 significa un n\u00famero muy grande de cualquier cosa, es compararlo con algo que nos sea m\u00e1s cercano o, al menos, m\u00e1s\u2026","rel":"","context":"En \u00abRiesgos Naturales\u00bb","block_context":{"text":"Riesgos Naturales","link":"https:\/\/alpoma.net\/carto\/?cat=6"},"img":{"alt_text":"","src":"https:\/\/i0.wp.com\/alpoma.net\/carto\/wp-content\/uploads\/2020\/01\/incendios-australia-comparacion-peninsula-iberica.png?resize=350%2C200&ssl=1","width":350,"height":200,"srcset":"https:\/\/i0.wp.com\/alpoma.net\/carto\/wp-content\/uploads\/2020\/01\/incendios-australia-comparacion-peninsula-iberica.png?resize=350%2C200&ssl=1 1x, https:\/\/i0.wp.com\/alpoma.net\/carto\/wp-content\/uploads\/2020\/01\/incendios-australia-comparacion-peninsula-iberica.png?resize=525%2C300&ssl=1 1.5x, https:\/\/i0.wp.com\/alpoma.net\/carto\/wp-content\/uploads\/2020\/01\/incendios-australia-comparacion-peninsula-iberica.png?resize=700%2C400&ssl=1 2x"},"classes":[]},{"id":106,"url":"https:\/\/alpoma.net\/carto\/?p=106","url_meta":{"origin":1947,"position":5},"title":"Nation Master","author":"alpoma","date":"febrero 10, 2006","format":false,"excerpt":"Nation Master es una gran e interesante base de datos mundiales, permite la b\u00fasqueda y comparaci\u00f3n de estad\u00edsticas por temas o pa\u00edses, adem\u00e1s de contar con diversos tipos de representaci\u00f3n cartogr\u00e1fica. Muy interesante. | V\u00eda CPI |","rel":"","context":"En \u00abEn l\u00ednea\u00bb","block_context":{"text":"En l\u00ednea","link":"https:\/\/alpoma.net\/carto\/?cat=5"},"img":{"alt_text":"","src":"","width":0,"height":0},"classes":[]}],"jetpack_sharing_enabled":true,"_links":{"self":[{"href":"https:\/\/alpoma.net\/carto\/index.php?rest_route=\/wp\/v2\/posts\/1947","targetHints":{"allow":["GET"]}}],"collection":[{"href":"https:\/\/alpoma.net\/carto\/index.php?rest_route=\/wp\/v2\/posts"}],"about":[{"href":"https:\/\/alpoma.net\/carto\/index.php?rest_route=\/wp\/v2\/types\/post"}],"author":[{"embeddable":true,"href":"https:\/\/alpoma.net\/carto\/index.php?rest_route=\/wp\/v2\/users\/1"}],"replies":[{"embeddable":true,"href":"https:\/\/alpoma.net\/carto\/index.php?rest_route=%2Fwp%2Fv2%2Fcomments&post=1947"}],"version-history":[{"count":0,"href":"https:\/\/alpoma.net\/carto\/index.php?rest_route=\/wp\/v2\/posts\/1947\/revisions"}],"wp:featuredmedia":[{"embeddable":true,"href":"https:\/\/alpoma.net\/carto\/index.php?rest_route=\/wp\/v2\/media\/5147"}],"wp:attachment":[{"href":"https:\/\/alpoma.net\/carto\/index.php?rest_route=%2Fwp%2Fv2%2Fmedia&parent=1947"}],"wp:term":[{"taxonomy":"category","embeddable":true,"href":"https:\/\/alpoma.net\/carto\/index.php?rest_route=%2Fwp%2Fv2%2Fcategories&post=1947"},{"taxonomy":"post_tag","embeddable":true,"href":"https:\/\/alpoma.net\/carto\/index.php?rest_route=%2Fwp%2Fv2%2Ftags&post=1947"}],"curies":[{"name":"wp","href":"https:\/\/api.w.org\/{rel}","templated":true}]}}