{"id":194,"date":"2006-05-24T12:12:52","date_gmt":"2006-05-24T10:12:52","guid":{"rendered":"http:\/\/alpoma.net\/carto\/?p=194"},"modified":"2006-05-24T12:15:20","modified_gmt":"2006-05-24T10:15:20","slug":"nuevas-misiones-para-estudiar-la-tierra","status":"publish","type":"post","link":"https:\/\/alpoma.net\/carto\/?p=194","title":{"rendered":"Nuevas misiones para estudiar la Tierra"},"content":{"rendered":"<p>La Agencia Espacial Europea acaba de anunciar una lista de seis misiones propuestas dentro del <em>Living Planet Programme<\/em>, destinadas a investigaciones sobre el planeta Tierra durante los pr\u00f3ximos a\u00f1os:<\/p>\n<p><strong>&#8211;> <a href=\"http:\/\/www.esa.int\/esaEO\/SEMHQH9ATME_index_0.html\">Six new Earth Explorer missions selected for further study<\/a><\/strong><\/p>\n<p>Estas nuevas misiones ser\u00edan:<\/p>\n<ul>\n<li>BIOMASS &#8211; Para medici\u00f3n global de biomasa vegetal.<\/li>\n<li>TRAQ &#8211; Sobre monitorizaci\u00f3n de calidad del aire.<\/li>\n<li>PREMIER &#8211; Para comprender complejos procesos biogeoqu\u00edmicos atmosf\u00e9ricos.<\/li>\n<li>FLEX &#8211; Observaci\u00f3n global del proceso fotosint\u00e9tico.<\/li>\n<li>A-SCOPE &#8211; Para comprender mejor el ciclo global del carbono.<\/li>\n<li>CoReH20 &#8211; Realizar\u00e1 observaciones detalladas de \u00e1reas heladas y del ciclo del agua.<\/li>\n<\/ul>\n","protected":false},"excerpt":{"rendered":"<div class=\"mh-excerpt\"><p>La Agencia Espacial Europea acaba de anunciar una lista de seis misiones propuestas dentro del Living Planet Programme, destinadas a investigaciones sobre el planeta Tierra <a class=\"mh-excerpt-more\" href=\"https:\/\/alpoma.net\/carto\/?p=194\" title=\"Nuevas misiones para estudiar la Tierra\">[&#8230;]<\/a><\/p>\n<\/div>","protected":false},"author":1,"featured_media":0,"comment_status":"open","ping_status":"open","sticky":false,"template":"","format":"standard","meta":{"jetpack_post_was_ever_published":false,"_jetpack_newsletter_access":"","_jetpack_dont_email_post_to_subs":false,"_jetpack_newsletter_tier_id":0,"_jetpack_memberships_contains_paywalled_content":false,"_jetpack_memberships_contains_paid_content":false,"footnotes":""},"categories":[3],"tags":[],"class_list":["post-194","post","type-post","status-publish","format-standard","hentry","category-teledeteccion"],"jetpack_featured_media_url":"","jetpack_shortlink":"https:\/\/wp.me\/p93Co9-38","jetpack-related-posts":[{"id":4029,"url":"https:\/\/alpoma.net\/carto\/?p=4029","url_meta":{"origin":194,"position":0},"title":"La respiraci\u00f3n de la Tierra","author":"alpoma","date":"agosto 19, 2013","format":false,"excerpt":"Lo de respirar es un decir, naturalmente. Sirva eso como advertencia, sobre todo porque nunca me hicieron gracia ese tipo de interpretaciones de la teor\u00eda de Gaia, de Lovelock, que se empe\u00f1aban en comparar, e incluso igualar, a nuestro planeta con un ser vivo incluso en lo fisiol\u00f3gico. De todas\u2026","rel":"","context":"En \u00abExperimentos\u00bb","block_context":{"text":"Experimentos","link":"https:\/\/alpoma.net\/carto\/?cat=10"},"img":{"alt_text":"","src":"https:\/\/i0.wp.com\/alpoma.net\/carto\/wp-content\/uploads\/2013\/08\/respira_tierra.gif?resize=350%2C200&ssl=1","width":350,"height":200,"srcset":"https:\/\/i0.wp.com\/alpoma.net\/carto\/wp-content\/uploads\/2013\/08\/respira_tierra.gif?resize=350%2C200&ssl=1 1x, https:\/\/i0.wp.com\/alpoma.net\/carto\/wp-content\/uploads\/2013\/08\/respira_tierra.gif?resize=525%2C300&ssl=1 1.5x, https:\/\/i0.wp.com\/alpoma.net\/carto\/wp-content\/uploads\/2013\/08\/respira_tierra.gif?resize=700%2C400&ssl=1 2x, https:\/\/i0.wp.com\/alpoma.net\/carto\/wp-content\/uploads\/2013\/08\/respira_tierra.gif?resize=1050%2C600&ssl=1 3x, https:\/\/i0.wp.com\/alpoma.net\/carto\/wp-content\/uploads\/2013\/08\/respira_tierra.gif?resize=1400%2C800&ssl=1 4x"},"classes":[]},{"id":230,"url":"https:\/\/alpoma.net\/carto\/?p=230","url_meta":{"origin":194,"position":1},"title":"Proyecciones cartogr\u00e1ficas en Java","author":"alpoma","date":"julio 21, 2006","format":false,"excerpt":"Atractivo intento de mostrar, del modo visualmente m\u00e1s atractivo, los diferentes tipos de proyecci\u00f3n cartogr\u00e1fica y, sobre todo, interesante forma de comprender las diferencias entre ellos, adem\u00e1s de otros curiosos detalles como una visi\u00f3n de la Tierra de noche o de diversos cuerpos del Sistema Solar. Realizado en Java: Mapping\u2026","rel":"","context":"En \u00abCartograf\u00eda\u00bb","block_context":{"text":"Cartograf\u00eda","link":"https:\/\/alpoma.net\/carto\/?cat=9"},"img":{"alt_text":"","src":"","width":0,"height":0},"classes":[]},{"id":3234,"url":"https:\/\/alpoma.net\/carto\/?p=3234","url_meta":{"origin":194,"position":2},"title":"Primer mapa geol\u00f3gico de Io","author":"alpoma","date":"marzo 20, 2012","format":false,"excerpt":"Io, el sat\u00e9lite galileano m\u00e1s cercano a J\u00fapiter, es sin duda un lugar asombroso. Por un lado tiene cierto encanto, como de peque\u00f1o planeta viscoso sin cr\u00e1teres, con un interior semifundido que le permiti\u00f3 el honor de convertirse en el primer lugar del Sistema Solar, a excepci\u00f3n de la Tierra,\u2026","rel":"","context":"En \u00abCartograf\u00eda\u00bb","block_context":{"text":"Cartograf\u00eda","link":"https:\/\/alpoma.net\/carto\/?cat=9"},"img":{"alt_text":"","src":"https:\/\/i0.wp.com\/alpoma.net\/carto\/wp-content\/uploads\/2012\/03\/7000842649_5b98efa8e2_o.jpg?resize=350%2C200&ssl=1","width":350,"height":200,"srcset":"https:\/\/i0.wp.com\/alpoma.net\/carto\/wp-content\/uploads\/2012\/03\/7000842649_5b98efa8e2_o.jpg?resize=350%2C200&ssl=1 1x, https:\/\/i0.wp.com\/alpoma.net\/carto\/wp-content\/uploads\/2012\/03\/7000842649_5b98efa8e2_o.jpg?resize=525%2C300&ssl=1 1.5x"},"classes":[]},{"id":7442,"url":"https:\/\/alpoma.net\/carto\/?p=7442","url_meta":{"origin":194,"position":3},"title":"La exploraci\u00f3n del espacio en un p\u00f3ster","author":"alpoma","date":"agosto 30, 2019","format":false,"excerpt":"Llevo publicando art\u00edculos sobre historia de la ciencia desde 2001 y, en todo este tiempo, muchos de ellos han tenido que ver con tecnolog\u00eda espacial. Puede decirse que todo lo espacial, astron\u00f3mico y astron\u00e1utico, constituye una de mis pasiones. Otra de esas pasiones es la cartograf\u00eda y el dise\u00f1o de\u2026","rel":"","context":"En \u00abExperimentos\u00bb","block_context":{"text":"Experimentos","link":"https:\/\/alpoma.net\/carto\/?cat=10"},"img":{"alt_text":"","src":"https:\/\/i0.wp.com\/alpoma.net\/carto\/wp-content\/uploads\/2019\/08\/12.jpg?resize=350%2C200&ssl=1","width":350,"height":200,"srcset":"https:\/\/i0.wp.com\/alpoma.net\/carto\/wp-content\/uploads\/2019\/08\/12.jpg?resize=350%2C200&ssl=1 1x, https:\/\/i0.wp.com\/alpoma.net\/carto\/wp-content\/uploads\/2019\/08\/12.jpg?resize=525%2C300&ssl=1 1.5x, https:\/\/i0.wp.com\/alpoma.net\/carto\/wp-content\/uploads\/2019\/08\/12.jpg?resize=700%2C400&ssl=1 2x, https:\/\/i0.wp.com\/alpoma.net\/carto\/wp-content\/uploads\/2019\/08\/12.jpg?resize=1050%2C600&ssl=1 3x, https:\/\/i0.wp.com\/alpoma.net\/carto\/wp-content\/uploads\/2019\/08\/12.jpg?resize=1400%2C800&ssl=1 4x"},"classes":[]},{"id":885,"url":"https:\/\/alpoma.net\/carto\/?p=885","url_meta":{"origin":194,"position":4},"title":"Mapa de la deuda p\u00fablica mundial","author":"alpoma","date":"septiembre 19, 2009","format":false,"excerpt":"La deuda p\u00fablica mundial avanza a toda velocidad, como muestra la captura de imagen que sirve de pie a este post, tomada de la web que es objeto del mismo. Ahora bien, n\u00fameros cambiantes y tan elevados no dicen gran cosa, salvo que el dinero se evapora por doquier y\u2026","rel":"","context":"En \u00abEn l\u00ednea\u00bb","block_context":{"text":"En l\u00ednea","link":"https:\/\/alpoma.net\/carto\/?cat=5"},"img":{"alt_text":"","src":"","width":0,"height":0},"classes":[]},{"id":109,"url":"https:\/\/alpoma.net\/carto\/?p=109","url_meta":{"origin":194,"position":5},"title":"Paleomapas","author":"alpoma","date":"febrero 11, 2006","format":false,"excerpt":"Sabemos, gracias a la teor\u00eda de la Tect\u00f3nica de Placas, que nuestro mundo no es \"estable\", los continentes se mueven, se deforman, el nivel del oc\u00e9ano cambia con el tiempo y todos los rasgos de la superficie de nuestro planeta mutan constantemente, eso s\u00ed, por lo general a una velocidad\u2026","rel":"","context":"En \u00abCartograf\u00eda\u00bb","block_context":{"text":"Cartograf\u00eda","link":"https:\/\/alpoma.net\/carto\/?cat=9"},"img":{"alt_text":"","src":"https:\/\/i0.wp.com\/alpoma.net\/carto\/wp-content\/uploads\/2006\/02\/98218019_83fe1ee19f.jpg?resize=350%2C200&ssl=1","width":350,"height":200},"classes":[]}],"jetpack_sharing_enabled":true,"_links":{"self":[{"href":"https:\/\/alpoma.net\/carto\/index.php?rest_route=\/wp\/v2\/posts\/194","targetHints":{"allow":["GET"]}}],"collection":[{"href":"https:\/\/alpoma.net\/carto\/index.php?rest_route=\/wp\/v2\/posts"}],"about":[{"href":"https:\/\/alpoma.net\/carto\/index.php?rest_route=\/wp\/v2\/types\/post"}],"author":[{"embeddable":true,"href":"https:\/\/alpoma.net\/carto\/index.php?rest_route=\/wp\/v2\/users\/1"}],"replies":[{"embeddable":true,"href":"https:\/\/alpoma.net\/carto\/index.php?rest_route=%2Fwp%2Fv2%2Fcomments&post=194"}],"version-history":[{"count":0,"href":"https:\/\/alpoma.net\/carto\/index.php?rest_route=\/wp\/v2\/posts\/194\/revisions"}],"wp:attachment":[{"href":"https:\/\/alpoma.net\/carto\/index.php?rest_route=%2Fwp%2Fv2%2Fmedia&parent=194"}],"wp:term":[{"taxonomy":"category","embeddable":true,"href":"https:\/\/alpoma.net\/carto\/index.php?rest_route=%2Fwp%2Fv2%2Fcategories&post=194"},{"taxonomy":"post_tag","embeddable":true,"href":"https:\/\/alpoma.net\/carto\/index.php?rest_route=%2Fwp%2Fv2%2Ftags&post=194"}],"curies":[{"name":"wp","href":"https:\/\/api.w.org\/{rel}","templated":true}]}}