{"id":1895,"date":"2010-09-17T16:06:06","date_gmt":"2010-09-17T14:06:06","guid":{"rendered":"http:\/\/alpoma.net\/carto\/?p=1895"},"modified":"2010-09-17T16:06:06","modified_gmt":"2010-09-17T14:06:06","slug":"los-mejores-paises-del-mundo","status":"publish","type":"post","link":"https:\/\/alpoma.net\/carto\/?p=1895","title":{"rendered":"Los mejores pa\u00edses del mundo&#8230;"},"content":{"rendered":"<p>Al menos lo son si hacemos caso a ciertas estad\u00edsticas y a su forma de ser presentadas, porque ya se sabe lo que sucede con los n\u00fameros y los gr\u00e1ficos, se puede jugar con ellos de muchas y muy diversas formas. <strong><a href=\"http:\/\/www.newsweek.com\/2010\/08\/15\/interactive-infographic-of-the-worlds-best-countries.html\">Newsweek ha presentado un gr\u00e1fico interactivo<\/a><\/strong>, muy sencillo de utilizar (requiere <em>Flash<\/em>), que permite comparar diversos par\u00e1metros econ\u00f3micos y sociales para formar una especie de clasificaci\u00f3n con los mejores pa\u00edses del mundo. A modo de curiosidad, Espa\u00f1a ocupa el puesto n\u00famero 21. Por cierto, lo que es m\u00e1s importante en mi opini\u00f3n, han tenido el acierto de a\u00f1adir un <strong><a href=\"http:\/\/www.newsweek.com\/2010\/08\/15\/world-s-best-countries-categories-metrics-and-methodology.html\">ap\u00e9ndice metodol\u00f3gico<\/a><\/strong> en el que se detallan las fuentes de los datos y los m\u00e9todos empleados en su elaboraci\u00f3n. <\/p>\n<p><img decoding=\"async\" src=\"http:\/\/farm5.static.flickr.com\/4147\/4998154039_c30c4e4c71_o.jpg\" alt=\"ranking\" class=\"otros\"\/><\/p>\n<p>| V\u00eda <a href=\"http:\/\/infosthetics.com\/archives\/2010\/09\/ranking_the_globes_top_nations.html\"> information aesthetics<\/a> |<\/p>\n","protected":false},"excerpt":{"rendered":"<div class=\"mh-excerpt\"><p>Al menos lo son si hacemos caso a ciertas estad\u00edsticas y a su forma de ser presentadas, porque ya se sabe lo que sucede con <a class=\"mh-excerpt-more\" href=\"https:\/\/alpoma.net\/carto\/?p=1895\" title=\"Los mejores pa\u00edses del mundo&#8230;\">[&#8230;]<\/a><\/p>\n<\/div>","protected":false},"author":1,"featured_media":4996,"comment_status":"open","ping_status":"open","sticky":false,"template":"","format":"standard","meta":{"jetpack_post_was_ever_published":false,"_jetpack_newsletter_access":"","_jetpack_dont_email_post_to_subs":false,"_jetpack_newsletter_tier_id":0,"_jetpack_memberships_contains_paywalled_content":false,"_jetpack_memberships_contains_paid_content":false,"footnotes":""},"categories":[5,7],"tags":[],"class_list":["post-1895","post","type-post","status-publish","format-standard","has-post-thumbnail","hentry","category-en-linea","category-geografia"],"jetpack_featured_media_url":"https:\/\/alpoma.net\/carto\/wp-content\/uploads\/2010\/09\/4998154039_c30c4e4c71_o.jpg","jetpack_shortlink":"https:\/\/wp.me\/p93Co9-uz","jetpack-related-posts":[{"id":6769,"url":"https:\/\/alpoma.net\/carto\/?p=6769","url_meta":{"origin":1895,"position":0},"title":"Libros sobre mapas para regalar (o regalarte)","author":"alpoma","date":"diciembre 15, 2017","format":false,"excerpt":"Hace unos d\u00edas, en un intercambio de mensajes en Twitter en el que particip\u00e9, se mencionaron diversos libros sobre mapas, o geograf\u00eda, que podr\u00edan ser interesantes como regalo. Hoy he revisado por encima algunos de ellos (los que tengo en mi biblioteca, a mano) y he creado una lista de\u2026","rel":"","context":"En \u00abMiscel\u00e1nea\u00bb","block_context":{"text":"Miscel\u00e1nea","link":"https:\/\/alpoma.net\/carto\/?cat=1"},"img":{"alt_text":"","src":"https:\/\/i0.wp.com\/alpoma.net\/carto\/wp-content\/uploads\/2017\/12\/paisesnoexst-300x228.jpg?resize=350%2C200","width":350,"height":200},"classes":[]},{"id":3941,"url":"https:\/\/alpoma.net\/carto\/?p=3941","url_meta":{"origin":1895,"position":1},"title":"Nace Maptorian","author":"alpoma","date":"junio 8, 2013","format":false,"excerpt":"Bien, pues tras casi un mes de parada t\u00e9cnica en La Cartoteca, llega el momento de descubrir qu\u00e9 me ha tenido ocupado. Se trata de Maptorian, una colecci\u00f3n de plantillas cartogr\u00e1ficas en formato AI para Adobe Illustrator pensada para facilitar el trabajo de dise\u00f1adores gr\u00e1ficos, periodistas, infograf\u00edas y, en general,\u2026","rel":"","context":"En \u00abCartograf\u00eda\u00bb","block_context":{"text":"Cartograf\u00eda","link":"https:\/\/alpoma.net\/carto\/?cat=9"},"img":{"alt_text":"","src":"https:\/\/i0.wp.com\/alpoma.net\/carto\/wp-content\/uploads\/2013\/06\/portada_maptorian_2.jpg?resize=350%2C200&ssl=1","width":350,"height":200,"srcset":"https:\/\/i0.wp.com\/alpoma.net\/carto\/wp-content\/uploads\/2013\/06\/portada_maptorian_2.jpg?resize=350%2C200&ssl=1 1x, https:\/\/i0.wp.com\/alpoma.net\/carto\/wp-content\/uploads\/2013\/06\/portada_maptorian_2.jpg?resize=525%2C300&ssl=1 1.5x, https:\/\/i0.wp.com\/alpoma.net\/carto\/wp-content\/uploads\/2013\/06\/portada_maptorian_2.jpg?resize=700%2C400&ssl=1 2x"},"classes":[]},{"id":861,"url":"https:\/\/alpoma.net\/carto\/?p=861","url_meta":{"origin":1895,"position":2},"title":"Comparativa entre Comunidades Aut\u00f3nomas y pa\u00edses","author":"alpoma","date":"julio 27, 2009","format":false,"excerpt":"Muchas veces se ha repetido el experimento, pero casi siempre con un \u00fanico pa\u00eds como protagonista del mismo. Por doquier se han realizado mapas en los que se ha comparado un determinado par\u00e1metro econ\u00f3mico de cada uno de los miembros de los Estados Unidos de Am\u00e9rica con su equivalente cuantitativo\u2026","rel":"","context":"En \u00abEn l\u00ednea\u00bb","block_context":{"text":"En l\u00ednea","link":"https:\/\/alpoma.net\/carto\/?cat=5"},"img":{"alt_text":"","src":"","width":0,"height":0},"classes":[]},{"id":623,"url":"https:\/\/alpoma.net\/carto\/?p=623","url_meta":{"origin":1895,"position":3},"title":"Identificador de banderas","author":"alpoma","date":"agosto 21, 2008","format":false,"excerpt":"Con esta aplicaci\u00f3n web se puede, con un poco de pericia y suerte, averiguar la bandera de un lugar o pa\u00eds por colores o formas, escudos o cualquier otro detalle que recordemos pero que, aunque lo tengamos en la punta de la lengua, no nos acordemos de d\u00f3nde pertenece. No\u2026","rel":"","context":"En \u00abEn l\u00ednea\u00bb","block_context":{"text":"En l\u00ednea","link":"https:\/\/alpoma.net\/carto\/?cat=5"},"img":{"alt_text":"","src":"","width":0,"height":0},"classes":[]},{"id":6103,"url":"https:\/\/alpoma.net\/carto\/?p=6103","url_meta":{"origin":1895,"position":4},"title":"La visi\u00f3n del mundo de Christian Sgrooten","author":"alpoma","date":"mayo 10, 2015","format":false,"excerpt":"Christian Sgrooten fue un cart\u00f3grafo alem\u00e1n del siglo XVI que estuvo al servicio del rey Felipe II de Espa\u00f1a. Nombrado cart\u00f3grafo real en 1557, alumbr\u00f3 algunos de los mapas m\u00e1s sobresalientes de su tiempo. He aqu\u00ed dos ejemplos de esos que se pueden dejar de admirar, tanto por su car\u00e1cter\u2026","rel":"","context":"En \u00abViejos mapas\u00bb","block_context":{"text":"Viejos mapas","link":"https:\/\/alpoma.net\/carto\/?cat=4"},"img":{"alt_text":"","src":"https:\/\/i0.wp.com\/alpoma.net\/carto\/wp-content\/uploads\/2015\/05\/sgrooten_2.jpg?resize=350%2C200&ssl=1","width":350,"height":200,"srcset":"https:\/\/i0.wp.com\/alpoma.net\/carto\/wp-content\/uploads\/2015\/05\/sgrooten_2.jpg?resize=350%2C200&ssl=1 1x, https:\/\/i0.wp.com\/alpoma.net\/carto\/wp-content\/uploads\/2015\/05\/sgrooten_2.jpg?resize=525%2C300&ssl=1 1.5x, https:\/\/i0.wp.com\/alpoma.net\/carto\/wp-content\/uploads\/2015\/05\/sgrooten_2.jpg?resize=700%2C400&ssl=1 2x, https:\/\/i0.wp.com\/alpoma.net\/carto\/wp-content\/uploads\/2015\/05\/sgrooten_2.jpg?resize=1050%2C600&ssl=1 3x, https:\/\/i0.wp.com\/alpoma.net\/carto\/wp-content\/uploads\/2015\/05\/sgrooten_2.jpg?resize=1400%2C800&ssl=1 4x"},"classes":[]},{"id":3035,"url":"https:\/\/alpoma.net\/carto\/?p=3035","url_meta":{"origin":1895,"position":5},"title":"La obra maestra de David Imus","author":"alpoma","date":"enero 4, 2012","format":false,"excerpt":"Me preguntaban ayer en Twitter por qu\u00e9 hay tanto revuelo con este mapa porque, seg\u00fan comentaba mi interlocutor, no ve\u00eda que fuera diferente o especial. Creo que mirando de cerca una muestra se entender\u00e1 mejor lo que quiero resaltar. Se trata de una porci\u00f3n del imponente mapa de los Estados\u2026","rel":"","context":"En \u00abCartograf\u00eda\u00bb","block_context":{"text":"Cartograf\u00eda","link":"https:\/\/alpoma.net\/carto\/?cat=9"},"img":{"alt_text":"","src":"https:\/\/i0.wp.com\/alpoma.net\/carto\/wp-content\/uploads\/2012\/01\/6636707207_37a34b345a_o.jpg?resize=350%2C200&ssl=1","width":350,"height":200,"srcset":"https:\/\/i0.wp.com\/alpoma.net\/carto\/wp-content\/uploads\/2012\/01\/6636707207_37a34b345a_o.jpg?resize=350%2C200&ssl=1 1x, https:\/\/i0.wp.com\/alpoma.net\/carto\/wp-content\/uploads\/2012\/01\/6636707207_37a34b345a_o.jpg?resize=525%2C300&ssl=1 1.5x"},"classes":[]}],"jetpack_sharing_enabled":true,"_links":{"self":[{"href":"https:\/\/alpoma.net\/carto\/index.php?rest_route=\/wp\/v2\/posts\/1895","targetHints":{"allow":["GET"]}}],"collection":[{"href":"https:\/\/alpoma.net\/carto\/index.php?rest_route=\/wp\/v2\/posts"}],"about":[{"href":"https:\/\/alpoma.net\/carto\/index.php?rest_route=\/wp\/v2\/types\/post"}],"author":[{"embeddable":true,"href":"https:\/\/alpoma.net\/carto\/index.php?rest_route=\/wp\/v2\/users\/1"}],"replies":[{"embeddable":true,"href":"https:\/\/alpoma.net\/carto\/index.php?rest_route=%2Fwp%2Fv2%2Fcomments&post=1895"}],"version-history":[{"count":0,"href":"https:\/\/alpoma.net\/carto\/index.php?rest_route=\/wp\/v2\/posts\/1895\/revisions"}],"wp:featuredmedia":[{"embeddable":true,"href":"https:\/\/alpoma.net\/carto\/index.php?rest_route=\/wp\/v2\/media\/4996"}],"wp:attachment":[{"href":"https:\/\/alpoma.net\/carto\/index.php?rest_route=%2Fwp%2Fv2%2Fmedia&parent=1895"}],"wp:term":[{"taxonomy":"category","embeddable":true,"href":"https:\/\/alpoma.net\/carto\/index.php?rest_route=%2Fwp%2Fv2%2Fcategories&post=1895"},{"taxonomy":"post_tag","embeddable":true,"href":"https:\/\/alpoma.net\/carto\/index.php?rest_route=%2Fwp%2Fv2%2Ftags&post=1895"}],"curies":[{"name":"wp","href":"https:\/\/api.w.org\/{rel}","templated":true}]}}