{"id":186,"date":"2006-05-09T11:22:57","date_gmt":"2006-05-09T09:22:57","guid":{"rendered":"http:\/\/alpoma.net\/carto\/?p=186"},"modified":"2006-05-09T11:24:20","modified_gmt":"2006-05-09T09:24:20","slug":"podcast-desde-el-artico","status":"publish","type":"post","link":"https:\/\/alpoma.net\/carto\/?p=186","title":{"rendered":"Podcast desde el \u00c1rtico"},"content":{"rendered":"<p>El explorador Marc Cornelissen, acompa\u00f1ado de varios estudiantes, se encuentra realizando investigaciones relacionadas con el cambio clim\u00e1tico en los hielos de Groenlancia. Desde tan lejanas latitudes, nos llega un interesante podcast preparado por la Agencia Espacial Europea. (En ingl\u00e9s):<\/p>\n<p><strong>&#8211;> <a href=\"http:\/\/www.esa.int\/esaCP\/SEMJ6J8ATME_index_0.html\">Explorer Marc Cornelissen describes challenges of Arctic expedition from Greenland Ice Cap<\/a><\/strong><\/p>\n","protected":false},"excerpt":{"rendered":"<div class=\"mh-excerpt\"><p>El explorador Marc Cornelissen, acompa\u00f1ado de varios estudiantes, se encuentra realizando investigaciones relacionadas con el cambio clim\u00e1tico en los hielos de Groenlancia. Desde tan lejanas <a class=\"mh-excerpt-more\" href=\"https:\/\/alpoma.net\/carto\/?p=186\" title=\"Podcast desde el \u00c1rtico\">[&#8230;]<\/a><\/p>\n<\/div>","protected":false},"author":1,"featured_media":0,"comment_status":"open","ping_status":"open","sticky":false,"template":"","format":"standard","meta":{"jetpack_post_was_ever_published":false,"_jetpack_newsletter_access":"","_jetpack_dont_email_post_to_subs":false,"_jetpack_newsletter_tier_id":0,"_jetpack_memberships_contains_paywalled_content":false,"_jetpack_memberships_contains_paid_content":false,"footnotes":""},"categories":[5,7],"tags":[],"class_list":["post-186","post","type-post","status-publish","format-standard","hentry","category-en-linea","category-geografia"],"jetpack_featured_media_url":"","jetpack_shortlink":"https:\/\/wp.me\/p93Co9-30","jetpack-related-posts":[{"id":157,"url":"https:\/\/alpoma.net\/carto\/?p=157","url_meta":{"origin":186,"position":0},"title":"Podcast &#8211; Geograf\u00eda para llevar","author":"alpoma","date":"marzo 29, 2006","format":false,"excerpt":"Acaba de nacer un podcast en espa\u00f1ol que pretende tener aparici\u00f3n peri\u00f3dica y que tratar\u00e1 sobre todo tipo de informaci\u00f3n acerca de geograf\u00eda, teledetecci\u00f3n, GIS y, en geneal, geotecnolog\u00edas. Ya est\u00e1 disponible el primer episodio: Geograf\u00eda Para Llevar, un podcast dedicado a la geoinformaci\u00f3n y ciencias de la Tierra. Si\u2026","rel":"","context":"En \u00abEn l\u00ednea\u00bb","block_context":{"text":"En l\u00ednea","link":"https:\/\/alpoma.net\/carto\/?cat=5"},"img":{"alt_text":"","src":"","width":0,"height":0},"classes":[]},{"id":887,"url":"https:\/\/alpoma.net\/carto\/?p=887","url_meta":{"origin":186,"position":1},"title":"[Oferta de trabajo] Especialista en formatos ISBD(CM), MARC e ISO 19115","author":"alpoma","date":"septiembre 24, 2009","format":false,"excerpt":"Despu\u00e9s de mover el aviso por diversas redes, sin encontrar alguien con el tiempo o la formaci\u00f3n para ello, creo que lo mejor ser\u00e1 lanzar el grito a los cuatro vientos desde La Cartoteca, a ver si hay alguien interesado. Hace d\u00edas me avis\u00f3 Carlos S\u00e1nchez, de la empresa 4Gatos\u2026","rel":"","context":"En \u00abMiscel\u00e1nea\u00bb","block_context":{"text":"Miscel\u00e1nea","link":"https:\/\/alpoma.net\/carto\/?cat=1"},"img":{"alt_text":"","src":"","width":0,"height":0},"classes":[]},{"id":1704,"url":"https:\/\/alpoma.net\/carto\/?p=1704","url_meta":{"origin":186,"position":2},"title":"Explosiones nucleares desde 1945","author":"alpoma","date":"junio 23, 2010","format":false,"excerpt":"Una versi\u00f3n diferente de todo un \"cl\u00e1sico\". Pincha en la imagen si quieres ver el mapa ampliado. | Basado en datos de johnstonsarchive.net | V\u00eda fuckyesmaps |","rel":"","context":"En \u00abCartograf\u00eda\u00bb","block_context":{"text":"Cartograf\u00eda","link":"https:\/\/alpoma.net\/carto\/?cat=9"},"img":{"alt_text":"","src":"https:\/\/i0.wp.com\/alpoma.net\/carto\/wp-content\/uploads\/2010\/06\/4727289762_2ae7b8efa4.jpg?resize=350%2C200&ssl=1","width":350,"height":200},"classes":[]},{"id":222,"url":"https:\/\/alpoma.net\/carto\/?p=222","url_meta":{"origin":186,"position":3},"title":"El MetOp a la espera de su lanzamiento","author":"alpoma","date":"julio 11, 2006","format":false,"excerpt":"Si todo sale bien, en menos de una semana, el nov\u00edsimo sat\u00e9lite de observaci\u00f3n ambiental de la Agencia Espacial Europea, ESA, denominado MetOp, ser\u00e1 enviado al espacio desde el cosm\u00f3dromo de Baikonur en Kazakhstan. Desde su \u00f3rbita polar, a trav\u00e9s de los once sensores cient\u00edficos que porta, realizar\u00e1 diversos estudios\u2026","rel":"","context":"En \u00abRiesgos Naturales\u00bb","block_context":{"text":"Riesgos Naturales","link":"https:\/\/alpoma.net\/carto\/?cat=6"},"img":{"alt_text":"metop","src":"https:\/\/i0.wp.com\/static.flickr.com\/67\/187417260_f2b4c46277_m.jpg?resize=350%2C200","width":350,"height":200},"classes":[]},{"id":2678,"url":"https:\/\/alpoma.net\/carto\/?p=2678","url_meta":{"origin":186,"position":4},"title":"Creta, un rasg\u00f3n en el Mediterr\u00e1neo","author":"alpoma","date":"agosto 15, 2011","format":false,"excerpt":"Por mucho que est\u00e9 acostumbrado a trabajar con im\u00e1genes de la Tierra tomadas desde el espacio, no dejo de sorprenderme ante la belleza de muchas de ellas, como este ejemplo que nos muestra a Creta, ese precioso \"rasg\u00f3n\" en el Mediterr\u00e1neo oriental, retratada en toda su grandeza desde la ISS\u2026","rel":"","context":"En \u00abTeledetecci\u00f3n\u00bb","block_context":{"text":"Teledetecci\u00f3n","link":"https:\/\/alpoma.net\/carto\/?cat=3"},"img":{"alt_text":"","src":"https:\/\/i0.wp.com\/alpoma.net\/carto\/wp-content\/uploads\/2011\/08\/6045696581_50c2453dba_o.jpg?resize=350%2C200&ssl=1","width":350,"height":200,"srcset":"https:\/\/i0.wp.com\/alpoma.net\/carto\/wp-content\/uploads\/2011\/08\/6045696581_50c2453dba_o.jpg?resize=350%2C200&ssl=1 1x, https:\/\/i0.wp.com\/alpoma.net\/carto\/wp-content\/uploads\/2011\/08\/6045696581_50c2453dba_o.jpg?resize=525%2C300&ssl=1 1.5x"},"classes":[]},{"id":3437,"url":"https:\/\/alpoma.net\/carto\/?p=3437","url_meta":{"origin":186,"position":5},"title":"Mapa mundial de terremotos desde 1898","author":"alpoma","date":"julio 4, 2012","format":false,"excerpt":"Partiendo de una misma base de datos, un dise\u00f1ador cartogr\u00e1fico puede crear un mapa muy diferente al que tenga otro en mente. La informaci\u00f3n de partida es la misma, pero la visi\u00f3n ser\u00e1 otra muy distinta. Si est\u00e1n bien construidos, los dos mapas mostrar\u00e1n la realidad tal y como es,\u2026","rel":"","context":"En \u00abCartograf\u00eda\u00bb","block_context":{"text":"Cartograf\u00eda","link":"https:\/\/alpoma.net\/carto\/?cat=9"},"img":{"alt_text":"","src":"https:\/\/i0.wp.com\/alpoma.net\/carto\/wp-content\/uploads\/2012\/07\/7439877658_8f3faa07ee_z.jpg?resize=350%2C200&ssl=1","width":350,"height":200,"srcset":"https:\/\/i0.wp.com\/alpoma.net\/carto\/wp-content\/uploads\/2012\/07\/7439877658_8f3faa07ee_z.jpg?resize=350%2C200&ssl=1 1x, https:\/\/i0.wp.com\/alpoma.net\/carto\/wp-content\/uploads\/2012\/07\/7439877658_8f3faa07ee_z.jpg?resize=525%2C300&ssl=1 1.5x"},"classes":[]}],"jetpack_sharing_enabled":true,"_links":{"self":[{"href":"https:\/\/alpoma.net\/carto\/index.php?rest_route=\/wp\/v2\/posts\/186","targetHints":{"allow":["GET"]}}],"collection":[{"href":"https:\/\/alpoma.net\/carto\/index.php?rest_route=\/wp\/v2\/posts"}],"about":[{"href":"https:\/\/alpoma.net\/carto\/index.php?rest_route=\/wp\/v2\/types\/post"}],"author":[{"embeddable":true,"href":"https:\/\/alpoma.net\/carto\/index.php?rest_route=\/wp\/v2\/users\/1"}],"replies":[{"embeddable":true,"href":"https:\/\/alpoma.net\/carto\/index.php?rest_route=%2Fwp%2Fv2%2Fcomments&post=186"}],"version-history":[{"count":0,"href":"https:\/\/alpoma.net\/carto\/index.php?rest_route=\/wp\/v2\/posts\/186\/revisions"}],"wp:attachment":[{"href":"https:\/\/alpoma.net\/carto\/index.php?rest_route=%2Fwp%2Fv2%2Fmedia&parent=186"}],"wp:term":[{"taxonomy":"category","embeddable":true,"href":"https:\/\/alpoma.net\/carto\/index.php?rest_route=%2Fwp%2Fv2%2Fcategories&post=186"},{"taxonomy":"post_tag","embeddable":true,"href":"https:\/\/alpoma.net\/carto\/index.php?rest_route=%2Fwp%2Fv2%2Ftags&post=186"}],"curies":[{"name":"wp","href":"https:\/\/api.w.org\/{rel}","templated":true}]}}