{"id":180,"date":"2006-04-27T12:41:26","date_gmt":"2006-04-27T10:41:26","guid":{"rendered":"http:\/\/alpoma.net\/carto\/?p=180"},"modified":"2006-04-27T12:41:45","modified_gmt":"2006-04-27T10:41:45","slug":"proyecto-anthos","status":"publish","type":"post","link":"https:\/\/alpoma.net\/carto\/?p=180","title":{"rendered":"Proyecto Anthos"},"content":{"rendered":"<p>Diversas instituciones p\u00fablicas espa\u00f1olas han colaborado para crear una novedosa y \u00fatil herramienta en Internet sobre la flora en Espa\u00f1a:<\/p>\n<blockquote><p>ANTHOS es un programa desarrollado al amparo de un convenio espec\u00edfico entre la Fundaci\u00f3n Biodiversidad  (Ministerio de Medio Ambiente) y el Consejo Superior de Investigaciones Cient\u00edficas  &#8211; Real Jard\u00edn Bot\u00e1nico (Ministerio de Educaci\u00f3n y Ciencia) para mostrar en Internet informaci\u00f3n diversa sobre las plantas de Espa\u00f1a.<\/p><\/blockquote>\n<p><strong>&#8211;> <a href=\"http:\/\/www.anthos.es\/\">Proyecto Anthos v2.1<\/a><\/strong><\/p>\n<p>| V\u00eda <a href=\"http:\/\/www.genciencia.com\/2006\/04\/26-anthos-todo-sobre-la-flora-es.php\">Genciencia<\/a> |<\/p>\n","protected":false},"excerpt":{"rendered":"<div class=\"mh-excerpt\"><p>Diversas instituciones p\u00fablicas espa\u00f1olas han colaborado para crear una novedosa y \u00fatil herramienta en Internet sobre la flora en Espa\u00f1a: ANTHOS es un programa desarrollado <a class=\"mh-excerpt-more\" href=\"https:\/\/alpoma.net\/carto\/?p=180\" title=\"Proyecto Anthos\">[&#8230;]<\/a><\/p>\n<\/div>","protected":false},"author":1,"featured_media":0,"comment_status":"open","ping_status":"open","sticky":false,"template":"","format":"standard","meta":{"jetpack_post_was_ever_published":false,"_jetpack_newsletter_access":"","_jetpack_dont_email_post_to_subs":false,"_jetpack_newsletter_tier_id":0,"_jetpack_memberships_contains_paywalled_content":false,"_jetpack_memberships_contains_paid_content":false,"footnotes":""},"categories":[7],"tags":[],"class_list":["post-180","post","type-post","status-publish","format-standard","hentry","category-geografia"],"jetpack_featured_media_url":"","jetpack_shortlink":"https:\/\/wp.me\/p93Co9-2U","jetpack-related-posts":[{"id":587,"url":"https:\/\/alpoma.net\/carto\/?p=587","url_meta":{"origin":180,"position":0},"title":"Geocultura","author":"alpoma","date":"julio 22, 2008","format":false,"excerpt":"Casi no tengo datos de este proyecto, pero su agradable y sencillo dise\u00f1o me ha gustado. No se complica la vida, simplemente es una colecci\u00f3n de espacios culturales enmarcada en el t\u00edpico soporte que ofrece Google Maps. El Ministerio de Cultura de Espa\u00f1a muestra as\u00ed d\u00f3nde podemos encontrar una biblioteca\u2026","rel":"","context":"En \u00abEn l\u00ednea\u00bb","block_context":{"text":"En l\u00ednea","link":"https:\/\/alpoma.net\/carto\/?cat=5"},"img":{"alt_text":"","src":"https:\/\/i0.wp.com\/alpoma.net\/carto\/wp-content\/uploads\/2008\/07\/2692110261_fa8b91c489_o.jpg?resize=350%2C200&ssl=1","width":350,"height":200,"srcset":"https:\/\/i0.wp.com\/alpoma.net\/carto\/wp-content\/uploads\/2008\/07\/2692110261_fa8b91c489_o.jpg?resize=350%2C200&ssl=1 1x, https:\/\/i0.wp.com\/alpoma.net\/carto\/wp-content\/uploads\/2008\/07\/2692110261_fa8b91c489_o.jpg?resize=525%2C300&ssl=1 1.5x"},"classes":[]},{"id":7469,"url":"https:\/\/alpoma.net\/carto\/?p=7469","url_meta":{"origin":180,"position":1},"title":"INSIGNIA, visualizador del espacio a\u00e9reo espa\u00f1ol","author":"alpoma","date":"septiembre 13, 2019","format":false,"excerpt":"ENAIRE es la entidad p\u00fablica espa\u00f1ola, adscrita al Ministerio de Fomento, encargada de la navegaci\u00f3n a\u00e9rea a trav\u00e9s de la gesti\u00f3n de cinco centros de control y 21 torres. Resumiendo de forma m\u00e1s simple: son los controladores a\u00e9reos cuya tarea es velar por la seguridad y la eficiencia de los\u2026","rel":"","context":"En \u00abEn l\u00ednea\u00bb","block_context":{"text":"En l\u00ednea","link":"https:\/\/alpoma.net\/carto\/?cat=5"},"img":{"alt_text":"","src":"https:\/\/i0.wp.com\/alpoma.net\/carto\/wp-content\/uploads\/2019\/09\/insignia-visual.png?resize=350%2C200&ssl=1","width":350,"height":200,"srcset":"https:\/\/i0.wp.com\/alpoma.net\/carto\/wp-content\/uploads\/2019\/09\/insignia-visual.png?resize=350%2C200&ssl=1 1x, https:\/\/i0.wp.com\/alpoma.net\/carto\/wp-content\/uploads\/2019\/09\/insignia-visual.png?resize=525%2C300&ssl=1 1.5x, https:\/\/i0.wp.com\/alpoma.net\/carto\/wp-content\/uploads\/2019\/09\/insignia-visual.png?resize=700%2C400&ssl=1 2x, https:\/\/i0.wp.com\/alpoma.net\/carto\/wp-content\/uploads\/2019\/09\/insignia-visual.png?resize=1050%2C600&ssl=1 3x"},"classes":[]},{"id":871,"url":"https:\/\/alpoma.net\/carto\/?p=871","url_meta":{"origin":180,"position":2},"title":"Pueblos abandonados","author":"alpoma","date":"agosto 14, 2009","format":false,"excerpt":"\u00bfNo sabes d\u00f3nde ir este mes de agosto? \u00bfte gustan las ruinas y los lugares abandonados? Pues nada, aqu\u00ed tienes una gu\u00eda de los m\u00e1s atractivo sobre pueblos abandonados de Espa\u00f1a. Se trata de un blog singular que, adem\u00e1s, cuenta con un mapa donde se localizan diversas localidades abandonadas: El\u2026","rel":"","context":"En \u00abLugares\u00bb","block_context":{"text":"Lugares","link":"https:\/\/alpoma.net\/carto\/?cat=11"},"img":{"alt_text":"","src":"","width":0,"height":0},"classes":[]},{"id":6523,"url":"https:\/\/alpoma.net\/carto\/?p=6523","url_meta":{"origin":180,"position":3},"title":"Mapa de radiaci\u00f3n gamma natural en Espa\u00f1a","author":"alpoma","date":"octubre 4, 2016","format":false,"excerpt":"A ra\u00edz de una conversaci\u00f3n acerca del granito y el rad\u00f3n, record\u00e9 cierto mapa de inter\u00e9s sobre este tema y, de paso, pens\u00e9 en traerlo a La cartoteca. Continuamente recibimos radiaci\u00f3n de diversos tipos. Lo m\u00e1s conocido, y socorrido, es mencionar centrales nucleares o pruebas de radiodiagn\u00f3stico, pero no se\u2026","rel":"","context":"En \u00abCartograf\u00eda\u00bb","block_context":{"text":"Cartograf\u00eda","link":"https:\/\/alpoma.net\/carto\/?cat=9"},"img":{"alt_text":"","src":"https:\/\/i0.wp.com\/alpoma.net\/carto\/wp-content\/uploads\/2016\/10\/radon_espana.jpg?resize=350%2C200&ssl=1","width":350,"height":200,"srcset":"https:\/\/i0.wp.com\/alpoma.net\/carto\/wp-content\/uploads\/2016\/10\/radon_espana.jpg?resize=350%2C200&ssl=1 1x, https:\/\/i0.wp.com\/alpoma.net\/carto\/wp-content\/uploads\/2016\/10\/radon_espana.jpg?resize=525%2C300&ssl=1 1.5x, https:\/\/i0.wp.com\/alpoma.net\/carto\/wp-content\/uploads\/2016\/10\/radon_espana.jpg?resize=700%2C400&ssl=1 2x"},"classes":[]},{"id":492,"url":"https:\/\/alpoma.net\/carto\/?p=492","url_meta":{"origin":180,"position":4},"title":"Consulta los resultados electorales en Google Maps","author":"alpoma","date":"marzo 6, 2008","format":false,"excerpt":"Acaba de llegarme una nota de prensa de Google Maps sobre las elecciones que se celebran este domingo aqu\u00ed, en Espa\u00f1a. La idea me gusta, es una manera original de estar informados sobre lo que sucede en la noche electoral: De cara a las elecciones generales del 9 de marzo,\u2026","rel":"","context":"En \u00abEn l\u00ednea\u00bb","block_context":{"text":"En l\u00ednea","link":"https:\/\/alpoma.net\/carto\/?cat=5"},"img":{"alt_text":"","src":"https:\/\/i0.wp.com\/alpoma.net\/carto\/wp-content\/uploads\/2008\/03\/2314909826_f03c9caeb7_o.jpg?resize=350%2C200&ssl=1","width":350,"height":200,"srcset":"https:\/\/i0.wp.com\/alpoma.net\/carto\/wp-content\/uploads\/2008\/03\/2314909826_f03c9caeb7_o.jpg?resize=350%2C200&ssl=1 1x, https:\/\/i0.wp.com\/alpoma.net\/carto\/wp-content\/uploads\/2008\/03\/2314909826_f03c9caeb7_o.jpg?resize=525%2C300&ssl=1 1.5x"},"classes":[]},{"id":7802,"url":"https:\/\/alpoma.net\/carto\/?p=7802","url_meta":{"origin":180,"position":5},"title":"Mapa de geolocalizaciones del Portal Digital de Historia Hisp\u00e1nica (Real Academia de Historia)","author":"alpoma","date":"febrero 28, 2023","format":false,"excerpt":"Esta ma\u00f1ana, en el grupo de Telegram \"Detr\u00e1s del mapa\", me llam\u00f3 la atenci\u00f3n una nota sobre un proyecto de geolocalizaci\u00f3n de datos del Portal Digital de Historia Hisp\u00e1nica (Real Academia de Historia). Se trata de un proyecto muy interesante al que puede accederse desde aqu\u00ed: https:\/\/historia-hispanica.rah.es La nota mencionada,\u2026","rel":"","context":"En \u00abEn l\u00ednea\u00bb","block_context":{"text":"En l\u00ednea","link":"https:\/\/alpoma.net\/carto\/?cat=5"},"img":{"alt_text":"","src":"https:\/\/i0.wp.com\/alpoma.net\/carto\/wp-content\/uploads\/2023\/02\/mapa-historia-hispanica.png?resize=350%2C200&ssl=1","width":350,"height":200,"srcset":"https:\/\/i0.wp.com\/alpoma.net\/carto\/wp-content\/uploads\/2023\/02\/mapa-historia-hispanica.png?resize=350%2C200&ssl=1 1x, https:\/\/i0.wp.com\/alpoma.net\/carto\/wp-content\/uploads\/2023\/02\/mapa-historia-hispanica.png?resize=525%2C300&ssl=1 1.5x, https:\/\/i0.wp.com\/alpoma.net\/carto\/wp-content\/uploads\/2023\/02\/mapa-historia-hispanica.png?resize=700%2C400&ssl=1 2x"},"classes":[]}],"jetpack_sharing_enabled":true,"_links":{"self":[{"href":"https:\/\/alpoma.net\/carto\/index.php?rest_route=\/wp\/v2\/posts\/180","targetHints":{"allow":["GET"]}}],"collection":[{"href":"https:\/\/alpoma.net\/carto\/index.php?rest_route=\/wp\/v2\/posts"}],"about":[{"href":"https:\/\/alpoma.net\/carto\/index.php?rest_route=\/wp\/v2\/types\/post"}],"author":[{"embeddable":true,"href":"https:\/\/alpoma.net\/carto\/index.php?rest_route=\/wp\/v2\/users\/1"}],"replies":[{"embeddable":true,"href":"https:\/\/alpoma.net\/carto\/index.php?rest_route=%2Fwp%2Fv2%2Fcomments&post=180"}],"version-history":[{"count":0,"href":"https:\/\/alpoma.net\/carto\/index.php?rest_route=\/wp\/v2\/posts\/180\/revisions"}],"wp:attachment":[{"href":"https:\/\/alpoma.net\/carto\/index.php?rest_route=%2Fwp%2Fv2%2Fmedia&parent=180"}],"wp:term":[{"taxonomy":"category","embeddable":true,"href":"https:\/\/alpoma.net\/carto\/index.php?rest_route=%2Fwp%2Fv2%2Fcategories&post=180"},{"taxonomy":"post_tag","embeddable":true,"href":"https:\/\/alpoma.net\/carto\/index.php?rest_route=%2Fwp%2Fv2%2Ftags&post=180"}],"curies":[{"name":"wp","href":"https:\/\/api.w.org\/{rel}","templated":true}]}}