{"id":18,"date":"2005-10-31T22:49:24","date_gmt":"2005-10-31T20:49:24","guid":{"rendered":"http:\/\/alpoma.net\/carto\/?p=18"},"modified":"2015-05-08T15:12:42","modified_gmt":"2015-05-08T13:12:42","slug":"incendios-en-el-noroeste-de-la-india","status":"publish","type":"post","link":"https:\/\/alpoma.net\/carto\/?p=18","title":{"rendered":"Incendios en el noroeste de la India"},"content":{"rendered":"<p>En las llanuras cercanas a la Cordillera del Himalaya, en el noroeste de la India, cada a\u00f1o se utiliza la quema controlada en labores agrarias, concentr\u00e1ndose estos incendios en el estado del Punjab, cerca de la frontera pakistan\u00ed.<\/p>\n<p><img decoding=\"async\" src=\"http:\/\/static.flickr.com\/24\/58171339_f08fa59f30_o.jpg\" alt=\"img4529\" width=\"620px\"\/><\/p>\n<p>Imagen con resoluci\u00f3n espacial de 500 metros por pixel, obtenida por el sensor MODIS del sat\u00e9lite Terra, de la NASA. M\u00e1s informaci\u00f3n en: <a href=\"http:\/\/rapidfire.sci.gsfc.nasa.gov\/\">MODIS Rapid Response Team<\/a>.<\/p>\n","protected":false},"excerpt":{"rendered":"<div class=\"mh-excerpt\"><p>En las llanuras cercanas a la Cordillera del Himalaya, en el noroeste de la India, cada a\u00f1o se utiliza la quema controlada en labores agrarias, <a class=\"mh-excerpt-more\" href=\"https:\/\/alpoma.net\/carto\/?p=18\" title=\"Incendios en el noroeste de la India\">[&#8230;]<\/a><\/p>\n<\/div>","protected":false},"author":1,"featured_media":6097,"comment_status":"open","ping_status":"open","sticky":false,"template":"","format":"standard","meta":{"jetpack_post_was_ever_published":false,"_jetpack_newsletter_access":"","_jetpack_dont_email_post_to_subs":false,"_jetpack_newsletter_tier_id":0,"_jetpack_memberships_contains_paywalled_content":false,"_jetpack_memberships_contains_paid_content":false,"footnotes":""},"categories":[6],"tags":[107],"class_list":["post-18","post","type-post","status-publish","format-standard","has-post-thumbnail","hentry","category-riesgos-naturales","tag-incendios"],"jetpack_featured_media_url":"https:\/\/alpoma.net\/carto\/wp-content\/uploads\/2005\/10\/incendios_india.jpg","jetpack_shortlink":"https:\/\/wp.me\/p93Co9-i","jetpack-related-posts":[{"id":372,"url":"https:\/\/alpoma.net\/carto\/?p=372","url_meta":{"origin":18,"position":0},"title":"MODIS: Incendios en Canarias","author":"alpoma","date":"julio 31, 2007","format":false,"excerpt":"Impresionante toma del 30 de julio del espectroradi\u00f3metro MODIS a bordo del sat\u00e9lite Aqua de la NASA, en el que puede observarse la extensi\u00f3n de las columnas de humo originadas en los recientes incendios de las Islas Canarias. NASA EO | Fires in the Canary Islands","rel":"","context":"En \u00abRiesgos Naturales\u00bb","block_context":{"text":"Riesgos Naturales","link":"https:\/\/alpoma.net\/carto\/?cat=6"},"img":{"alt_text":"","src":"https:\/\/i0.wp.com\/alpoma.net\/carto\/wp-content\/uploads\/2007\/07\/956005780_a6da7ac35c.jpg?resize=350%2C200&ssl=1","width":350,"height":200},"classes":[]},{"id":9,"url":"https:\/\/alpoma.net\/carto\/?p=9","url_meta":{"origin":18,"position":1},"title":"Mapa global de incendios","author":"alpoma","date":"octubre 29, 2005","format":false,"excerpt":"La imagen que ilustra este post muestra, sobre una representaci\u00f3n global, los incendios, puntos rojos, que en los \u00faltimos diez d\u00edas han detectado los sat\u00e9lites Terra y Aqua. Ofrecido a trav\u00e9s del MODIS Rapid Response System Global Fire Maps, cada diez d\u00edas se actualiza esta cartograf\u00eda, formada por medio de\u2026","rel":"","context":"En \u00abTeledetecci\u00f3n\u00bb","block_context":{"text":"Teledetecci\u00f3n","link":"https:\/\/alpoma.net\/carto\/?cat=3"},"img":{"alt_text":"","src":"https:\/\/i0.wp.com\/alpoma.net\/carto\/wp-content\/uploads\/2005\/10\/mapa_incendios_mundo_2005.jpg?resize=350%2C200&ssl=1","width":350,"height":200,"srcset":"https:\/\/i0.wp.com\/alpoma.net\/carto\/wp-content\/uploads\/2005\/10\/mapa_incendios_mundo_2005.jpg?resize=350%2C200&ssl=1 1x, https:\/\/i0.wp.com\/alpoma.net\/carto\/wp-content\/uploads\/2005\/10\/mapa_incendios_mundo_2005.jpg?resize=525%2C300&ssl=1 1.5x, https:\/\/i0.wp.com\/alpoma.net\/carto\/wp-content\/uploads\/2005\/10\/mapa_incendios_mundo_2005.jpg?resize=700%2C400&ssl=1 2x, https:\/\/i0.wp.com\/alpoma.net\/carto\/wp-content\/uploads\/2005\/10\/mapa_incendios_mundo_2005.jpg?resize=1050%2C600&ssl=1 3x, https:\/\/i0.wp.com\/alpoma.net\/carto\/wp-content\/uploads\/2005\/10\/mapa_incendios_mundo_2005.jpg?resize=1400%2C800&ssl=1 4x"},"classes":[]},{"id":8,"url":"https:\/\/alpoma.net\/carto\/?p=8","url_meta":{"origin":18,"position":2},"title":"Incendios en el oriente ruso","author":"alpoma","date":"octubre 28, 2005","format":false,"excerpt":"Cerca de la frontera con China, en el oriente de la Federaci\u00f3n Rusa, se est\u00e1n desarrollando en las \u00faltimas semanas gran cantidad de incendios de gran tama\u00f1o, en la regi\u00f3n del r\u00edo Zeya y en la del r\u00edo Amur. Como puede comprobarse en la imagen, la plaga de los incendios\u2026","rel":"","context":"En \u00abRiesgos Naturales\u00bb","block_context":{"text":"Riesgos Naturales","link":"https:\/\/alpoma.net\/carto\/?cat=6"},"img":{"alt_text":"","src":"https:\/\/i0.wp.com\/alpoma.net\/carto\/wp-content\/uploads\/2005\/10\/incendios_rusia.jpg?resize=350%2C200&ssl=1","width":350,"height":200,"srcset":"https:\/\/i0.wp.com\/alpoma.net\/carto\/wp-content\/uploads\/2005\/10\/incendios_rusia.jpg?resize=350%2C200&ssl=1 1x, https:\/\/i0.wp.com\/alpoma.net\/carto\/wp-content\/uploads\/2005\/10\/incendios_rusia.jpg?resize=525%2C300&ssl=1 1.5x"},"classes":[]},{"id":875,"url":"https:\/\/alpoma.net\/carto\/?p=875","url_meta":{"origin":18,"position":3},"title":"Incendios en Grecia (Imagen de sat\u00e9lite)","author":"alpoma","date":"agosto 24, 2009","format":false,"excerpt":"Imagen tomada el 22 de agosto por el intrumento MODIS de la NASA, a bordo del sat\u00e9lite Aqua. En rojo aparecen marcados los focos de los incendios, de los que parten inmensas columnas de humo. Fuente: NASA EA Observatory. | Ampliar imagen |","rel":"","context":"En \u00abRiesgos Naturales\u00bb","block_context":{"text":"Riesgos Naturales","link":"https:\/\/alpoma.net\/carto\/?cat=6"},"img":{"alt_text":"","src":"https:\/\/i0.wp.com\/alpoma.net\/carto\/wp-content\/uploads\/2009\/08\/3852620731_d38fa94923_o.jpg?resize=350%2C200&ssl=1","width":350,"height":200,"srcset":"https:\/\/i0.wp.com\/alpoma.net\/carto\/wp-content\/uploads\/2009\/08\/3852620731_d38fa94923_o.jpg?resize=350%2C200&ssl=1 1x, https:\/\/i0.wp.com\/alpoma.net\/carto\/wp-content\/uploads\/2009\/08\/3852620731_d38fa94923_o.jpg?resize=525%2C300&ssl=1 1.5x"},"classes":[]},{"id":709,"url":"https:\/\/alpoma.net\/carto\/?p=709","url_meta":{"origin":18,"position":4},"title":"Web Fire Mapper, incendios en tiempo real","author":"alpoma","date":"noviembre 15, 2008","format":false,"excerpt":"El sistema FIRMS, Fire Information for Resource Management System, fundado por la NASA y centralizado en la Universidad de Maryland, integra sensores de teledetecci\u00f3n, tecnolog\u00eda GIS y dem\u00e1s elementos \u00fatiles para la detecci\u00f3n remota de incendios, como el magn\u00edfico MODIS, ofreciendo datos en \"tiempo real\" a escala planetaria sobre incendios.\u2026","rel":"","context":"En \u00abEn l\u00ednea\u00bb","block_context":{"text":"En l\u00ednea","link":"https:\/\/alpoma.net\/carto\/?cat=5"},"img":{"alt_text":"","src":"https:\/\/i0.wp.com\/alpoma.net\/carto\/wp-content\/uploads\/2008\/11\/3032789990_513b7e2daf_o.jpg?resize=350%2C200&ssl=1","width":350,"height":200,"srcset":"https:\/\/i0.wp.com\/alpoma.net\/carto\/wp-content\/uploads\/2008\/11\/3032789990_513b7e2daf_o.jpg?resize=350%2C200&ssl=1 1x, https:\/\/i0.wp.com\/alpoma.net\/carto\/wp-content\/uploads\/2008\/11\/3032789990_513b7e2daf_o.jpg?resize=525%2C300&ssl=1 1.5x"},"classes":[]},{"id":225,"url":"https:\/\/alpoma.net\/carto\/?p=225","url_meta":{"origin":18,"position":5},"title":"Incendios en \u00c1frica","author":"alpoma","date":"julio 11, 2006","format":false,"excerpt":"A\u00f1o a a\u00f1o, muchas poblaciones africanas originan cientos de incendios para lograr nuevas tierras cutivables quemando \u00e1reas vegetales naturales o como actividad propia de sus labores agr\u00edcolas. La serie fotogr\u00e1fica que ilustra este post, muestra la presencia estacional de esos incendios en \u00c1frica a lo largo de todo el a\u00f1o\u2026","rel":"","context":"En \u00abRiesgos Naturales\u00bb","block_context":{"text":"Riesgos Naturales","link":"https:\/\/alpoma.net\/carto\/?cat=6"},"img":{"alt_text":"","src":"https:\/\/i0.wp.com\/alpoma.net\/carto\/wp-content\/uploads\/2006\/07\/187442940_13be9015ec_o.jpg?resize=350%2C200&ssl=1","width":350,"height":200,"srcset":"https:\/\/i0.wp.com\/alpoma.net\/carto\/wp-content\/uploads\/2006\/07\/187442940_13be9015ec_o.jpg?resize=350%2C200&ssl=1 1x, https:\/\/i0.wp.com\/alpoma.net\/carto\/wp-content\/uploads\/2006\/07\/187442940_13be9015ec_o.jpg?resize=525%2C300&ssl=1 1.5x"},"classes":[]}],"jetpack_sharing_enabled":true,"_links":{"self":[{"href":"https:\/\/alpoma.net\/carto\/index.php?rest_route=\/wp\/v2\/posts\/18","targetHints":{"allow":["GET"]}}],"collection":[{"href":"https:\/\/alpoma.net\/carto\/index.php?rest_route=\/wp\/v2\/posts"}],"about":[{"href":"https:\/\/alpoma.net\/carto\/index.php?rest_route=\/wp\/v2\/types\/post"}],"author":[{"embeddable":true,"href":"https:\/\/alpoma.net\/carto\/index.php?rest_route=\/wp\/v2\/users\/1"}],"replies":[{"embeddable":true,"href":"https:\/\/alpoma.net\/carto\/index.php?rest_route=%2Fwp%2Fv2%2Fcomments&post=18"}],"version-history":[{"count":0,"href":"https:\/\/alpoma.net\/carto\/index.php?rest_route=\/wp\/v2\/posts\/18\/revisions"}],"wp:featuredmedia":[{"embeddable":true,"href":"https:\/\/alpoma.net\/carto\/index.php?rest_route=\/wp\/v2\/media\/6097"}],"wp:attachment":[{"href":"https:\/\/alpoma.net\/carto\/index.php?rest_route=%2Fwp%2Fv2%2Fmedia&parent=18"}],"wp:term":[{"taxonomy":"category","embeddable":true,"href":"https:\/\/alpoma.net\/carto\/index.php?rest_route=%2Fwp%2Fv2%2Fcategories&post=18"},{"taxonomy":"post_tag","embeddable":true,"href":"https:\/\/alpoma.net\/carto\/index.php?rest_route=%2Fwp%2Fv2%2Ftags&post=18"}],"curies":[{"name":"wp","href":"https:\/\/api.w.org\/{rel}","templated":true}]}}