{"id":170,"date":"2006-04-19T00:02:48","date_gmt":"2006-04-18T22:02:48","guid":{"rendered":"http:\/\/alpoma.net\/carto\/?p=170"},"modified":"2006-04-19T00:03:27","modified_gmt":"2006-04-18T22:03:27","slug":"consecuencias-del-calentamiento-global","status":"publish","type":"post","link":"https:\/\/alpoma.net\/carto\/?p=170","title":{"rendered":"Consecuencias del calentamiento global"},"content":{"rendered":"<p>Al margen de pol\u00e9micas acerca de la intensidad y, sobre todo, el grado de implicaci\u00f3n antr\u00f3pica en el calentamiento global, cada vez hay m\u00e1s representaciones cartogr\u00e1ficas que intentan abordar el tema. He aqu\u00ed una de ellas, que acabo de conocer:<\/p>\n<p><strong>&#8211;> <a href=\"http:\/\/www.climatehotmap.org\/\">The local consequences of global warming<\/a><\/strong><\/p>\n<p>Se trata de un sitio con una representaci\u00f3n cartogr\u00e1fica un tanto \u00abr\u00fastica\u00bb, pero que muestra un planteamiento novedoso, a trav\u00e9s de la inclusi\u00f3n de series de iconos representativos de diversos tipos de problemas ambientales, a escala global.<\/p>\n","protected":false},"excerpt":{"rendered":"<div class=\"mh-excerpt\"><p>Al margen de pol\u00e9micas acerca de la intensidad y, sobre todo, el grado de implicaci\u00f3n antr\u00f3pica en el calentamiento global, cada vez hay m\u00e1s representaciones <a class=\"mh-excerpt-more\" href=\"https:\/\/alpoma.net\/carto\/?p=170\" title=\"Consecuencias del calentamiento global\">[&#8230;]<\/a><\/p>\n<\/div>","protected":false},"author":1,"featured_media":0,"comment_status":"open","ping_status":"open","sticky":false,"template":"","format":"standard","meta":{"jetpack_post_was_ever_published":false,"_jetpack_newsletter_access":"","_jetpack_dont_email_post_to_subs":false,"_jetpack_newsletter_tier_id":0,"_jetpack_memberships_contains_paywalled_content":false,"_jetpack_memberships_contains_paid_content":false,"footnotes":""},"categories":[9,5],"tags":[],"class_list":["post-170","post","type-post","status-publish","format-standard","hentry","category-cartografia","category-en-linea"],"jetpack_featured_media_url":"","jetpack_shortlink":"https:\/\/wp.me\/p93Co9-2K","jetpack-related-posts":[{"id":89,"url":"https:\/\/alpoma.net\/carto\/?p=89","url_meta":{"origin":170,"position":0},"title":"Temperaturas de superficie","author":"alpoma","date":"enero 27, 2006","format":false,"excerpt":"La NASA ya ha puesto en la red sus datos acerca de temperaturas de superfice, anomal\u00edas t\u00e9rmicas y tendencias en cuanto a la temperatura global, con datos actualizados de 2005. Seg\u00fan sus datos, la tendencia a un calentamiento global es clara: --> Global Temperature Trends: 2005 Summation","rel":"","context":"En \u00abGeograf\u00eda\u00bb","block_context":{"text":"Geograf\u00eda","link":"https:\/\/alpoma.net\/carto\/?cat=7"},"img":{"alt_text":"","src":"","width":0,"height":0},"classes":[]},{"id":100,"url":"https:\/\/alpoma.net\/carto\/?p=100","url_meta":{"origin":170,"position":1},"title":"Primeros datos del GERB","author":"alpoma","date":"febrero 2, 2006","format":false,"excerpt":"El sistema sensor GERB, Geostationary Earth Radiation Budget, a bordo del nuevo sat\u00e9lite europeo MSG-2, ha comenzado a funcionar satisfactoriamente, enviando sus primeros datos y fotograf\u00edas a la Tierra. Se trata de un aparato que ser\u00e1 muy \u00fatil, pues se encargar\u00e1 de medir el balance de radiaci\u00f3n terrestre, esto es,\u2026","rel":"","context":"En \u00abGeograf\u00eda\u00bb","block_context":{"text":"Geograf\u00eda","link":"https:\/\/alpoma.net\/carto\/?cat=7"},"img":{"alt_text":"","src":"","width":0,"height":0},"classes":[]},{"id":776,"url":"https:\/\/alpoma.net\/carto\/?p=776","url_meta":{"origin":170,"position":2},"title":"Calentar el polo a sabiendas","author":"alpoma","date":"marzo 13, 2009","format":false,"excerpt":"Lo que cambian las cosas. Hace unos d\u00edas encontr\u00e9 el viejo recorte que he colocado m\u00e1s abajo. Ahora que uno de los temas de preocupaci\u00f3n mundial es el calentamiento global y aparecen decenas de ideas sobre c\u00f3mo controlar o contener sus efectos, resulta de un contraste chocante ver c\u00f3mo hace\u2026","rel":"","context":"En \u00abViejos mapas\u00bb","block_context":{"text":"Viejos mapas","link":"https:\/\/alpoma.net\/carto\/?cat=4"},"img":{"alt_text":"","src":"https:\/\/i0.wp.com\/alpoma.net\/carto\/wp-content\/uploads\/2009\/03\/3351600777_888061b5d2_o.jpg?resize=350%2C200&ssl=1","width":350,"height":200,"srcset":"https:\/\/i0.wp.com\/alpoma.net\/carto\/wp-content\/uploads\/2009\/03\/3351600777_888061b5d2_o.jpg?resize=350%2C200&ssl=1 1x, https:\/\/i0.wp.com\/alpoma.net\/carto\/wp-content\/uploads\/2009\/03\/3351600777_888061b5d2_o.jpg?resize=525%2C300&ssl=1 1.5x"},"classes":[]},{"id":314,"url":"https:\/\/alpoma.net\/carto\/?p=314","url_meta":{"origin":170,"position":3},"title":"Animaciones sobre los gases de efecto invernadero","author":"alpoma","date":"marzo 20, 2007","format":false,"excerpt":"Utilizando informaci\u00f3n del sat\u00e9lite Envisat, la Agencia Espacial Europea (ESA) ha desarrollado las primeras animaciones sobre la distribuci\u00f3n de gases de invernadero en la atm\u00f3sfera terrestre: Los cient\u00edficos han producido las primeras pel\u00edculas que muestran la distribuci\u00f3n mundial de los gases de efecto invernadero m\u00e1s importantes, el di\u00f3xido de carbono\u2026","rel":"","context":"En \u00abMiscel\u00e1nea\u00bb","block_context":{"text":"Miscel\u00e1nea","link":"https:\/\/alpoma.net\/carto\/?cat=1"},"img":{"alt_text":"","src":"https:\/\/i0.wp.com\/alpoma.net\/carto\/wp-content\/uploads\/2007\/03\/428077010_8faa2ac0dc_o.gif?resize=350%2C200&ssl=1","width":350,"height":200},"classes":[]},{"id":357,"url":"https:\/\/alpoma.net\/carto\/?p=357","url_meta":{"origin":170,"position":4},"title":"\u00bfEs m\u00e1s largo el Amazonas que el Nilo?","author":"alpoma","date":"junio 23, 2007","format":false,"excerpt":"Hoy toca mirarse un poco al espejo. En la edici\u00f3n de hoy de La Raz\u00f3n, aparece un art\u00edculo de Ernesto Villar en el que es citado el presente blog... ;) \u00bfEs m\u00e1s largo el Amazonas que el Nilo? La pol\u00e9mica sobre cu\u00e1l es el r\u00edo m\u00e1s largo del mundo no\u2026","rel":"","context":"En \u00abGeograf\u00eda\u00bb","block_context":{"text":"Geograf\u00eda","link":"https:\/\/alpoma.net\/carto\/?cat=7"},"img":{"alt_text":"","src":"","width":0,"height":0},"classes":[]},{"id":183,"url":"https:\/\/alpoma.net\/carto\/?p=183","url_meta":{"origin":170,"position":5},"title":"Global-i","author":"alpoma","date":"mayo 7, 2006","format":false,"excerpt":"En el mundo de la representaci\u00f3n de datos estad\u00edsticos con referencia geogr\u00e1fica, se est\u00e1n dando en los \u00faltimos tiempos nuevos pasos hacia una mayor vistosidad y una mejora en la presentaci\u00f3n e interacci\u00f3n, como sucede con este caso, Global-i, de la empresa brit\u00e1nica Infomagnet, que propone un interface java con\u2026","rel":"","context":"En \u00abCartograf\u00eda\u00bb","block_context":{"text":"Cartograf\u00eda","link":"https:\/\/alpoma.net\/carto\/?cat=9"},"img":{"alt_text":"","src":"","width":0,"height":0},"classes":[]}],"jetpack_sharing_enabled":true,"_links":{"self":[{"href":"https:\/\/alpoma.net\/carto\/index.php?rest_route=\/wp\/v2\/posts\/170","targetHints":{"allow":["GET"]}}],"collection":[{"href":"https:\/\/alpoma.net\/carto\/index.php?rest_route=\/wp\/v2\/posts"}],"about":[{"href":"https:\/\/alpoma.net\/carto\/index.php?rest_route=\/wp\/v2\/types\/post"}],"author":[{"embeddable":true,"href":"https:\/\/alpoma.net\/carto\/index.php?rest_route=\/wp\/v2\/users\/1"}],"replies":[{"embeddable":true,"href":"https:\/\/alpoma.net\/carto\/index.php?rest_route=%2Fwp%2Fv2%2Fcomments&post=170"}],"version-history":[{"count":0,"href":"https:\/\/alpoma.net\/carto\/index.php?rest_route=\/wp\/v2\/posts\/170\/revisions"}],"wp:attachment":[{"href":"https:\/\/alpoma.net\/carto\/index.php?rest_route=%2Fwp%2Fv2%2Fmedia&parent=170"}],"wp:term":[{"taxonomy":"category","embeddable":true,"href":"https:\/\/alpoma.net\/carto\/index.php?rest_route=%2Fwp%2Fv2%2Fcategories&post=170"},{"taxonomy":"post_tag","embeddable":true,"href":"https:\/\/alpoma.net\/carto\/index.php?rest_route=%2Fwp%2Fv2%2Ftags&post=170"}],"curies":[{"name":"wp","href":"https:\/\/api.w.org\/{rel}","templated":true}]}}