{"id":1691,"date":"2010-06-16T17:46:53","date_gmt":"2010-06-16T15:46:53","guid":{"rendered":"http:\/\/alpoma.net\/carto\/?p=1691"},"modified":"2010-06-16T17:46:53","modified_gmt":"2010-06-16T15:46:53","slug":"variaciones-de-la-cubierta-de-nieve-en-chile-y-su-relacion-con-el-fenomeno-enso","status":"publish","type":"post","link":"https:\/\/alpoma.net\/carto\/?p=1691","title":{"rendered":"Variaciones de la cubierta de nieve en Chile y su relaci\u00f3n con el fen\u00f3meno ENSO"},"content":{"rendered":"<p>Siempre es un honor poder difundir los trabajos de investigaci\u00f3n de ge\u00f3grafos de todo el mundo. En esta ocasi\u00f3n, invito a conocer a los lectores de <em>La Cartoteca<\/em> el minucioso trabajo del ge\u00f3grafo chileno <strong>Marcos G\u00f3mez Cole<\/strong> titulado <strong>Variaciones de la cubierta de nieve en Chile Centro-Sur (30\u00ba-41\u00baS) y su relaci\u00f3n con el fen\u00f3meno ENSO<\/strong>, una tesis que puede <strong><a href=\"http:\/\/www2.udec.cl\/~mgomezc\/tesis\">consultarse libremente en la red<\/a><\/strong>, cuyo resumen aparece a continuaci\u00f3n:<\/p>\n<blockquote><p>Mediante im\u00e1genes satelitales provenientes del sensor MODIS, se determinaron las variaciones estacionales de la cubierta de nieve para el periodo 2001-2005 en Chile Centro-Sur (30\u00ba-41\u00baS). Al comparar las superficies de la cubierta de nieve con las anomal\u00edas en la SST y con los valores del SOI, se observ\u00f3 una correspondencia entre la presencia de eventos El Ni\u00f1o y anomal\u00edas positivas en la extensi\u00f3n de la cubierta de nieve, cuando las anomal\u00edas en la SST en el Pac\u00edfico tropical fueron superiores a 1\u00baC. Adem\u00e1s, se detect\u00f3 una concordancia entre las fluctuaciones positivas de la cubierta de nieve en la estaci\u00f3n de invierno, con anomal\u00edas positivas en la cubierta de nieve en el verano siguiente.<\/p>\n<p><img decoding=\"async\" src=\"http:\/\/farm5.static.flickr.com\/4054\/4706624712_c741cd8776.jpg\" alt=\"img\" class=\"otros\"\/><\/p>\n<p>Posteriormente, se analiz\u00f3 el comportamiento latitudinal de las anomal\u00edas pluviom\u00e9tricas relacionadas con el fen\u00f3meno ENSO, evidenciando una mayor correspondencia con las variaciones de la cubierta de nieve en el invierno, al Norte de los 38\u00baS, mientras que las anomal\u00edas en la temperatura del aire, vinculadas al fen\u00f3meno ENSO, mostraron una mayor correspondencia con las variaciones de la cubierta de nieve en el invierno, al Norte de los 33\u00baS. Este estudio destaca adem\u00e1s la importancia de los estudios sobre la cubierta de nieve en Chile, considerando los potenciales cambios clim\u00e1ticos que afectar\u00edan la disponibilidad de agua en la regi\u00f3n m\u00e1s poblada del pa\u00eds.<\/p><\/blockquote>\n","protected":false},"excerpt":{"rendered":"<div class=\"mh-excerpt\"><p>Siempre es un honor poder difundir los trabajos de investigaci\u00f3n de ge\u00f3grafos de todo el mundo. En esta ocasi\u00f3n, invito a conocer a los lectores <a class=\"mh-excerpt-more\" href=\"https:\/\/alpoma.net\/carto\/?p=1691\" title=\"Variaciones de la cubierta de nieve en Chile y su relaci\u00f3n con el fen\u00f3meno ENSO\">[&#8230;]<\/a><\/p>\n<\/div>","protected":false},"author":1,"featured_media":5063,"comment_status":"open","ping_status":"open","sticky":false,"template":"","format":"standard","meta":{"jetpack_post_was_ever_published":false,"_jetpack_newsletter_access":"","_jetpack_dont_email_post_to_subs":false,"_jetpack_newsletter_tier_id":0,"_jetpack_memberships_contains_paywalled_content":false,"_jetpack_memberships_contains_paid_content":false,"footnotes":""},"categories":[7,3],"tags":[],"class_list":["post-1691","post","type-post","status-publish","format-standard","has-post-thumbnail","hentry","category-geografia","category-teledeteccion"],"jetpack_featured_media_url":"https:\/\/alpoma.net\/carto\/wp-content\/uploads\/2010\/06\/4706624712_c741cd8776.jpg","jetpack_shortlink":"https:\/\/wp.me\/p93Co9-rh","jetpack-related-posts":[{"id":220,"url":"https:\/\/alpoma.net\/carto\/?p=220","url_meta":{"origin":1691,"position":0},"title":"El estado de la criosfera","author":"alpoma","date":"julio 9, 2006","format":false,"excerpt":"Las variaciones en las \u00e1reas cubiertas de nieve o de hielo en la Tierra pueden servir de indicadores del m\u00e1ximo inter\u00e9s para el estudio del cambio clim\u00e1tico. Siguiendo esta idea, est\u00e1 disponible en la red un interesante conjunto de datos y estudios relativos al Hemisferio Norte con respecto a glaciares,\u2026","rel":"","context":"En \u00abGeograf\u00eda\u00bb","block_context":{"text":"Geograf\u00eda","link":"https:\/\/alpoma.net\/carto\/?cat=7"},"img":{"alt_text":"icon_flake","src":"https:\/\/i0.wp.com\/static.flickr.com\/49\/185646261_f4e81c84f6_o.jpg?resize=350%2C200","width":350,"height":200},"classes":[]},{"id":3546,"url":"https:\/\/alpoma.net\/carto\/?p=3546","url_meta":{"origin":1691,"position":1},"title":"Novedades en el proyecto Huellasolar","author":"alpoma","date":"septiembre 5, 2012","format":false,"excerpt":"El proyecto Huellasolar ha visitado La Cartoteca ya en dos ocasiones. Hoy lo vuelve a hacer porque acaba de implementar interesantes novedades: Ahora cualquier usuario puede conocer: Cu\u00e1nto ahorrar\u00eda en la factura de la luz una instalaci\u00f3n fotovoltaica sobre su cubierta Cu\u00e1ntas emisiones de Co2 se evitar\u00edan A cu\u00e1ntos \u00e1rboles\u2026","rel":"","context":"En \u00abEn l\u00ednea\u00bb","block_context":{"text":"En l\u00ednea","link":"https:\/\/alpoma.net\/carto\/?cat=5"},"img":{"alt_text":"","src":"https:\/\/i0.wp.com\/alpoma.net\/carto\/wp-content\/uploads\/2012\/09\/7939259524_c88c9ae54b_o.png?resize=350%2C200&ssl=1","width":350,"height":200,"srcset":"https:\/\/i0.wp.com\/alpoma.net\/carto\/wp-content\/uploads\/2012\/09\/7939259524_c88c9ae54b_o.png?resize=350%2C200&ssl=1 1x, https:\/\/i0.wp.com\/alpoma.net\/carto\/wp-content\/uploads\/2012\/09\/7939259524_c88c9ae54b_o.png?resize=525%2C300&ssl=1 1.5x"},"classes":[]},{"id":3856,"url":"https:\/\/alpoma.net\/carto\/?p=3856","url_meta":{"origin":1691,"position":2},"title":"Mapa \u00abQuiero mi Energ\u00eda\u00bb, del proyecto Huellasolar","author":"alpoma","date":"marzo 18, 2013","format":false,"excerpt":"He comentado ya en varias ocasiones lo que es y c\u00f3mo est\u00e1 evolucionando el proyecto Huellasolar. Hoy nos vuelve a visitar porque me acaban de pasar una novedad interesante sobre el mismo: Recientemente en Huellasolar se ha lanzado la iniciativa Quiero mi Energ\u00eda!, un mapa abierto y colaborativo que persigue\u2026","rel":"","context":"En \u00abEn l\u00ednea\u00bb","block_context":{"text":"En l\u00ednea","link":"https:\/\/alpoma.net\/carto\/?cat=5"},"img":{"alt_text":"huellasolar","src":"https:\/\/i0.wp.com\/alpoma.net\/carto\/wp-content\/uploads\/2013\/03\/huellasolar-150x150.png?resize=350%2C200","width":350,"height":200},"classes":[]},{"id":422,"url":"https:\/\/alpoma.net\/carto\/?p=422","url_meta":{"origin":1691,"position":3},"title":"Lagos en el polo norte de Tit\u00e1n","author":"alpoma","date":"octubre 12, 2007","format":false,"excerpt":"Ahora que la sonda Cassini ha logrado levantar un mapa que muestra cerca del sesenta por ciento de la regi\u00f3n polar norte del mayor sat\u00e9lite de Saturno, Tit\u00e1n, ha quedado demostrado que una porci\u00f3n considerable de su superficie est\u00e1 cubierta por lo que parecen ser \"lagos\" o, incluso, \"oc\u00e9anos\". N\u00f3tese\u2026","rel":"","context":"En \u00abCartograf\u00eda\u00bb","block_context":{"text":"Cartograf\u00eda","link":"https:\/\/alpoma.net\/carto\/?cat=9"},"img":{"alt_text":"","src":"https:\/\/i0.wp.com\/alpoma.net\/carto\/wp-content\/uploads\/2007\/10\/1546571606_ce7406af19_o.jpg?resize=350%2C200&ssl=1","width":350,"height":200},"classes":[]},{"id":641,"url":"https:\/\/alpoma.net\/carto\/?p=641","url_meta":{"origin":1691,"position":4},"title":"La criosfera","author":"alpoma","date":"septiembre 2, 2008","format":false,"excerpt":"El agua se encuentra distribuida en la Tierra, adem\u00e1s de en estado l\u00edquido y gaseoso, en forma de hielo y nieve. La distribuci\u00f3n en el planeta del agua en estas formas, lo que se conoce como criosfera, es muy variada. Puede comprenderse tal variedad de distribuci\u00f3n gracias al siguiente mapa\u2026","rel":"","context":"En \u00abCartograf\u00eda\u00bb","block_context":{"text":"Cartograf\u00eda","link":"https:\/\/alpoma.net\/carto\/?cat=9"},"img":{"alt_text":"","src":"https:\/\/i0.wp.com\/alpoma.net\/carto\/wp-content\/uploads\/2008\/09\/2821238764_84a80bc78a_o.jpg?resize=350%2C200&ssl=1","width":350,"height":200,"srcset":"https:\/\/i0.wp.com\/alpoma.net\/carto\/wp-content\/uploads\/2008\/09\/2821238764_84a80bc78a_o.jpg?resize=350%2C200&ssl=1 1x, https:\/\/i0.wp.com\/alpoma.net\/carto\/wp-content\/uploads\/2008\/09\/2821238764_84a80bc78a_o.jpg?resize=525%2C300&ssl=1 1.5x"},"classes":[]},{"id":652,"url":"https:\/\/alpoma.net\/carto\/?p=652","url_meta":{"origin":1691,"position":5},"title":"La remota isla de Bouvet","author":"alpoma","date":"septiembre 13, 2008","format":false,"excerpt":"Algunas veces uno quiere perderse, no ser molestado por nadie. Hay lugares en los que perderse es un placer, pero en otros puede convertirse en una pesadilla. Quien se pierda en Bouvet seguro que termina deseando ser encontrado, y no porque se trate de una isla muy grande en la\u2026","rel":"","context":"En \u00abLugares\u00bb","block_context":{"text":"Lugares","link":"https:\/\/alpoma.net\/carto\/?cat=11"},"img":{"alt_text":"","src":"https:\/\/i0.wp.com\/alpoma.net\/carto\/wp-content\/uploads\/2008\/09\/2854305664_24b465e07e_o.jpg?resize=350%2C200&ssl=1","width":350,"height":200,"srcset":"https:\/\/i0.wp.com\/alpoma.net\/carto\/wp-content\/uploads\/2008\/09\/2854305664_24b465e07e_o.jpg?resize=350%2C200&ssl=1 1x, https:\/\/i0.wp.com\/alpoma.net\/carto\/wp-content\/uploads\/2008\/09\/2854305664_24b465e07e_o.jpg?resize=525%2C300&ssl=1 1.5x"},"classes":[]}],"jetpack_sharing_enabled":true,"_links":{"self":[{"href":"https:\/\/alpoma.net\/carto\/index.php?rest_route=\/wp\/v2\/posts\/1691","targetHints":{"allow":["GET"]}}],"collection":[{"href":"https:\/\/alpoma.net\/carto\/index.php?rest_route=\/wp\/v2\/posts"}],"about":[{"href":"https:\/\/alpoma.net\/carto\/index.php?rest_route=\/wp\/v2\/types\/post"}],"author":[{"embeddable":true,"href":"https:\/\/alpoma.net\/carto\/index.php?rest_route=\/wp\/v2\/users\/1"}],"replies":[{"embeddable":true,"href":"https:\/\/alpoma.net\/carto\/index.php?rest_route=%2Fwp%2Fv2%2Fcomments&post=1691"}],"version-history":[{"count":0,"href":"https:\/\/alpoma.net\/carto\/index.php?rest_route=\/wp\/v2\/posts\/1691\/revisions"}],"wp:featuredmedia":[{"embeddable":true,"href":"https:\/\/alpoma.net\/carto\/index.php?rest_route=\/wp\/v2\/media\/5063"}],"wp:attachment":[{"href":"https:\/\/alpoma.net\/carto\/index.php?rest_route=%2Fwp%2Fv2%2Fmedia&parent=1691"}],"wp:term":[{"taxonomy":"category","embeddable":true,"href":"https:\/\/alpoma.net\/carto\/index.php?rest_route=%2Fwp%2Fv2%2Fcategories&post=1691"},{"taxonomy":"post_tag","embeddable":true,"href":"https:\/\/alpoma.net\/carto\/index.php?rest_route=%2Fwp%2Fv2%2Ftags&post=1691"}],"curies":[{"name":"wp","href":"https:\/\/api.w.org\/{rel}","templated":true}]}}