{"id":1677,"date":"2010-06-11T13:33:39","date_gmt":"2010-06-11T11:33:39","guid":{"rendered":"http:\/\/alpoma.net\/carto\/?p=1677"},"modified":"2010-06-11T13:33:39","modified_gmt":"2010-06-11T11:33:39","slug":"arte-nuboso-sobre-las-canarias","status":"publish","type":"post","link":"https:\/\/alpoma.net\/carto\/?p=1677","title":{"rendered":"Arte nuboso sobre las Canarias"},"content":{"rendered":"<p>De vez en cuando la naturaleza crea verdaderas obras de arte, tan hermosas como ef\u00edmeras. V\u00e9ase un ejemplo perfecto en la <strong><a href=\"http:\/\/www.esa.int\/esaEO\/SEM2UOPK2AG_index_0.html\">siguiente toma en falso color<\/a><\/strong> realizada por el instrumento MERIS (MEdium Resolution Imaging Spectrometer) a bordo del Envisat el d\u00eda 6 de junio de 2010. Las singulares formaciones nubosas al sur de las Islas Canarias, conocidas como <strong><a href=\"http:\/\/es.wikipedia.org\/wiki\/Calle_de_v%C3%B3rtices_de_von_K%C3%A1rman\">v\u00f3rtices de Von Karman<\/a><\/strong>, crean un raro mosaico espectacular.<\/p>\n<p><strong><a href=\"http:\/\/download.esa.int\/images\/imageoftheweek\/karman_vortex_canarie_20100606_H1.jpg\">| Ampliar imagen |<\/a><\/strong><\/p>\n<p><a href=\"http:\/\/alpoma.net\/carto\/wp-content\/uploads\/2010\/06\/vortices_canarias.jpg\"><img loading=\"lazy\" decoding=\"async\" src=\"http:\/\/alpoma.net\/carto\/wp-content\/uploads\/2010\/06\/vortices_canarias.jpg\" alt=\"\" title=\"vortices_canarias\" width=\"620\" height=\"711\" class=\"otros\" \/><\/a><\/p>\n<p>| V\u00eda <a href=\"http:\/\/www.esa.int\/esaEO\/SEM2UOPK2AG_index_0.html\">ESA<\/a> |<\/p>\n","protected":false},"excerpt":{"rendered":"<div class=\"mh-excerpt\"><p>De vez en cuando la naturaleza crea verdaderas obras de arte, tan hermosas como ef\u00edmeras. V\u00e9ase un ejemplo perfecto en la siguiente toma en falso <a class=\"mh-excerpt-more\" href=\"https:\/\/alpoma.net\/carto\/?p=1677\" title=\"Arte nuboso sobre las Canarias\">[&#8230;]<\/a><\/p>\n<\/div>","protected":false},"author":1,"featured_media":1679,"comment_status":"open","ping_status":"open","sticky":false,"template":"","format":"standard","meta":{"jetpack_post_was_ever_published":false,"_jetpack_newsletter_access":"","_jetpack_dont_email_post_to_subs":false,"_jetpack_newsletter_tier_id":0,"_jetpack_memberships_contains_paywalled_content":false,"_jetpack_memberships_contains_paid_content":false,"footnotes":""},"categories":[3],"tags":[],"class_list":["post-1677","post","type-post","status-publish","format-standard","has-post-thumbnail","hentry","category-teledeteccion"],"jetpack_featured_media_url":"https:\/\/alpoma.net\/carto\/wp-content\/uploads\/2010\/06\/vortices_canarias.jpg","jetpack_shortlink":"https:\/\/wp.me\/p93Co9-r3","jetpack-related-posts":[{"id":372,"url":"https:\/\/alpoma.net\/carto\/?p=372","url_meta":{"origin":1677,"position":0},"title":"MODIS: Incendios en Canarias","author":"alpoma","date":"julio 31, 2007","format":false,"excerpt":"Impresionante toma del 30 de julio del espectroradi\u00f3metro MODIS a bordo del sat\u00e9lite Aqua de la NASA, en el que puede observarse la extensi\u00f3n de las columnas de humo originadas en los recientes incendios de las Islas Canarias. NASA EO | Fires in the Canary Islands","rel":"","context":"En \u00abRiesgos Naturales\u00bb","block_context":{"text":"Riesgos Naturales","link":"https:\/\/alpoma.net\/carto\/?cat=6"},"img":{"alt_text":"","src":"https:\/\/i0.wp.com\/alpoma.net\/carto\/wp-content\/uploads\/2007\/07\/956005780_a6da7ac35c.jpg?resize=350%2C200&ssl=1","width":350,"height":200},"classes":[]},{"id":237,"url":"https:\/\/alpoma.net\/carto\/?p=237","url_meta":{"origin":1677,"position":1},"title":"L\u00edo \u00abgoogleliano\u00bb en Canarias","author":"alpoma","date":"agosto 6, 2006","format":false,"excerpt":"Cuando menos, resulta sorprendente: Acusan a Google Earth de cambiar las im\u00e1genes de Canarias para ocultar \"verg\u00fcenzas urban\u00edsticas\". Google Earth, programa que ofrece im\u00e1genes a\u00e9reas de todo el mundo, ha cambiado las m\u00e1s recientes de las Islas por otras del a\u00f1o 2002. Seg\u00fan el Partido Verde Canario, este cambio responde\u2026","rel":"","context":"En \u00abEn l\u00ednea\u00bb","block_context":{"text":"En l\u00ednea","link":"https:\/\/alpoma.net\/carto\/?cat=5"},"img":{"alt_text":"","src":"","width":0,"height":0},"classes":[]},{"id":6958,"url":"https:\/\/alpoma.net\/carto\/?p=6958","url_meta":{"origin":1677,"position":2},"title":"Sobre la primera medici\u00f3n de la altitud del pico del Teide","author":"alpoma","date":"mayo 10, 2018","format":false,"excerpt":"El s\u00edmbolo arquitect\u00f3nico m\u00e1s conocido de Par\u00eds, la capital francesa, es sin duda la torre Eiffel. Todo el mundo ha contemplado su silueta, ya sea al natural o en una postal, una revista o en la televisi\u00f3n. Lo que no es tan conocido es que el propio Gustave Eiffel encarg\u00f3\u2026","rel":"","context":"En \u00abGeograf\u00eda\u00bb","block_context":{"text":"Geograf\u00eda","link":"https:\/\/alpoma.net\/carto\/?cat=7"},"img":{"alt_text":"","src":"https:\/\/i0.wp.com\/alpoma.net\/carto\/wp-content\/uploads\/2018\/05\/caballero-de-borda.jpg?resize=350%2C200&ssl=1","width":350,"height":200,"srcset":"https:\/\/i0.wp.com\/alpoma.net\/carto\/wp-content\/uploads\/2018\/05\/caballero-de-borda.jpg?resize=350%2C200&ssl=1 1x, https:\/\/i0.wp.com\/alpoma.net\/carto\/wp-content\/uploads\/2018\/05\/caballero-de-borda.jpg?resize=525%2C300&ssl=1 1.5x, https:\/\/i0.wp.com\/alpoma.net\/carto\/wp-content\/uploads\/2018\/05\/caballero-de-borda.jpg?resize=700%2C400&ssl=1 2x, https:\/\/i0.wp.com\/alpoma.net\/carto\/wp-content\/uploads\/2018\/05\/caballero-de-borda.jpg?resize=1050%2C600&ssl=1 3x"},"classes":[]},{"id":319,"url":"https:\/\/alpoma.net\/carto\/?p=319","url_meta":{"origin":1677,"position":3},"title":"De la Isla de El Hierro","author":"alpoma","date":"marzo 24, 2007","format":false,"excerpt":"Volvamos 2003 para rescatar este recorte de un peri\u00f3dico canario que nos cuenta las peculiaridades de la cartograf\u00eda de la Isla de El Hierro a lo largo de la historia... | Ampliar imagen | He llegado hasta este curioso documento a trav\u00e9s de un recurso de gran inter\u00e9s, la biblioteca\u2026","rel":"","context":"En \u00abEn l\u00ednea\u00bb","block_context":{"text":"En l\u00ednea","link":"https:\/\/alpoma.net\/carto\/?cat=5"},"img":{"alt_text":"","src":"https:\/\/i0.wp.com\/alpoma.net\/carto\/wp-content\/uploads\/2007\/03\/432256192_725b07f902.jpg?resize=350%2C200&ssl=1","width":350,"height":200},"classes":[]},{"id":580,"url":"https:\/\/alpoma.net\/carto\/?p=580","url_meta":{"origin":1677,"position":4},"title":"Servicio WMS canario a trav\u00e9s de Google Earth","author":"alpoma","date":"julio 12, 2008","format":false,"excerpt":"Gracias a la lista de correo de RedIris dedicada a temas de teledetecci\u00f3n, me llega una atractiva propuesta que no he dudado en probar: La Infraestructura de Datos Espaciales de Canarias (IDECanarias) ha puesto en funcionamiento un nuevo servicio de consulta de los servicios WMS a trav\u00e9s de Google Earth\u2026","rel":"","context":"En \u00abCartograf\u00eda\u00bb","block_context":{"text":"Cartograf\u00eda","link":"https:\/\/alpoma.net\/carto\/?cat=9"},"img":{"alt_text":"","src":"https:\/\/i0.wp.com\/alpoma.net\/carto\/wp-content\/uploads\/2008\/07\/2660300497_c2a466267e_o.jpg?resize=350%2C200&ssl=1","width":350,"height":200,"srcset":"https:\/\/i0.wp.com\/alpoma.net\/carto\/wp-content\/uploads\/2008\/07\/2660300497_c2a466267e_o.jpg?resize=350%2C200&ssl=1 1x, https:\/\/i0.wp.com\/alpoma.net\/carto\/wp-content\/uploads\/2008\/07\/2660300497_c2a466267e_o.jpg?resize=525%2C300&ssl=1 1.5x"},"classes":[]},{"id":1066,"url":"https:\/\/alpoma.net\/carto\/?p=1066","url_meta":{"origin":1677,"position":5},"title":"El d\u00eda que Street View conquist\u00f3 Espa\u00f1a","author":"alpoma","date":"noviembre 10, 2009","format":false,"excerpt":"\u00a1\u00a1Vaya sorpresa!! No he le\u00eddo ning\u00fan aviso por parte de Google, aunque supongo que en breve comentar\u00e1n algo pero, es igual, la novedad es digna de menci\u00f3n. Hasta ayer mismo, navegando por Google Maps, apenas si unas pocas ciudades espa\u00f1olas contaban con el modo vista 3D, conocido como Street View,\u2026","rel":"","context":"En \u00abEn l\u00ednea\u00bb","block_context":{"text":"En l\u00ednea","link":"https:\/\/alpoma.net\/carto\/?cat=5"},"img":{"alt_text":"","src":"https:\/\/i0.wp.com\/alpoma.net\/carto\/wp-content\/uploads\/2009\/11\/4092227415_162363622a_o.jpg?resize=350%2C200&ssl=1","width":350,"height":200,"srcset":"https:\/\/i0.wp.com\/alpoma.net\/carto\/wp-content\/uploads\/2009\/11\/4092227415_162363622a_o.jpg?resize=350%2C200&ssl=1 1x, https:\/\/i0.wp.com\/alpoma.net\/carto\/wp-content\/uploads\/2009\/11\/4092227415_162363622a_o.jpg?resize=525%2C300&ssl=1 1.5x"},"classes":[]}],"jetpack_sharing_enabled":true,"_links":{"self":[{"href":"https:\/\/alpoma.net\/carto\/index.php?rest_route=\/wp\/v2\/posts\/1677","targetHints":{"allow":["GET"]}}],"collection":[{"href":"https:\/\/alpoma.net\/carto\/index.php?rest_route=\/wp\/v2\/posts"}],"about":[{"href":"https:\/\/alpoma.net\/carto\/index.php?rest_route=\/wp\/v2\/types\/post"}],"author":[{"embeddable":true,"href":"https:\/\/alpoma.net\/carto\/index.php?rest_route=\/wp\/v2\/users\/1"}],"replies":[{"embeddable":true,"href":"https:\/\/alpoma.net\/carto\/index.php?rest_route=%2Fwp%2Fv2%2Fcomments&post=1677"}],"version-history":[{"count":0,"href":"https:\/\/alpoma.net\/carto\/index.php?rest_route=\/wp\/v2\/posts\/1677\/revisions"}],"wp:featuredmedia":[{"embeddable":true,"href":"https:\/\/alpoma.net\/carto\/index.php?rest_route=\/wp\/v2\/media\/1679"}],"wp:attachment":[{"href":"https:\/\/alpoma.net\/carto\/index.php?rest_route=%2Fwp%2Fv2%2Fmedia&parent=1677"}],"wp:term":[{"taxonomy":"category","embeddable":true,"href":"https:\/\/alpoma.net\/carto\/index.php?rest_route=%2Fwp%2Fv2%2Fcategories&post=1677"},{"taxonomy":"post_tag","embeddable":true,"href":"https:\/\/alpoma.net\/carto\/index.php?rest_route=%2Fwp%2Fv2%2Ftags&post=1677"}],"curies":[{"name":"wp","href":"https:\/\/api.w.org\/{rel}","templated":true}]}}