{"id":1650,"date":"2010-06-04T15:01:56","date_gmt":"2010-06-04T13:01:56","guid":{"rendered":"http:\/\/alpoma.net\/carto\/?p=1650"},"modified":"2010-06-04T15:01:56","modified_gmt":"2010-06-04T13:01:56","slug":"mapas-vectoriales-para-disenadores-ahora-en-formato-svg","status":"publish","type":"post","link":"https:\/\/alpoma.net\/carto\/?p=1650","title":{"rendered":"Mapas vectoriales para dise\u00f1adores, ahora en formato SVG"},"content":{"rendered":"<p>Esta ma\u00f1ana he recibido el amable correo electr\u00f3nico de un lector italiano interesado en mi colecci\u00f3n de mapas vectoriales para dise\u00f1adores. Concretamente, me preguntaba la raz\u00f3n por la que \u00fanicamente estaban disponibles en formato EPS y no, por ejemplo, en SVG como a \u00e9l le gustar\u00eda. Tiene toda la raz\u00f3n, quienes no utilicen Illustrator y tengan <strong><a href=\"http:\/\/www.inkscape.org\/?lang=es\">Inkscape<\/a><\/strong> como herramienta vectorial preferida, u otra aplicaci\u00f3n libre, posiblemente se sientan m\u00e1s c\u00f3modos trabajando dir\u00e9ctamente con SVG sin tener que importar desde otros formatos. Por esta raz\u00f3n, he actualizado los archivos y ahora se pueden descargar tanto en EPS como en formato SVG: \ud83d\ude42<\/p>\n<p><strong><a href=\"http:\/\/alpoma.net\/carto\/?page_id=1386\">Mapas Vectoriales (EPS + SVG) para dise\u00f1adores gr\u00e1ficos<\/a><\/strong>.<\/p>\n<p><img decoding=\"async\" src=\"http:\/\/farm5.static.flickr.com\/4064\/4376867704_4e0f8b7677_o.jpg\" alt=\"img\" class=\"otros\"\/><\/p>\n","protected":false},"excerpt":{"rendered":"<div class=\"mh-excerpt\"><p>Esta ma\u00f1ana he recibido el amable correo electr\u00f3nico de un lector italiano interesado en mi colecci\u00f3n de mapas vectoriales para dise\u00f1adores. Concretamente, me preguntaba la <a class=\"mh-excerpt-more\" href=\"https:\/\/alpoma.net\/carto\/?p=1650\" title=\"Mapas vectoriales para dise\u00f1adores, ahora en formato SVG\">[&#8230;]<\/a><\/p>\n<\/div>","protected":false},"author":1,"featured_media":4934,"comment_status":"open","ping_status":"open","sticky":false,"template":"","format":"standard","meta":{"jetpack_post_was_ever_published":false,"_jetpack_newsletter_access":"","_jetpack_dont_email_post_to_subs":false,"_jetpack_newsletter_tier_id":0,"_jetpack_memberships_contains_paywalled_content":false,"_jetpack_memberships_contains_paid_content":false,"footnotes":""},"categories":[10],"tags":[],"class_list":["post-1650","post","type-post","status-publish","format-standard","has-post-thumbnail","hentry","category-experimentos"],"jetpack_featured_media_url":"https:\/\/alpoma.net\/carto\/wp-content\/uploads\/2010\/06\/4376867704_4e0f8b7677_o.jpg","jetpack_shortlink":"https:\/\/wp.me\/p93Co9-qC","jetpack-related-posts":[{"id":6818,"url":"https:\/\/alpoma.net\/carto\/?p=6818","url_meta":{"origin":1650,"position":0},"title":"Disponible la versi\u00f3n 2018 de la colecci\u00f3n de mapas vectoriales \u00abMaptorian\u00bb","author":"alpoma","date":"enero 23, 2018","format":false,"excerpt":"Han sido muchas semanas de trabajo, rascando tiempo donde apenas se pod\u00eda, para ir reformando por completo mi colecci\u00f3n de mapas vectoriales para dise\u00f1adores gr\u00e1ficos, infografistas o cualquier persona que necesite plantillas vectoriales para crear mapas del mundo (en formato AI para Illustrator y PDF editable, con m\u00e1s de 40\u2026","rel":"","context":"En \u00abCartograf\u00eda\u00bb","block_context":{"text":"Cartograf\u00eda","link":"https:\/\/alpoma.net\/carto\/?cat=9"},"img":{"alt_text":"","src":"https:\/\/i0.wp.com\/alpoma.net\/carto\/wp-content\/uploads\/2018\/01\/africa-map.jpg?resize=350%2C200&ssl=1","width":350,"height":200,"srcset":"https:\/\/i0.wp.com\/alpoma.net\/carto\/wp-content\/uploads\/2018\/01\/africa-map.jpg?resize=350%2C200&ssl=1 1x, https:\/\/i0.wp.com\/alpoma.net\/carto\/wp-content\/uploads\/2018\/01\/africa-map.jpg?resize=525%2C300&ssl=1 1.5x, https:\/\/i0.wp.com\/alpoma.net\/carto\/wp-content\/uploads\/2018\/01\/africa-map.jpg?resize=700%2C400&ssl=1 2x"},"classes":[]},{"id":6367,"url":"https:\/\/alpoma.net\/carto\/?p=6367","url_meta":{"origin":1650,"position":1},"title":"\u00bfMe ayudas a completar mi proyecto Maptorian Plus?","author":"alpoma","date":"febrero 24, 2016","format":false,"excerpt":"Voy directo a la cuesti\u00f3n. Hace m\u00e1s de tres a\u00f1os publiqu\u00e9 un proyecto de mapas vectoriales al que llam\u00e9 Maptorian. En este tiempo dise\u00f1adores gr\u00e1ficos, periodistas, estudiantes, profesores y muchos m\u00e1s profesionales de todo el mundo han adquirido alguno de los packs de mapas que formaban aquella primera versi\u00f3n de\u2026","rel":"","context":"En \u00abEn l\u00ednea\u00bb","block_context":{"text":"En l\u00ednea","link":"https:\/\/alpoma.net\/carto\/?cat=5"},"img":{"alt_text":"","src":"https:\/\/i0.wp.com\/alpoma.net\/carto\/wp-content\/uploads\/2016\/02\/Captura-de-pantalla-2016-01-11-a-las-0.23.03.png?resize=350%2C200&ssl=1","width":350,"height":200,"srcset":"https:\/\/i0.wp.com\/alpoma.net\/carto\/wp-content\/uploads\/2016\/02\/Captura-de-pantalla-2016-01-11-a-las-0.23.03.png?resize=350%2C200&ssl=1 1x, https:\/\/i0.wp.com\/alpoma.net\/carto\/wp-content\/uploads\/2016\/02\/Captura-de-pantalla-2016-01-11-a-las-0.23.03.png?resize=525%2C300&ssl=1 1.5x"},"classes":[]},{"id":6580,"url":"https:\/\/alpoma.net\/carto\/?p=6580","url_meta":{"origin":1650,"position":2},"title":"Maptorian se renueva: edici\u00f3n 2017 de mi colecci\u00f3n de plantillas para crear mapas","author":"alpoma","date":"enero 15, 2017","format":false,"excerpt":"Han pasado ya cuatro a\u00f1os desde que lanc\u00e9 Maptorian como producto y ya iba siendo hora de renovar el contenido. Por eso, acabo de lanzar la edici\u00f3n 2017, con unas cuantas novedades. Para empezar, ahora las platillas para crear mapas de Maptorian no s\u00f3lo se encuentran en formato AI de\u2026","rel":"","context":"En \u00abEn l\u00ednea\u00bb","block_context":{"text":"En l\u00ednea","link":"https:\/\/alpoma.net\/carto\/?cat=5"},"img":{"alt_text":"","src":"https:\/\/i0.wp.com\/alpoma.net\/carto\/wp-content\/uploads\/2017\/01\/ae18f40cdddd8533ec49820d2e1b78a5_original.png?resize=350%2C200&ssl=1","width":350,"height":200,"srcset":"https:\/\/i0.wp.com\/alpoma.net\/carto\/wp-content\/uploads\/2017\/01\/ae18f40cdddd8533ec49820d2e1b78a5_original.png?resize=350%2C200&ssl=1 1x, https:\/\/i0.wp.com\/alpoma.net\/carto\/wp-content\/uploads\/2017\/01\/ae18f40cdddd8533ec49820d2e1b78a5_original.png?resize=525%2C300&ssl=1 1.5x"},"classes":[]},{"id":778,"url":"https:\/\/alpoma.net\/carto\/?p=778","url_meta":{"origin":1650,"position":3},"title":"Mapas vectoriales de los municipios de Espa\u00f1a","author":"alpoma","date":"marzo 16, 2009","format":false,"excerpt":"Esta es una de esas sorpresas con las que uno se encuentra, sin buscarlo, alegrando un poco la jornada. Siguiendo un enlace en del.icio.us, llegu\u00e9 a esta peque\u00f1a joya bajo licencia Creative Commons: Mapas vectoriales de los municipios de Espa\u00f1a gratis - En formato FLA (SWF) M\u00e1s informaci\u00f3n: nbsp -\u2026","rel":"","context":"En \u00abCartograf\u00eda\u00bb","block_context":{"text":"Cartograf\u00eda","link":"https:\/\/alpoma.net\/carto\/?cat=9"},"img":{"alt_text":"","src":"","width":0,"height":0},"classes":[]},{"id":1535,"url":"https:\/\/alpoma.net\/carto\/?p=1535","url_meta":{"origin":1650,"position":4},"title":"Probando indiemapper","author":"alpoma","date":"abril 19, 2010","format":false,"excerpt":"Ayer domingo, por la ma\u00f1ana, dediqu\u00e9 algo m\u00e1s de una hora a explorar esta nueva herramienta: indiemapper. Se trata de una soluci\u00f3n online, de pago, para crear mapas tem\u00e1ticos que, adem\u00e1s, ofrece un tiempo de pruebas, treinta d\u00edas, sin coste alguno, que es la forma en la que he realizado\u2026","rel":"","context":"En \u00abEn l\u00ednea\u00bb","block_context":{"text":"En l\u00ednea","link":"https:\/\/alpoma.net\/carto\/?cat=5"},"img":{"alt_text":"","src":"","width":0,"height":0},"classes":[]},{"id":4198,"url":"https:\/\/alpoma.net\/carto\/?p=4198","url_meta":{"origin":1650,"position":5},"title":"Nueva colecci\u00f3n de mapas vectoriales en Maptorian: Europa.","author":"alpoma","date":"febrero 21, 2014","format":false,"excerpt":"Despu\u00e9s del pack de mapas del mundo y el de mapas de los Estados Unidos, me he animado a crear una nueva colecci\u00f3n de mapas vectoriales en Maptorian. En esta ocasi\u00f3n se trata de un mapa detallado de Europa, con 30 capas tem\u00e1ticas y seis mapas regionales (Pen\u00ednsula Ib\u00e9rica, Italia,\u2026","rel":"","context":"En \u00abCartograf\u00eda\u00bb","block_context":{"text":"Cartograf\u00eda","link":"https:\/\/alpoma.net\/carto\/?cat=9"},"img":{"alt_text":"","src":"https:\/\/i0.wp.com\/alpoma.net\/carto\/wp-content\/uploads\/2014\/02\/europe_maptorian.jpg?resize=350%2C200&ssl=1","width":350,"height":200,"srcset":"https:\/\/i0.wp.com\/alpoma.net\/carto\/wp-content\/uploads\/2014\/02\/europe_maptorian.jpg?resize=350%2C200&ssl=1 1x, https:\/\/i0.wp.com\/alpoma.net\/carto\/wp-content\/uploads\/2014\/02\/europe_maptorian.jpg?resize=525%2C300&ssl=1 1.5x"},"classes":[]}],"jetpack_sharing_enabled":true,"_links":{"self":[{"href":"https:\/\/alpoma.net\/carto\/index.php?rest_route=\/wp\/v2\/posts\/1650","targetHints":{"allow":["GET"]}}],"collection":[{"href":"https:\/\/alpoma.net\/carto\/index.php?rest_route=\/wp\/v2\/posts"}],"about":[{"href":"https:\/\/alpoma.net\/carto\/index.php?rest_route=\/wp\/v2\/types\/post"}],"author":[{"embeddable":true,"href":"https:\/\/alpoma.net\/carto\/index.php?rest_route=\/wp\/v2\/users\/1"}],"replies":[{"embeddable":true,"href":"https:\/\/alpoma.net\/carto\/index.php?rest_route=%2Fwp%2Fv2%2Fcomments&post=1650"}],"version-history":[{"count":0,"href":"https:\/\/alpoma.net\/carto\/index.php?rest_route=\/wp\/v2\/posts\/1650\/revisions"}],"wp:featuredmedia":[{"embeddable":true,"href":"https:\/\/alpoma.net\/carto\/index.php?rest_route=\/wp\/v2\/media\/4934"}],"wp:attachment":[{"href":"https:\/\/alpoma.net\/carto\/index.php?rest_route=%2Fwp%2Fv2%2Fmedia&parent=1650"}],"wp:term":[{"taxonomy":"category","embeddable":true,"href":"https:\/\/alpoma.net\/carto\/index.php?rest_route=%2Fwp%2Fv2%2Fcategories&post=1650"},{"taxonomy":"post_tag","embeddable":true,"href":"https:\/\/alpoma.net\/carto\/index.php?rest_route=%2Fwp%2Fv2%2Ftags&post=1650"}],"curies":[{"name":"wp","href":"https:\/\/api.w.org\/{rel}","templated":true}]}}