{"id":1592,"date":"2010-05-03T13:20:37","date_gmt":"2010-05-03T11:20:37","guid":{"rendered":"http:\/\/alpoma.net\/carto\/?p=1592"},"modified":"2010-05-03T13:23:06","modified_gmt":"2010-05-03T11:23:06","slug":"mapa-del-vertido-de-petroleo-en-el-golfo-de-mexico","status":"publish","type":"post","link":"https:\/\/alpoma.net\/carto\/?p=1592","title":{"rendered":"Mapa del vertido de petr\u00f3leo en el Golfo de M\u00e9xico"},"content":{"rendered":"<p>Como en toda situaci\u00f3n de emergencia, el contar con una cartograf\u00eda lo m\u00e1s precisa posible y actualizada se convierte en algo vital. En estos momentos el NOAA ofrece mapas detallados sobre la evoluci\u00f3n del grave vertido de petr\u00f3leo en aguas del Golfo de M\u00e9xico, pueden consultarse en:<\/p>\n<p><strong><a href=\"http:\/\/response.restoration.noaa.gov\/topic_subtopic_entry.php?RECORD_KEY%28entry_subtopic_topic%29=entry_id,subtopic_id,topic_id&#038;entry_id%28entry_subtopic_topic%29=809&#038;subtopic_id%28entry_subtopic_topic%29=2&#038;topic_id%28entry_subtopic_topic%29=1\">NOAA &#8211; Deepwater Horizon Incident, Gulf of Mexico<\/a><\/strong>.<\/p>\n<p>A modo de ejemplo, he aqu\u00ed el \u00faltimo mapa publicado hasta el momento en que he editado este post. Se trata de un <strong>mapa evolutivo de la extensi\u00f3n de la contaminaci\u00f3n entre el d\u00eda 29 de abril y el 3 de mayo<\/strong>, con previsi\u00f3n para el d\u00eda 4 basada en la trayectoria actual de la mancha. (Pincha en la imagen para aumentar su tama\u00f1o).<\/p>\n<p style=\"text-align: center\"><a href=\"http:\/\/www.flickr.com\/photos\/alpoma\/4573939783\/\" title=\"NOAA by alpoma, on Flickr\"><img loading=\"lazy\" decoding=\"async\" src=\"http:\/\/farm4.static.flickr.com\/3370\/4573939783_89725ddee8.jpg\" width=\"500\" height=\"386\" alt=\"NOAA\" \/><\/a><\/p>\n","protected":false},"excerpt":{"rendered":"<div class=\"mh-excerpt\"><p>Como en toda situaci\u00f3n de emergencia, el contar con una cartograf\u00eda lo m\u00e1s precisa posible y actualizada se convierte en algo vital. En estos momentos <a class=\"mh-excerpt-more\" href=\"https:\/\/alpoma.net\/carto\/?p=1592\" title=\"Mapa del vertido de petr\u00f3leo en el Golfo de M\u00e9xico\">[&#8230;]<\/a><\/p>\n<\/div>","protected":false},"author":1,"featured_media":5120,"comment_status":"open","ping_status":"open","sticky":false,"template":"","format":"standard","meta":{"jetpack_post_was_ever_published":false,"_jetpack_newsletter_access":"","_jetpack_dont_email_post_to_subs":false,"_jetpack_newsletter_tier_id":0,"_jetpack_memberships_contains_paywalled_content":false,"_jetpack_memberships_contains_paid_content":false,"footnotes":""},"categories":[6],"tags":[],"class_list":["post-1592","post","type-post","status-publish","format-standard","has-post-thumbnail","hentry","category-riesgos-naturales"],"jetpack_featured_media_url":"https:\/\/alpoma.net\/carto\/wp-content\/uploads\/2010\/05\/4573939783_89725ddee8.jpg","jetpack_shortlink":"https:\/\/wp.me\/p93Co9-pG","jetpack-related-posts":[{"id":332,"url":"https:\/\/alpoma.net\/carto\/?p=332","url_meta":{"origin":1592,"position":0},"title":"Cartogaler\u00eda","author":"alpoma","date":"mayo 4, 2007","format":false,"excerpt":"Como en otras ocasiones, se han acumulado atractivos mapas que hubiera deseado comentar con calma en La Cartoteca, pero dada la escasez de tiempo me limitar\u00e9 a recopilarlos para que no queden en el olvido. He aqu\u00ed la nueva remesa de mapas... El blog de arquitectura dezeen ha creado un\u2026","rel":"","context":"En \u00abEn l\u00ednea\u00bb","block_context":{"text":"En l\u00ednea","link":"https:\/\/alpoma.net\/carto\/?cat=5"},"img":{"alt_text":"","src":"https:\/\/i0.wp.com\/alpoma.net\/carto\/wp-content\/uploads\/2007\/05\/484172157_4bd36167c0.jpg?resize=350%2C200&ssl=1","width":350,"height":200},"classes":[]},{"id":1110,"url":"https:\/\/alpoma.net\/carto\/?p=1110","url_meta":{"origin":1592,"position":1},"title":"La isla de Jacques Cousteau","author":"alpoma","date":"noviembre 19, 2009","format":false,"excerpt":"Ayer me avis\u00f3 Muxfin sobre esta curiosa historia. Puede que aqu\u00ed, en Europa, nos parezca una iniciativa interesante, o incluso positiva, pero al otro lado del Atl\u00e1ntico parece que se ha armado bastante l\u00edo, sobre todo por las posibles motivaciones comerciales detr\u00e1s del asunto. Si alguien de M\u00e9xico desea comentar\u2026","rel":"","context":"En \u00abGeograf\u00eda\u00bb","block_context":{"text":"Geograf\u00eda","link":"https:\/\/alpoma.net\/carto\/?cat=7"},"img":{"alt_text":"","src":"","width":0,"height":0},"classes":[]},{"id":7913,"url":"https:\/\/alpoma.net\/carto\/?p=7913","url_meta":{"origin":1592,"position":2},"title":"\u00bfC\u00f3mo organizar una observaci\u00f3n de auroras boreales con el mapa de NOAA?","author":"alpoma","date":"noviembre 12, 2025","format":false,"excerpt":"Tenemos tormenta solar y, como en ocasiones recientes, se est\u00e1n observando fen\u00f3menos luminosos de tipo aurora boreal en latitudes bajas como por ejemplo en los Estados Unidos continentales o en Espa\u00f1a y Portugal. Esta tarde ten\u00eda todo preparado para una salida nocturna con la c\u00e1mara preparada, pero todo est\u00e1 nublado\u2026","rel":"","context":"En \u00abRiesgos Naturales\u00bb","block_context":{"text":"Riesgos Naturales","link":"https:\/\/alpoma.net\/carto\/?cat=6"},"img":{"alt_text":"","src":"https:\/\/i0.wp.com\/alpoma.net\/carto\/wp-content\/uploads\/2025\/11\/latest.jpg?resize=350%2C200&ssl=1","width":350,"height":200,"srcset":"https:\/\/i0.wp.com\/alpoma.net\/carto\/wp-content\/uploads\/2025\/11\/latest.jpg?resize=350%2C200&ssl=1 1x, https:\/\/i0.wp.com\/alpoma.net\/carto\/wp-content\/uploads\/2025\/11\/latest.jpg?resize=525%2C300&ssl=1 1.5x, https:\/\/i0.wp.com\/alpoma.net\/carto\/wp-content\/uploads\/2025\/11\/latest.jpg?resize=700%2C400&ssl=1 2x"},"classes":[]},{"id":4366,"url":"https:\/\/alpoma.net\/carto\/?p=4366","url_meta":{"origin":1592,"position":3},"title":"Hielo y nieve en el hemisferio norte","author":"alpoma","date":"diciembre 29, 2014","format":false,"excerpt":"Despu\u00e9s de varias semanas sin apenas actividad en La Cartoteca (m\u00e1s que nada, ha sido la publicaci\u00f3n de mis dos \u00faltimos libros lo que se ha comido el tiempo), es hora de reactivar el blog. Para ello, nada mejor que esta aperitivo fr\u00edo. Se trata del mapa de cobertura de\u2026","rel":"","context":"En \u00abTeledetecci\u00f3n\u00bb","block_context":{"text":"Teledetecci\u00f3n","link":"https:\/\/alpoma.net\/carto\/?cat=3"},"img":{"alt_text":"","src":"https:\/\/i0.wp.com\/alpoma.net\/carto\/wp-content\/uploads\/2014\/12\/multisensor_4km_nh_snow_ice_latlon_2014362-1024x2841.png?resize=350%2C200&ssl=1","width":350,"height":200,"srcset":"https:\/\/i0.wp.com\/alpoma.net\/carto\/wp-content\/uploads\/2014\/12\/multisensor_4km_nh_snow_ice_latlon_2014362-1024x2841.png?resize=350%2C200&ssl=1 1x, https:\/\/i0.wp.com\/alpoma.net\/carto\/wp-content\/uploads\/2014\/12\/multisensor_4km_nh_snow_ice_latlon_2014362-1024x2841.png?resize=525%2C300&ssl=1 1.5x, https:\/\/i0.wp.com\/alpoma.net\/carto\/wp-content\/uploads\/2014\/12\/multisensor_4km_nh_snow_ice_latlon_2014362-1024x2841.png?resize=700%2C400&ssl=1 2x"},"classes":[]},{"id":1416,"url":"https:\/\/alpoma.net\/carto\/?p=1416","url_meta":{"origin":1592,"position":4},"title":"Tsunami en el Pac\u00edfico (cartograf\u00eda de emergencia)","author":"alpoma","date":"febrero 27, 2010","format":false,"excerpt":"El terremoto que ha sacudido hoy Chile, de magnitud 8.8, ha generado un tsunami en el Oc\u00e9ano Pac\u00edfico cuyo alcance y consecuencias todav\u00eda es muy pronto para que sean definidos con claridad. De momento, aqu\u00ed va algo de cartograf\u00eda de \"emergencia\", preparado con premura. En primer lugar, este mapa del\u2026","rel":"","context":"En \u00abRiesgos Naturales\u00bb","block_context":{"text":"Riesgos Naturales","link":"https:\/\/alpoma.net\/carto\/?cat=6"},"img":{"alt_text":"","src":"https:\/\/i0.wp.com\/alpoma.net\/carto\/wp-content\/uploads\/2010\/02\/4392753272_8744f85277_o.jpg?resize=350%2C200&ssl=1","width":350,"height":200,"srcset":"https:\/\/i0.wp.com\/alpoma.net\/carto\/wp-content\/uploads\/2010\/02\/4392753272_8744f85277_o.jpg?resize=350%2C200&ssl=1 1x, https:\/\/i0.wp.com\/alpoma.net\/carto\/wp-content\/uploads\/2010\/02\/4392753272_8744f85277_o.jpg?resize=525%2C300&ssl=1 1.5x"},"classes":[]},{"id":296,"url":"https:\/\/alpoma.net\/carto\/?p=296","url_meta":{"origin":1592,"position":5},"title":"Europa sin nieve","author":"alpoma","date":"enero 13, 2007","format":false,"excerpt":"Tarde o temprano llegar\u00e1 el blanco manto... pero, de momento, este mapa del NOAA vale por mil palabras... | V\u00eda Vector One |","rel":"","context":"En \u00abCartograf\u00eda\u00bb","block_context":{"text":"Cartograf\u00eda","link":"https:\/\/alpoma.net\/carto\/?cat=9"},"img":{"alt_text":"","src":"https:\/\/i0.wp.com\/alpoma.net\/carto\/wp-content\/uploads\/2007\/01\/356169708_07b3721350_o.jpg?resize=350%2C200&ssl=1","width":350,"height":200},"classes":[]}],"jetpack_sharing_enabled":true,"_links":{"self":[{"href":"https:\/\/alpoma.net\/carto\/index.php?rest_route=\/wp\/v2\/posts\/1592","targetHints":{"allow":["GET"]}}],"collection":[{"href":"https:\/\/alpoma.net\/carto\/index.php?rest_route=\/wp\/v2\/posts"}],"about":[{"href":"https:\/\/alpoma.net\/carto\/index.php?rest_route=\/wp\/v2\/types\/post"}],"author":[{"embeddable":true,"href":"https:\/\/alpoma.net\/carto\/index.php?rest_route=\/wp\/v2\/users\/1"}],"replies":[{"embeddable":true,"href":"https:\/\/alpoma.net\/carto\/index.php?rest_route=%2Fwp%2Fv2%2Fcomments&post=1592"}],"version-history":[{"count":0,"href":"https:\/\/alpoma.net\/carto\/index.php?rest_route=\/wp\/v2\/posts\/1592\/revisions"}],"wp:featuredmedia":[{"embeddable":true,"href":"https:\/\/alpoma.net\/carto\/index.php?rest_route=\/wp\/v2\/media\/5120"}],"wp:attachment":[{"href":"https:\/\/alpoma.net\/carto\/index.php?rest_route=%2Fwp%2Fv2%2Fmedia&parent=1592"}],"wp:term":[{"taxonomy":"category","embeddable":true,"href":"https:\/\/alpoma.net\/carto\/index.php?rest_route=%2Fwp%2Fv2%2Fcategories&post=1592"},{"taxonomy":"post_tag","embeddable":true,"href":"https:\/\/alpoma.net\/carto\/index.php?rest_route=%2Fwp%2Fv2%2Ftags&post=1592"}],"curies":[{"name":"wp","href":"https:\/\/api.w.org\/{rel}","templated":true}]}}