{"id":157,"date":"2006-03-29T12:22:22","date_gmt":"2006-03-29T10:22:22","guid":{"rendered":"http:\/\/alpoma.net\/carto\/?p=157"},"modified":"2006-03-29T12:24:45","modified_gmt":"2006-03-29T10:24:45","slug":"podcast-geografia-para-llevar","status":"publish","type":"post","link":"https:\/\/alpoma.net\/carto\/?p=157","title":{"rendered":"Podcast &#8211; Geograf\u00eda para llevar"},"content":{"rendered":"<p>Acaba de nacer un podcast en espa\u00f1ol que pretende tener aparici\u00f3n peri\u00f3dica y que tratar\u00e1 sobre todo tipo de informaci\u00f3n acerca de geograf\u00eda, teledetecci\u00f3n, GIS y, en geneal, geotecnolog\u00edas. Ya est\u00e1 disponible el <a href=\"http:\/\/media.libsyn.com\/media\/gipod\/GPL_01_-_Bienvenida_copy_1.mp3\">primer episodio<\/a>:<\/p>\n<blockquote><p>Geograf\u00eda Para Llevar, un podcast dedicado a la geoinformaci\u00f3n y ciencias de la Tierra. Si lo tuyo es la Geom\u00e1tica, sensores remotos, Sistemas de Informaci\u00f3n Geogr\u00e1fica, geodesia y temas relacionados con el territorio y nuestro planeta entonces estas sintonizado con la frecuencia correcta&#8230; <\/p><\/blockquote>\n<p><strong>&#8211;> <a href=\"http:\/\/podespacial.com\/\">Geograf\u00eda para llevar<\/a><\/strong><\/p>\n","protected":false},"excerpt":{"rendered":"<div class=\"mh-excerpt\"><p>Acaba de nacer un podcast en espa\u00f1ol que pretende tener aparici\u00f3n peri\u00f3dica y que tratar\u00e1 sobre todo tipo de informaci\u00f3n acerca de geograf\u00eda, teledetecci\u00f3n, GIS <a class=\"mh-excerpt-more\" href=\"https:\/\/alpoma.net\/carto\/?p=157\" title=\"Podcast &#8211; Geograf\u00eda para llevar\">[&#8230;]<\/a><\/p>\n<\/div>","protected":false},"author":1,"featured_media":0,"comment_status":"open","ping_status":"open","sticky":false,"template":"","format":"standard","meta":{"jetpack_post_was_ever_published":false,"_jetpack_newsletter_access":"","_jetpack_dont_email_post_to_subs":false,"_jetpack_newsletter_tier_id":0,"_jetpack_memberships_contains_paywalled_content":false,"_jetpack_memberships_contains_paid_content":false,"footnotes":""},"categories":[5,7],"tags":[],"class_list":["post-157","post","type-post","status-publish","format-standard","hentry","category-en-linea","category-geografia"],"jetpack_featured_media_url":"","jetpack_shortlink":"https:\/\/wp.me\/p93Co9-2x","jetpack-related-posts":[{"id":178,"url":"https:\/\/alpoma.net\/carto\/?p=178","url_meta":{"origin":157,"position":0},"title":"Recetario IDE","author":"alpoma","date":"abril 26, 2006","format":false,"excerpt":"Geograf\u00eda para llevar, en su nueva entrega, ofrece un documento muy interesante sobre infraestructura de datos espaciales: --> Cuarto episodio de Geograf\u00eda Para Llevar --> Recetario IDE v1.1 (1.02 MB PDF) --> Spatial Data Infrastructure Cookbook v2.0 (PDF)","rel":"","context":"En \u00abSIG\u00bb","block_context":{"text":"SIG","link":"https:\/\/alpoma.net\/carto\/?cat=2"},"img":{"alt_text":"","src":"","width":0,"height":0},"classes":[]},{"id":287,"url":"https:\/\/alpoma.net\/carto\/?p=287","url_meta":{"origin":157,"position":1},"title":"Geograf\u00eda electoral","author":"alpoma","date":"diciembre 19, 2006","format":false,"excerpt":"La geograf\u00eda de los procesos electorales es un tema apasionante que, sin embargo, no est\u00e1 siendo estudiada todo lo a fondo que pudiera pensarse. Para toda persona interesada en el tema, existe un recurso fundamental que cuenta con informaci\u00f3n de todo el mundo relacionada con elecciones y dem\u00e1s procesos electorales:\u2026","rel":"","context":"En \u00abEn l\u00ednea\u00bb","block_context":{"text":"En l\u00ednea","link":"https:\/\/alpoma.net\/carto\/?cat=5"},"img":{"alt_text":"","src":"","width":0,"height":0},"classes":[]},{"id":1161,"url":"https:\/\/alpoma.net\/carto\/?p=1161","url_meta":{"origin":157,"position":2},"title":"Fundaci\u00f3n Domingo Font\u00e1n","author":"alpoma","date":"diciembre 17, 2009","format":false,"excerpt":"Recientemente publicada, la web de la Fundaci\u00f3n Domingo Font\u00e1n ofrece informaci\u00f3n sobre los fondos que custodia y, sobre todo, datos biogr\u00e1ficos y bibliogr\u00e1ficos sobre una figura clave en la historia de la ciencia y geograf\u00eda gallegas como fue Domingo Font\u00e1n. Monumental fue su trabajo, tras casi dos d\u00e9cadas de dedicaci\u00f3n,\u2026","rel":"","context":"En \u00abEn l\u00ednea\u00bb","block_context":{"text":"En l\u00ednea","link":"https:\/\/alpoma.net\/carto\/?cat=5"},"img":{"alt_text":"","src":"https:\/\/i0.wp.com\/alpoma.net\/carto\/wp-content\/uploads\/2009\/12\/4192845778_9ab71513e3_m.jpg?resize=350%2C200&ssl=1","width":350,"height":200},"classes":[]},{"id":254,"url":"https:\/\/alpoma.net\/carto\/?p=254","url_meta":{"origin":157,"position":3},"title":"Proyecto Epidemio","author":"alpoma","date":"septiembre 8, 2006","format":false,"excerpt":"La Agencia Espacial Europea, a trav\u00e9s del Proyecto Epidemio, pretende utilizar conjuntamente datos de campo con informaci\u00f3n de sat\u00e9lite para investigar diversos campos en geograf\u00eda m\u00e9dica, como la dispersi\u00f3n geogr\u00e1fica de casos de meningitis y los posibles factores ambientales asociados: Very serious human diseases, such as malaria and meningitis, are\u2026","rel":"","context":"En \u00abGeograf\u00eda\u00bb","block_context":{"text":"Geograf\u00eda","link":"https:\/\/alpoma.net\/carto\/?cat=7"},"img":{"alt_text":"epidemio_logo","src":"https:\/\/i0.wp.com\/static.flickr.com\/96\/237793668_2aeb707c58_t.jpg?resize=350%2C200","width":350,"height":200},"classes":[]},{"id":6335,"url":"https:\/\/alpoma.net\/carto\/?p=6335","url_meta":{"origin":157,"position":4},"title":"\u00bfCu\u00e1ntos elementos de geograf\u00eda f\u00edsica reconoces?","author":"alpoma","date":"diciembre 13, 2015","format":false,"excerpt":"Estoy metido de lleno en el proceso de producci\u00f3n de Maptorian Plus, o lo que es igual, la evoluci\u00f3n mejorada de mi proyecto Maptorian, as\u00ed que apenas hay tiempo para escribir cosas nuevas. Esta nueva versi\u00f3n del pack de mapas vectoriales incluye capas topogr\u00e1ficas y he ah\u00ed que, batallando con\u2026","rel":"","context":"En \u00abGeograf\u00eda\u00bb","block_context":{"text":"Geograf\u00eda","link":"https:\/\/alpoma.net\/carto\/?cat=7"},"img":{"alt_text":"","src":"https:\/\/i0.wp.com\/alpoma.net\/carto\/wp-content\/uploads\/2015\/12\/geofis_fragmento.png?resize=350%2C200&ssl=1","width":350,"height":200,"srcset":"https:\/\/i0.wp.com\/alpoma.net\/carto\/wp-content\/uploads\/2015\/12\/geofis_fragmento.png?resize=350%2C200&ssl=1 1x, https:\/\/i0.wp.com\/alpoma.net\/carto\/wp-content\/uploads\/2015\/12\/geofis_fragmento.png?resize=525%2C300&ssl=1 1.5x, https:\/\/i0.wp.com\/alpoma.net\/carto\/wp-content\/uploads\/2015\/12\/geofis_fragmento.png?resize=700%2C400&ssl=1 2x"},"classes":[]},{"id":6108,"url":"https:\/\/alpoma.net\/carto\/?p=6108","url_meta":{"origin":157,"position":5},"title":"Ejercicio de geograf\u00eda f\u00edsica sobre una pen\u00ednsula Ib\u00e9rica imaginaria (1897)","author":"alpoma","date":"mayo 12, 2015","format":false,"excerpt":"A finales del siglo XIX aparecieron una serie de entra\u00f1ables librillos, creadas por Ram\u00f3n Alabern, que llevaban en sucesivas ediciones este ilustrativo t\u00edtulo: Geograf\u00eda elemental: nuevo m\u00e9todo; ense\u00f1anza directa sobre los mapas sin necesidad de libros. Eran lo que dec\u00edan ser, esto es, un m\u00e9todo sencillo y visual para la\u2026","rel":"","context":"En \u00abViejos mapas\u00bb","block_context":{"text":"Viejos mapas","link":"https:\/\/alpoma.net\/carto\/?cat=4"},"img":{"alt_text":"","src":"https:\/\/i0.wp.com\/alpoma.net\/carto\/wp-content\/uploads\/2015\/05\/peninsula_iberica_geografia_fisica-scaled.jpg?resize=350%2C200&ssl=1","width":350,"height":200,"srcset":"https:\/\/i0.wp.com\/alpoma.net\/carto\/wp-content\/uploads\/2015\/05\/peninsula_iberica_geografia_fisica-scaled.jpg?resize=350%2C200&ssl=1 1x, https:\/\/i0.wp.com\/alpoma.net\/carto\/wp-content\/uploads\/2015\/05\/peninsula_iberica_geografia_fisica-scaled.jpg?resize=525%2C300&ssl=1 1.5x, https:\/\/i0.wp.com\/alpoma.net\/carto\/wp-content\/uploads\/2015\/05\/peninsula_iberica_geografia_fisica-scaled.jpg?resize=700%2C400&ssl=1 2x, https:\/\/i0.wp.com\/alpoma.net\/carto\/wp-content\/uploads\/2015\/05\/peninsula_iberica_geografia_fisica-scaled.jpg?resize=1050%2C600&ssl=1 3x, https:\/\/i0.wp.com\/alpoma.net\/carto\/wp-content\/uploads\/2015\/05\/peninsula_iberica_geografia_fisica-scaled.jpg?resize=1400%2C800&ssl=1 4x"},"classes":[]}],"jetpack_sharing_enabled":true,"_links":{"self":[{"href":"https:\/\/alpoma.net\/carto\/index.php?rest_route=\/wp\/v2\/posts\/157","targetHints":{"allow":["GET"]}}],"collection":[{"href":"https:\/\/alpoma.net\/carto\/index.php?rest_route=\/wp\/v2\/posts"}],"about":[{"href":"https:\/\/alpoma.net\/carto\/index.php?rest_route=\/wp\/v2\/types\/post"}],"author":[{"embeddable":true,"href":"https:\/\/alpoma.net\/carto\/index.php?rest_route=\/wp\/v2\/users\/1"}],"replies":[{"embeddable":true,"href":"https:\/\/alpoma.net\/carto\/index.php?rest_route=%2Fwp%2Fv2%2Fcomments&post=157"}],"version-history":[{"count":0,"href":"https:\/\/alpoma.net\/carto\/index.php?rest_route=\/wp\/v2\/posts\/157\/revisions"}],"wp:attachment":[{"href":"https:\/\/alpoma.net\/carto\/index.php?rest_route=%2Fwp%2Fv2%2Fmedia&parent=157"}],"wp:term":[{"taxonomy":"category","embeddable":true,"href":"https:\/\/alpoma.net\/carto\/index.php?rest_route=%2Fwp%2Fv2%2Fcategories&post=157"},{"taxonomy":"post_tag","embeddable":true,"href":"https:\/\/alpoma.net\/carto\/index.php?rest_route=%2Fwp%2Fv2%2Ftags&post=157"}],"curies":[{"name":"wp","href":"https:\/\/api.w.org\/{rel}","templated":true}]}}