{"id":1552,"date":"2010-04-23T21:35:22","date_gmt":"2010-04-23T19:35:22","guid":{"rendered":"http:\/\/alpoma.net\/carto\/?p=1552"},"modified":"2010-04-23T21:36:47","modified_gmt":"2010-04-23T19:36:47","slug":"eneropa","status":"publish","type":"post","link":"https:\/\/alpoma.net\/carto\/?p=1552","title":{"rendered":"Eneropa"},"content":{"rendered":"<p>Imagina un gran continente en el que la energ\u00eda es gestionada con eficacia. Imagina que en ese lugar las fuentes energ\u00e9ticas son todas ellas sostenibles y verdes, una regi\u00f3n donde las emisiones de di\u00f3xido de carbono han sido reducidas al m\u00ednimo. Piensa igualmente en una tierra en la que \u00fanicamente existe una red com\u00fan de distribuci\u00f3n de la energ\u00eda, optimizada, regulada y controlada racionalmente. Vale, tal cosa no existe, pero puede imaginarse y, ya puestos, vamos a llamar a la utop\u00eda con un sonoro nombre: <strong>Eneropa<\/strong>. <\/p>\n<p><img decoding=\"async\" src=\"http:\/\/farm5.static.flickr.com\/4069\/4546472256_875ae658e3_o.jpg\" alt=\"img\" \/><\/p>\n<p>Esto es lo que propone la iniciativa <strong><a href=\"http:\/\/www.roadmap2050.eu\/\">Roadmap 2050<\/a><\/strong>, una tormenta de ideas encaminada a dise\u00f1ar una Europa energ\u00e9ticamente independiente y neutra en cuanto a emisiones de carbono a la atm\u00f3sfera se refiere. En esta fantas\u00eda, o experimento de prospectiva si se quiere llamar as\u00ed, aparece nuestro continente dividido en regiones especializadas en varias \u00e1reas de la producci\u00f3n energ\u00e9tica, como Solaria, Islas de los Vientos o Geotermalia, todas ellas unidas por una \u00fanica red el\u00e9ctrica com\u00fan. Los mapas y gr\u00e1ficos que acompa\u00f1an la iniciativa son realmente interesantes (puede descargarse todo el material en forma de documentos PDF en la web de la iniciativa). <\/p>\n<p><object width=\"620\" height=\"365\"><param name=\"movie\" value=\"http:\/\/www.youtube.com\/v\/xOGvpZINxjI&#038;hl=es_ES&#038;fs=1&#038;\"><\/param><param name=\"allowFullScreen\" value=\"true\"><\/param><param name=\"allowscriptaccess\" value=\"always\"><\/param><\/object><\/p>\n<p>| V\u00eda <a href=\"http:\/\/supercolossal.ch\/2010\/04\/14\/eneropa\/\">Super Colossal<\/a> |<\/p>\n","protected":false},"excerpt":{"rendered":"<div class=\"mh-excerpt\"><p>Imagina un gran continente en el que la energ\u00eda es gestionada con eficacia. Imagina que en ese lugar las fuentes energ\u00e9ticas son todas ellas sostenibles <a class=\"mh-excerpt-more\" href=\"https:\/\/alpoma.net\/carto\/?p=1552\" title=\"Eneropa\">[&#8230;]<\/a><\/p>\n<\/div>","protected":false},"author":1,"featured_media":5150,"comment_status":"open","ping_status":"open","sticky":false,"template":"","format":"standard","meta":{"jetpack_post_was_ever_published":false,"_jetpack_newsletter_access":"","_jetpack_dont_email_post_to_subs":false,"_jetpack_newsletter_tier_id":0,"_jetpack_memberships_contains_paywalled_content":false,"_jetpack_memberships_contains_paid_content":false,"footnotes":""},"categories":[10],"tags":[],"class_list":["post-1552","post","type-post","status-publish","format-standard","has-post-thumbnail","hentry","category-experimentos"],"jetpack_featured_media_url":"https:\/\/alpoma.net\/carto\/wp-content\/uploads\/2010\/04\/4546472256_875ae658e3_o.jpg","jetpack_shortlink":"https:\/\/wp.me\/s93Co9-eneropa","jetpack-related-posts":[{"id":7549,"url":"https:\/\/alpoma.net\/carto\/?p=7549","url_meta":{"origin":1552,"position":0},"title":"10 mapas realmente asombrosos","author":"alpoma","date":"octubre 23, 2019","format":false,"excerpt":"Me preguntaron recientemente acerca de los que, para m\u00ed, son los mapas m\u00e1s enigm\u00e1ticos de la Historia. Es complicado elegir, hay cientos de ejemplos y, por lo general, siempre se mencionan los mismos. He ah\u00ed el mapa de Piri Reis, o el de Vinlandia, o bien joyas muy antiguas como\u2026","rel":"","context":"En \u00abCartograf\u00eda\u00bb","block_context":{"text":"Cartograf\u00eda","link":"https:\/\/alpoma.net\/carto\/?cat=9"},"img":{"alt_text":"","src":"https:\/\/i0.wp.com\/alpoma.net\/carto\/wp-content\/uploads\/2019\/10\/2310913742_4f55acc05d_o.jpg?resize=350%2C200&ssl=1","width":350,"height":200,"srcset":"https:\/\/i0.wp.com\/alpoma.net\/carto\/wp-content\/uploads\/2019\/10\/2310913742_4f55acc05d_o.jpg?resize=350%2C200&ssl=1 1x, https:\/\/i0.wp.com\/alpoma.net\/carto\/wp-content\/uploads\/2019\/10\/2310913742_4f55acc05d_o.jpg?resize=525%2C300&ssl=1 1.5x, https:\/\/i0.wp.com\/alpoma.net\/carto\/wp-content\/uploads\/2019\/10\/2310913742_4f55acc05d_o.jpg?resize=700%2C400&ssl=1 2x"},"classes":[]},{"id":804,"url":"https:\/\/alpoma.net\/carto\/?p=804","url_meta":{"origin":1552,"position":1},"title":"La Europa sumergida","author":"alpoma","date":"abril 22, 2009","format":false,"excerpt":"Una anotaci\u00f3n de hoy en Next Nature ha revivido mi inter\u00e9s por un tema muy especial. No hay que acudir a mitos como los de la Atl\u00e1ntida o el imaginario continente perdido de Mu para encontrar verdaderos mundos perdidos bajo las aguas. Al final de la \u00faltima glaciaci\u00f3n, hace unos\u2026","rel":"","context":"En \u00abCartograf\u00eda\u00bb","block_context":{"text":"Cartograf\u00eda","link":"https:\/\/alpoma.net\/carto\/?cat=9"},"img":{"alt_text":"","src":"https:\/\/i0.wp.com\/alpoma.net\/carto\/wp-content\/uploads\/2009\/04\/3466703758_63e3951187_o.jpg?resize=350%2C200&ssl=1","width":350,"height":200,"srcset":"https:\/\/i0.wp.com\/alpoma.net\/carto\/wp-content\/uploads\/2009\/04\/3466703758_63e3951187_o.jpg?resize=350%2C200&ssl=1 1x, https:\/\/i0.wp.com\/alpoma.net\/carto\/wp-content\/uploads\/2009\/04\/3466703758_63e3951187_o.jpg?resize=525%2C300&ssl=1 1.5x"},"classes":[]},{"id":6259,"url":"https:\/\/alpoma.net\/carto\/?p=6259","url_meta":{"origin":1552,"position":2},"title":"El enigm\u00e1tico mapa de Oronce Fin\u00e9","author":"alpoma","date":"septiembre 25, 2015","format":false,"excerpt":"Ha vuelto a suceder. Acabo de cruzarme con un libro en el que se afirma que existen muchos mapas antiguos que muestran algo asombroso, a saber, que all\u00e1 en la \u00e9poca de la \u00faltima glaciaci\u00f3n existieron civilizaciones avanzadas capaces de trazar mapas detallados de todo el planeta. Vale, es ya\u2026","rel":"","context":"En \u00abViejos mapas\u00bb","block_context":{"text":"Viejos mapas","link":"https:\/\/alpoma.net\/carto\/?cat=4"},"img":{"alt_text":"","src":"https:\/\/i0.wp.com\/alpoma.net\/carto\/wp-content\/uploads\/2015\/09\/oronte_fine_cartoteca.png?resize=350%2C200&ssl=1","width":350,"height":200,"srcset":"https:\/\/i0.wp.com\/alpoma.net\/carto\/wp-content\/uploads\/2015\/09\/oronte_fine_cartoteca.png?resize=350%2C200&ssl=1 1x, https:\/\/i0.wp.com\/alpoma.net\/carto\/wp-content\/uploads\/2015\/09\/oronte_fine_cartoteca.png?resize=525%2C300&ssl=1 1.5x, https:\/\/i0.wp.com\/alpoma.net\/carto\/wp-content\/uploads\/2015\/09\/oronte_fine_cartoteca.png?resize=700%2C400&ssl=1 2x"},"classes":[]},{"id":2685,"url":"https:\/\/alpoma.net\/carto\/?p=2685","url_meta":{"origin":1552,"position":3},"title":"El mapa de Jerry Gretzinger","author":"alpoma","date":"agosto 24, 2011","format":false,"excerpt":"Imagina que en tu mente existe todo un mundo de fantas\u00eda y, un buen d\u00eda, decides dar forma a ese mundo en forma de un mapa gigantesco construido con todo tipo de materiales y a mano. Bien, deja de imaginar, porque aqu\u00ed tienes la historia de Jerry Gretzinger, un dise\u00f1ador\u2026","rel":"","context":"En \u00abMiscel\u00e1nea\u00bb","block_context":{"text":"Miscel\u00e1nea","link":"https:\/\/alpoma.net\/carto\/?cat=1"},"img":{"alt_text":"","src":"","width":0,"height":0},"classes":[]},{"id":1785,"url":"https:\/\/alpoma.net\/carto\/?p=1785","url_meta":{"origin":1552,"position":4},"title":"Un mundo sin mapas","author":"alpoma","date":"agosto 5, 2010","format":false,"excerpt":"Imagina un mundo en el que los mapas perdieran su color, donde las l\u00edneas de costa fueran borrados, en el que vectores y trazos de l\u00edneas de comunicaci\u00f3n se esfumaran... \u00a1ese mundo existe! No he encontrado informaci\u00f3n sobre el autor de este experimento, y en la fuente que me lo\u2026","rel":"","context":"En \u00abExperimentos\u00bb","block_context":{"text":"Experimentos","link":"https:\/\/alpoma.net\/carto\/?cat=10"},"img":{"alt_text":"","src":"https:\/\/i0.wp.com\/alpoma.net\/carto\/wp-content\/uploads\/2010\/08\/11123465.jpg?resize=350%2C200","width":350,"height":200},"classes":[]},{"id":1405,"url":"https:\/\/alpoma.net\/carto\/?p=1405","url_meta":{"origin":1552,"position":5},"title":"Terra y la Tierra","author":"alpoma","date":"febrero 25, 2010","format":false,"excerpt":"La misi\u00f3n Terra (EOS AM-1), de la NASA, cumple ya una d\u00e9cada de vida monitorizando nuestro planeta, as\u00ed que no viene mal repasar un poco y de forma visual, c\u00f3mo nos ha contemplado esta plataforma orbital de teledetecci\u00f3n en estos a\u00f1os. En Earth Observatory se hace un completo repaso, con\u2026","rel":"","context":"En \u00abTeledetecci\u00f3n\u00bb","block_context":{"text":"Teledetecci\u00f3n","link":"https:\/\/alpoma.net\/carto\/?cat=3"},"img":{"alt_text":"","src":"https:\/\/i0.wp.com\/alpoma.net\/carto\/wp-content\/uploads\/2010\/02\/4386938267_9f8c560022_m.jpg?resize=350%2C200&ssl=1","width":350,"height":200},"classes":[]}],"jetpack_sharing_enabled":true,"_links":{"self":[{"href":"https:\/\/alpoma.net\/carto\/index.php?rest_route=\/wp\/v2\/posts\/1552","targetHints":{"allow":["GET"]}}],"collection":[{"href":"https:\/\/alpoma.net\/carto\/index.php?rest_route=\/wp\/v2\/posts"}],"about":[{"href":"https:\/\/alpoma.net\/carto\/index.php?rest_route=\/wp\/v2\/types\/post"}],"author":[{"embeddable":true,"href":"https:\/\/alpoma.net\/carto\/index.php?rest_route=\/wp\/v2\/users\/1"}],"replies":[{"embeddable":true,"href":"https:\/\/alpoma.net\/carto\/index.php?rest_route=%2Fwp%2Fv2%2Fcomments&post=1552"}],"version-history":[{"count":0,"href":"https:\/\/alpoma.net\/carto\/index.php?rest_route=\/wp\/v2\/posts\/1552\/revisions"}],"wp:featuredmedia":[{"embeddable":true,"href":"https:\/\/alpoma.net\/carto\/index.php?rest_route=\/wp\/v2\/media\/5150"}],"wp:attachment":[{"href":"https:\/\/alpoma.net\/carto\/index.php?rest_route=%2Fwp%2Fv2%2Fmedia&parent=1552"}],"wp:term":[{"taxonomy":"category","embeddable":true,"href":"https:\/\/alpoma.net\/carto\/index.php?rest_route=%2Fwp%2Fv2%2Fcategories&post=1552"},{"taxonomy":"post_tag","embeddable":true,"href":"https:\/\/alpoma.net\/carto\/index.php?rest_route=%2Fwp%2Fv2%2Ftags&post=1552"}],"curies":[{"name":"wp","href":"https:\/\/api.w.org\/{rel}","templated":true}]}}