{"id":151,"date":"2006-03-24T18:21:31","date_gmt":"2006-03-24T16:21:31","guid":{"rendered":"http:\/\/alpoma.net\/carto\/?p=151"},"modified":"2006-03-24T18:27:43","modified_gmt":"2006-03-24T16:27:43","slug":"minas-tirith","status":"publish","type":"post","link":"https:\/\/alpoma.net\/carto\/?p=151","title":{"rendered":"Minas Tirith"},"content":{"rendered":"<p><img decoding=\"async\" src=\"http:\/\/static.flickr.com\/41\/117236313_86e551d4eb_o.jpg\" alt=\"3d\" class=\"izda\"\/>A trav\u00e9s de <a href=\"http:\/\/meneame.net\/story.php?id=10155\">Men\u00e9ame<\/a> me entero de un proyecto muy interesante de reconstrucci\u00f3n virtual de un mundo imaginario, pura magia 3D, a trav\u00e9s de la que podemos observar y caminar por las calles, todav\u00eda en construcci\u00f3n, de Minas Tirith, uno de los lugares que aparecen en <em>El Se\u00f1or de los Anillos<\/em>:<\/p>\n<p>&#8211;> <strong><a href=\"http:\/\/www.minastirith-project.com\/\">The Minas Tirith Project<\/a><\/strong><\/p>\n","protected":false},"excerpt":{"rendered":"<div class=\"mh-excerpt\"><p>A trav\u00e9s de Men\u00e9ame me entero de un proyecto muy interesante de reconstrucci\u00f3n virtual de un mundo imaginario, pura magia 3D, a trav\u00e9s de la <a class=\"mh-excerpt-more\" href=\"https:\/\/alpoma.net\/carto\/?p=151\" title=\"Minas Tirith\">[&#8230;]<\/a><\/p>\n<\/div>","protected":false},"author":1,"featured_media":0,"comment_status":"open","ping_status":"open","sticky":false,"template":"","format":"standard","meta":{"jetpack_post_was_ever_published":false,"_jetpack_newsletter_access":"","_jetpack_dont_email_post_to_subs":false,"_jetpack_newsletter_tier_id":0,"_jetpack_memberships_contains_paywalled_content":false,"_jetpack_memberships_contains_paid_content":false,"footnotes":""},"categories":[5],"tags":[],"class_list":["post-151","post","type-post","status-publish","format-standard","hentry","category-en-linea"],"jetpack_featured_media_url":"","jetpack_shortlink":"https:\/\/wp.me\/p93Co9-2r","jetpack-related-posts":[{"id":766,"url":"https:\/\/alpoma.net\/carto\/?p=766","url_meta":{"origin":151,"position":0},"title":"Mapas de las catacumbas de Par\u00eds","author":"alpoma","date":"febrero 16, 2009","format":false,"excerpt":"Sin duda, las m\u00e1s famosas catacumbas, o galer\u00edas subterr\u00e1neas para enterramientos, son las de Roma. Sin embargo, no son menos impresionantes las de Par\u00eds, que guardan muchas singularidades muy originales. Les catacombes, o les carri\u00e8res, est\u00e1n formadas por gran cantidad de galer\u00edas subterr\u00e1neas que recorren gran parte de las profundidades\u2026","rel":"","context":"En \u00abCartograf\u00eda\u00bb","block_context":{"text":"Cartograf\u00eda","link":"https:\/\/alpoma.net\/carto\/?cat=9"},"img":{"alt_text":"","src":"https:\/\/i0.wp.com\/alpoma.net\/carto\/wp-content\/uploads\/2009\/02\/3283722391_20457212cb_o.jpg?resize=350%2C200&ssl=1","width":350,"height":200,"srcset":"https:\/\/i0.wp.com\/alpoma.net\/carto\/wp-content\/uploads\/2009\/02\/3283722391_20457212cb_o.jpg?resize=350%2C200&ssl=1 1x, https:\/\/i0.wp.com\/alpoma.net\/carto\/wp-content\/uploads\/2009\/02\/3283722391_20457212cb_o.jpg?resize=525%2C300&ssl=1 1.5x"},"classes":[]},{"id":2255,"url":"https:\/\/alpoma.net\/carto\/?p=2255","url_meta":{"origin":151,"position":1},"title":"Imago Pyrenaei: Atlas Hist\u00f3rico de los Pirineos en la antig\u00fcedad","author":"alpoma","date":"enero 19, 2011","format":false,"excerpt":"Es todo un placer mencionar este proyecto, nacido recientemente, que pretende emprender una tarea nada sencilla, como es el intento de cartografiar en el espacio geogr\u00e1fico de los Pirineos en la antig\u00fcedad. La mejor forma de entender la ambici\u00f3n con que nace Imago Pyrenaei es acudir a la propia presentaci\u00f3n\u2026","rel":"","context":"En \u00abGeograf\u00eda\u00bb","block_context":{"text":"Geograf\u00eda","link":"https:\/\/alpoma.net\/carto\/?cat=7"},"img":{"alt_text":"imago_pyrenaei","src":"https:\/\/i0.wp.com\/farm6.static.flickr.com\/5128\/5369927640_a01f297bd9_o.jpg?resize=350%2C200","width":350,"height":200,"srcset":"https:\/\/i0.wp.com\/farm6.static.flickr.com\/5128\/5369927640_a01f297bd9_o.jpg?resize=350%2C200 1x, https:\/\/i0.wp.com\/farm6.static.flickr.com\/5128\/5369927640_a01f297bd9_o.jpg?resize=525%2C300 1.5x"},"classes":[]},{"id":7532,"url":"https:\/\/alpoma.net\/carto\/?p=7532","url_meta":{"origin":151,"position":2},"title":"Idaho, el estado cuyo nombre fue (probablemente) inventado por un aventurero","author":"alpoma","date":"octubre 12, 2019","format":false,"excerpt":"Idaho, capital Boise, ese estado con forma alargada que mira hacia el norte en los Estados Unidos, a los pies de las Rocosas en el noroeste del pa\u00eds, pas\u00f3 a ser el n\u00famero 43 de la Uni\u00f3n all\u00e1 por 1890. Su nombre es sonoro y evocador: Idaho, recuerda a algo\u2026","rel":"","context":"En \u00abGeograf\u00eda\u00bb","block_context":{"text":"Geograf\u00eda","link":"https:\/\/alpoma.net\/carto\/?cat=7"},"img":{"alt_text":"","src":"https:\/\/i0.wp.com\/alpoma.net\/carto\/wp-content\/uploads\/2019\/10\/idaho-1.jpg?resize=350%2C200&ssl=1","width":350,"height":200,"srcset":"https:\/\/i0.wp.com\/alpoma.net\/carto\/wp-content\/uploads\/2019\/10\/idaho-1.jpg?resize=350%2C200&ssl=1 1x, https:\/\/i0.wp.com\/alpoma.net\/carto\/wp-content\/uploads\/2019\/10\/idaho-1.jpg?resize=525%2C300&ssl=1 1.5x"},"classes":[]},{"id":169,"url":"https:\/\/alpoma.net\/carto\/?p=169","url_meta":{"origin":151,"position":3},"title":"Representaciones de la poblaci\u00f3n","author":"alpoma","date":"abril 18, 2006","format":false,"excerpt":"Dos interesantes propuestas acerca de c\u00f3mo representar, de manera gr\u00e1fica, la poblaci\u00f3n humana, me han llegado a trav\u00e9s del mont\u00f3n de feeds que tengo acumulados, tras varios d\u00edas sin abrir el lector. Gracias a TecnoMAPS, llego a una propuesta que pretende, mediante un gr\u00e1fico proporcional, mostrar de manera intuitiva e\u2026","rel":"","context":"En \u00abCartograf\u00eda\u00bb","block_context":{"text":"Cartograf\u00eda","link":"https:\/\/alpoma.net\/carto\/?cat=9"},"img":{"alt_text":"","src":"","width":0,"height":0},"classes":[]},{"id":828,"url":"https:\/\/alpoma.net\/carto\/?p=828","url_meta":{"origin":151,"position":4},"title":"Cartografiando Corea del Norte","author":"alpoma","date":"junio 8, 2009","format":false,"excerpt":"A trav\u00e9s del inquieto Matt Rosenberg, he podido llegar a un archivo KML para Google Earth que merece reconocimiento. Con paciencia y esmero, un estudiante de doctorado en econom\u00eda de la Universidad George Mason, Curtis Melvin, ha ido recopilando con el tiempo todo tipo de informaci\u00f3n relacionada con la oscura\u2026","rel":"","context":"En \u00abCartograf\u00eda\u00bb","block_context":{"text":"Cartograf\u00eda","link":"https:\/\/alpoma.net\/carto\/?cat=9"},"img":{"alt_text":"","src":"","width":0,"height":0},"classes":[]},{"id":7296,"url":"https:\/\/alpoma.net\/carto\/?p=7296","url_meta":{"origin":151,"position":5},"title":"Espa\u00f1a en mapas. Una s\u00edntesis geogr\u00e1fica (Descarga)","author":"alpoma","date":"enero 6, 2019","format":false,"excerpt":"El IGN present\u00f3 recientemente su \"S\u00edntesis del Atlas Nacional de Espa\u00f1a\", titulada \"Espa\u00f1a en mapas. Una s\u00edntesis geogr\u00e1fica\", que puede descargarse libremente y, tambi\u00e9n, comprarse en versi\u00f3n impresa: \"...en un solo volumen de algo m\u00e1s de 600 p\u00e1ginas y m\u00e1s de 800 mapas, en el que ha colaborado toda una\u2026","rel":"","context":"En \u00abCartograf\u00eda\u00bb","block_context":{"text":"Cartograf\u00eda","link":"https:\/\/alpoma.net\/carto\/?cat=9"},"img":{"alt_text":"","src":"https:\/\/i0.wp.com\/alpoma.net\/carto\/wp-content\/uploads\/2019\/01\/esp-mp.png?resize=350%2C200&ssl=1","width":350,"height":200,"srcset":"https:\/\/i0.wp.com\/alpoma.net\/carto\/wp-content\/uploads\/2019\/01\/esp-mp.png?resize=350%2C200&ssl=1 1x, https:\/\/i0.wp.com\/alpoma.net\/carto\/wp-content\/uploads\/2019\/01\/esp-mp.png?resize=525%2C300&ssl=1 1.5x"},"classes":[]}],"jetpack_sharing_enabled":true,"_links":{"self":[{"href":"https:\/\/alpoma.net\/carto\/index.php?rest_route=\/wp\/v2\/posts\/151","targetHints":{"allow":["GET"]}}],"collection":[{"href":"https:\/\/alpoma.net\/carto\/index.php?rest_route=\/wp\/v2\/posts"}],"about":[{"href":"https:\/\/alpoma.net\/carto\/index.php?rest_route=\/wp\/v2\/types\/post"}],"author":[{"embeddable":true,"href":"https:\/\/alpoma.net\/carto\/index.php?rest_route=\/wp\/v2\/users\/1"}],"replies":[{"embeddable":true,"href":"https:\/\/alpoma.net\/carto\/index.php?rest_route=%2Fwp%2Fv2%2Fcomments&post=151"}],"version-history":[{"count":0,"href":"https:\/\/alpoma.net\/carto\/index.php?rest_route=\/wp\/v2\/posts\/151\/revisions"}],"wp:attachment":[{"href":"https:\/\/alpoma.net\/carto\/index.php?rest_route=%2Fwp%2Fv2%2Fmedia&parent=151"}],"wp:term":[{"taxonomy":"category","embeddable":true,"href":"https:\/\/alpoma.net\/carto\/index.php?rest_route=%2Fwp%2Fv2%2Fcategories&post=151"},{"taxonomy":"post_tag","embeddable":true,"href":"https:\/\/alpoma.net\/carto\/index.php?rest_route=%2Fwp%2Fv2%2Ftags&post=151"}],"curies":[{"name":"wp","href":"https:\/\/api.w.org\/{rel}","templated":true}]}}