{"id":1484,"date":"2010-03-25T16:56:27","date_gmt":"2010-03-25T14:56:27","guid":{"rendered":"http:\/\/alpoma.net\/carto\/?p=1484"},"modified":"2010-03-25T16:56:27","modified_gmt":"2010-03-25T14:56:27","slug":"el-desempleo-alrededor-del-mundo","status":"publish","type":"post","link":"https:\/\/alpoma.net\/carto\/?p=1484","title":{"rendered":"El desempleo alrededor del mundo"},"content":{"rendered":"<p>He llegado aqu\u00ed gracias a un elemento compartido por <strong><a href=\"http:\/\/twitter.com\/bydiox\">@bydiox<\/a><\/strong> en <em>Google Reader<\/em>. La fuente, que recomiendo vivamente visitar, es <strong><a href=\"http:\/\/www.ninja.es\/2010\/03\/tasa-de-paro-en-el-mundo-mapa-visual-del-desempleo.asp\">un art\u00edculo de ninja.es<\/a><\/strong>. Se trata de un mapa en el que se indican, de forma num\u00e9rica y visual, las tasas de paro en diversos pa\u00edses desarrollados del planeta. Es un mapa que habla por s\u00ed mismo, por lo que no merece la pena a\u00f1adir por mi parte comentarios adicionales. S\u00f3lo incidir\u00e9 en que, en Espa\u00f1a, el abismo es terror\u00edfico. La situaci\u00f3n da miedo y, adem\u00e1s, si uno se toma la molestia de leer el <strong><a href=\"http:\/\/www.economiasostenible.gob.es\/\">Anteproyecto de Ley de Econom\u00eda Sostenible<\/a><\/strong>, donde por mucho que he mirado no he encontrado medidas realistas ni coherentes, s\u00f3lo palabrer\u00eda con buen sonido pero carente de substancia, se comprender\u00e1 que mi miedo aumente. P\u00ednchese en el mapa para ampliarlo. <\/p>\n<p style=\"text-align: center\"><a href=\"http:\/\/www.flickr.com\/photos\/alpoma\/4462624772\/\" title=\"Tasas de desempleo en el mundo (Marzo 2010) by alpoma, on Flickr\"><img loading=\"lazy\" decoding=\"async\" src=\"http:\/\/farm5.static.flickr.com\/4006\/4462624772_e715e7bc04.jpg\" width=\"482\" height=\"500\" alt=\"Tasas de desempleo en el mundo (Marzo 2010)\" class=\"otros\" \/><\/a><\/p>\n<p><strong>Mapa original<\/strong>: <a href=\"http:\/\/www.visualeconomics.com\/unemployment-rates-around-the-world\/\" >Visual Economics<\/a>.<\/p>\n","protected":false},"excerpt":{"rendered":"<div class=\"mh-excerpt\"><p>He llegado aqu\u00ed gracias a un elemento compartido por @bydiox en Google Reader. La fuente, que recomiendo vivamente visitar, es un art\u00edculo de ninja.es. Se <a class=\"mh-excerpt-more\" href=\"https:\/\/alpoma.net\/carto\/?p=1484\" title=\"El desempleo alrededor del mundo\">[&#8230;]<\/a><\/p>\n<\/div>","protected":false},"author":1,"featured_media":4982,"comment_status":"open","ping_status":"open","sticky":false,"template":"","format":"standard","meta":{"jetpack_post_was_ever_published":false,"_jetpack_newsletter_access":"","_jetpack_dont_email_post_to_subs":false,"_jetpack_newsletter_tier_id":0,"_jetpack_memberships_contains_paywalled_content":false,"_jetpack_memberships_contains_paid_content":false,"footnotes":""},"categories":[9],"tags":[],"class_list":["post-1484","post","type-post","status-publish","format-standard","has-post-thumbnail","hentry","category-cartografia"],"jetpack_featured_media_url":"https:\/\/alpoma.net\/carto\/wp-content\/uploads\/2010\/03\/4462624772_e715e7bc04.jpg","jetpack_shortlink":"https:\/\/wp.me\/p93Co9-nW","jetpack-related-posts":[{"id":166,"url":"https:\/\/alpoma.net\/carto\/?p=166","url_meta":{"origin":1484,"position":0},"title":"Haberlas hailas&#8230;","author":"alpoma","date":"abril 9, 2006","format":false,"excerpt":"Me refiero a las armas de destrucci\u00f3n masiva, y no me fijo en Iraq, a fin de cuentas ya no es un \"problema\", porque por aquellos lugares no han \"aparecido\" (recomendar\u00eda que se dieran un paseillo por los desiertos sirios...). No, lo que da miedo de verdad es que este\u2026","rel":"","context":"En \u00abCartograf\u00eda\u00bb","block_context":{"text":"Cartograf\u00eda","link":"https:\/\/alpoma.net\/carto\/?cat=9"},"img":{"alt_text":"","src":"https:\/\/i0.wp.com\/alpoma.net\/carto\/wp-content\/uploads\/2006\/04\/125812691_c507ab3104.jpg?resize=350%2C200&ssl=1","width":350,"height":200},"classes":[]},{"id":389,"url":"https:\/\/alpoma.net\/carto\/?p=389","url_meta":{"origin":1484,"position":1},"title":"Detalles que no deben faltar en un buen mapa","author":"alpoma","date":"agosto 20, 2007","format":false,"excerpt":"Llevo casi una hora buscando un mapa en mi cartoteca del mundo real y no aparece por ninguna parte. Como suele suceder con estas cosas, cuando deje de buscarlo, aparecer\u00e1. En este rato, revisando viejos mapas de todo tipo, me he dado cuenta de varios detalles en los que no\u2026","rel":"","context":"En \u00abCartograf\u00eda\u00bb","block_context":{"text":"Cartograf\u00eda","link":"https:\/\/alpoma.net\/carto\/?cat=9"},"img":{"alt_text":"","src":"","width":0,"height":0},"classes":[]},{"id":7024,"url":"https:\/\/alpoma.net\/carto\/?p=7024","url_meta":{"origin":1484,"position":2},"title":"Un mapa de la Atl\u00e1ntida","author":"alpoma","date":"junio 4, 2018","format":false,"excerpt":"Me atrevo a decir que, de todas las historias sobre continentes perdidos, islas desaparecidas y dem\u00e1s mitos geogr\u00e1ficos, uno de ellos sobresale por encima del resto: la Atl\u00e1ntida. Es incre\u00edble la gran cantidad de art\u00edculos, libros, pel\u00edculas, programas de televisi\u00f3n, radio y similares que se han creado en torno a\u2026","rel":"","context":"En \u00abViejos mapas\u00bb","block_context":{"text":"Viejos mapas","link":"https:\/\/alpoma.net\/carto\/?cat=4"},"img":{"alt_text":"","src":"https:\/\/i0.wp.com\/alpoma.net\/carto\/wp-content\/uploads\/2018\/06\/atlantida-map-detalle.jpg?resize=350%2C200&ssl=1","width":350,"height":200,"srcset":"https:\/\/i0.wp.com\/alpoma.net\/carto\/wp-content\/uploads\/2018\/06\/atlantida-map-detalle.jpg?resize=350%2C200&ssl=1 1x, https:\/\/i0.wp.com\/alpoma.net\/carto\/wp-content\/uploads\/2018\/06\/atlantida-map-detalle.jpg?resize=525%2C300&ssl=1 1.5x, https:\/\/i0.wp.com\/alpoma.net\/carto\/wp-content\/uploads\/2018\/06\/atlantida-map-detalle.jpg?resize=700%2C400&ssl=1 2x, https:\/\/i0.wp.com\/alpoma.net\/carto\/wp-content\/uploads\/2018\/06\/atlantida-map-detalle.jpg?resize=1050%2C600&ssl=1 3x"},"classes":[]},{"id":3035,"url":"https:\/\/alpoma.net\/carto\/?p=3035","url_meta":{"origin":1484,"position":3},"title":"La obra maestra de David Imus","author":"alpoma","date":"enero 4, 2012","format":false,"excerpt":"Me preguntaban ayer en Twitter por qu\u00e9 hay tanto revuelo con este mapa porque, seg\u00fan comentaba mi interlocutor, no ve\u00eda que fuera diferente o especial. Creo que mirando de cerca una muestra se entender\u00e1 mejor lo que quiero resaltar. Se trata de una porci\u00f3n del imponente mapa de los Estados\u2026","rel":"","context":"En \u00abCartograf\u00eda\u00bb","block_context":{"text":"Cartograf\u00eda","link":"https:\/\/alpoma.net\/carto\/?cat=9"},"img":{"alt_text":"","src":"https:\/\/i0.wp.com\/alpoma.net\/carto\/wp-content\/uploads\/2012\/01\/6636707207_37a34b345a_o.jpg?resize=350%2C200&ssl=1","width":350,"height":200,"srcset":"https:\/\/i0.wp.com\/alpoma.net\/carto\/wp-content\/uploads\/2012\/01\/6636707207_37a34b345a_o.jpg?resize=350%2C200&ssl=1 1x, https:\/\/i0.wp.com\/alpoma.net\/carto\/wp-content\/uploads\/2012\/01\/6636707207_37a34b345a_o.jpg?resize=525%2C300&ssl=1 1.5x"},"classes":[]},{"id":2847,"url":"https:\/\/alpoma.net\/carto\/?p=2847","url_meta":{"origin":1484,"position":4},"title":"\u00bfEl mapa m\u00e1s antiguo del mundo?","author":"alpoma","date":"noviembre 7, 2011","format":false,"excerpt":"Lo escribo con interrogaci\u00f3n porque en realidad no es el m\u00e1s antiguo, o s\u00ed, depende de c\u00f3mo se mire. Hay mapas mucho m\u00e1s antiguos, representaciones de la b\u00f3veda celeste como la presente en la cueva de Abauntz, en Navarra, que podr\u00eda datar de hace m\u00e1s de 13.000, o la c\u00e9lebre\u2026","rel":"","context":"En \u00abViejos mapas\u00bb","block_context":{"text":"Viejos mapas","link":"https:\/\/alpoma.net\/carto\/?cat=4"},"img":{"alt_text":"mapa_babilonia","src":"https:\/\/i0.wp.com\/farm7.static.flickr.com\/6103\/6322476135_3300520e4c_m.jpg?resize=350%2C200","width":350,"height":200},"classes":[]},{"id":569,"url":"https:\/\/alpoma.net\/carto\/?p=569","url_meta":{"origin":1484,"position":5},"title":"TATA, imperio de las comunicaciones","author":"alpoma","date":"junio 25, 2008","format":false,"excerpt":"Habr\u00e1 quien s\u00f3lo haya o\u00eddo hablar de TATA por ciertos veh\u00edculos de bajo precio llegados de la India. En realidad, TATA es mucho m\u00e1s, se trata de una megacorporaci\u00f3n con planes de dominaci\u00f3n mundial... \u00a1no iba a ser s\u00f3lo cosa Google! Desde la industria del acero a la de energ\u00eda,\u2026","rel":"","context":"En \u00abCartograf\u00eda\u00bb","block_context":{"text":"Cartograf\u00eda","link":"https:\/\/alpoma.net\/carto\/?cat=9"},"img":{"alt_text":"","src":"https:\/\/i0.wp.com\/alpoma.net\/carto\/wp-content\/uploads\/2008\/06\/2609792885_53880b6dba_o.jpg?resize=350%2C200&ssl=1","width":350,"height":200,"srcset":"https:\/\/i0.wp.com\/alpoma.net\/carto\/wp-content\/uploads\/2008\/06\/2609792885_53880b6dba_o.jpg?resize=350%2C200&ssl=1 1x, https:\/\/i0.wp.com\/alpoma.net\/carto\/wp-content\/uploads\/2008\/06\/2609792885_53880b6dba_o.jpg?resize=525%2C300&ssl=1 1.5x"},"classes":[]}],"jetpack_sharing_enabled":true,"_links":{"self":[{"href":"https:\/\/alpoma.net\/carto\/index.php?rest_route=\/wp\/v2\/posts\/1484","targetHints":{"allow":["GET"]}}],"collection":[{"href":"https:\/\/alpoma.net\/carto\/index.php?rest_route=\/wp\/v2\/posts"}],"about":[{"href":"https:\/\/alpoma.net\/carto\/index.php?rest_route=\/wp\/v2\/types\/post"}],"author":[{"embeddable":true,"href":"https:\/\/alpoma.net\/carto\/index.php?rest_route=\/wp\/v2\/users\/1"}],"replies":[{"embeddable":true,"href":"https:\/\/alpoma.net\/carto\/index.php?rest_route=%2Fwp%2Fv2%2Fcomments&post=1484"}],"version-history":[{"count":0,"href":"https:\/\/alpoma.net\/carto\/index.php?rest_route=\/wp\/v2\/posts\/1484\/revisions"}],"wp:featuredmedia":[{"embeddable":true,"href":"https:\/\/alpoma.net\/carto\/index.php?rest_route=\/wp\/v2\/media\/4982"}],"wp:attachment":[{"href":"https:\/\/alpoma.net\/carto\/index.php?rest_route=%2Fwp%2Fv2%2Fmedia&parent=1484"}],"wp:term":[{"taxonomy":"category","embeddable":true,"href":"https:\/\/alpoma.net\/carto\/index.php?rest_route=%2Fwp%2Fv2%2Fcategories&post=1484"},{"taxonomy":"post_tag","embeddable":true,"href":"https:\/\/alpoma.net\/carto\/index.php?rest_route=%2Fwp%2Fv2%2Ftags&post=1484"}],"curies":[{"name":"wp","href":"https:\/\/api.w.org\/{rel}","templated":true}]}}