{"id":139,"date":"2006-03-11T16:45:30","date_gmt":"2006-03-11T14:45:30","guid":{"rendered":"http:\/\/alpoma.net\/carto\/?p=139"},"modified":"2006-03-11T16:45:30","modified_gmt":"2006-03-11T14:45:30","slug":"unepgrid","status":"publish","type":"post","link":"https:\/\/alpoma.net\/carto\/?p=139","title":{"rendered":"UNEP\/GRID"},"content":{"rendered":"<p>El programa medioambiental de las <strong>Naciones Unidas<\/strong>, GRID Arendal, ha puesto a disposi\u00f3n de todos en Internet un nuevo sitio con interesante cartograf\u00eda. Adem\u00e1s de mapas interactivos y de otro tipo, como los Atlas ambientales del \u00c1rtico y del B\u00e1ltico, se incluyen \u00fatiles bases de datos sobre par\u00e1metros medioambientales:<\/p>\n<p>&#8211;> <strong><a href=\"http:\/\/maps.grida.no\/\">UNEP\/GRID-Arendal library of graphics resources<\/a><\/strong><\/p>\n<p>V\u00eda | <strong><a href=\"http:\/\/geovisualisation.com\/WordPress\/?p=378\">Vector One<\/a><\/strong><\/p>\n","protected":false},"excerpt":{"rendered":"<div class=\"mh-excerpt\"><p>El programa medioambiental de las Naciones Unidas, GRID Arendal, ha puesto a disposi\u00f3n de todos en Internet un nuevo sitio con interesante cartograf\u00eda. Adem\u00e1s de <a class=\"mh-excerpt-more\" href=\"https:\/\/alpoma.net\/carto\/?p=139\" title=\"UNEP\/GRID\">[&#8230;]<\/a><\/p>\n<\/div>","protected":false},"author":1,"featured_media":0,"comment_status":"open","ping_status":"open","sticky":false,"template":"","format":"standard","meta":{"jetpack_post_was_ever_published":false,"_jetpack_newsletter_access":"","_jetpack_dont_email_post_to_subs":false,"_jetpack_newsletter_tier_id":0,"_jetpack_memberships_contains_paywalled_content":false,"_jetpack_memberships_contains_paid_content":false,"footnotes":""},"categories":[1],"tags":[],"class_list":["post-139","post","type-post","status-publish","format-standard","hentry","category-general"],"jetpack_featured_media_url":"","jetpack_shortlink":"https:\/\/wp.me\/s93Co9-unepgrid","jetpack-related-posts":[{"id":614,"url":"https:\/\/alpoma.net\/carto\/?p=614","url_meta":{"origin":139,"position":0},"title":"Grandes oleoductos proyectados","author":"alpoma","date":"agosto 16, 2008","format":false,"excerpt":"Mapa ofrecido por UNEP\/GRID Arendal, del a\u00f1o 2007, que muestra el gran n\u00famero de oleoductos actualmente en construcci\u00f3n o en estudio que atraviesan regiones potencialmente conflictivas como los Balcanes o el C\u00e1ucaso: Major oil pipeline projects - Maps and Graphics at UNEP\/GRID-Arendal (Incluye versiones de alta resoluci\u00f3n en PNG y\u2026","rel":"","context":"En \u00abCartograf\u00eda\u00bb","block_context":{"text":"Cartograf\u00eda","link":"https:\/\/alpoma.net\/carto\/?cat=9"},"img":{"alt_text":"","src":"https:\/\/i0.wp.com\/alpoma.net\/carto\/wp-content\/uploads\/2008\/08\/2766899913_dbf0e90e80_o.jpg?resize=350%2C200&ssl=1","width":350,"height":200,"srcset":"https:\/\/i0.wp.com\/alpoma.net\/carto\/wp-content\/uploads\/2008\/08\/2766899913_dbf0e90e80_o.jpg?resize=350%2C200&ssl=1 1x, https:\/\/i0.wp.com\/alpoma.net\/carto\/wp-content\/uploads\/2008\/08\/2766899913_dbf0e90e80_o.jpg?resize=525%2C300&ssl=1 1.5x"},"classes":[]},{"id":676,"url":"https:\/\/alpoma.net\/carto\/?p=676","url_meta":{"origin":139,"position":1},"title":"Bases polares","author":"alpoma","date":"octubre 20, 2008","format":false,"excerpt":"Los siguientes p\u00f3sters, dise\u00f1ados con aire informal pero, a la vez, did\u00e1cticos, muestran las principales bases de investigaci\u00f3n cient\u00edfica instaladas en las \u00e1reas polares de nuestro planeta, acompa\u00f1ando a los mapas aparecen una serie de peque\u00f1as explicaciones sobre algunas de las actividades desarrolladas en las bases. | Ver p\u00f3ster ampliado\u2026","rel":"","context":"En \u00abCartograf\u00eda\u00bb","block_context":{"text":"Cartograf\u00eda","link":"https:\/\/alpoma.net\/carto\/?cat=9"},"img":{"alt_text":"","src":"https:\/\/i0.wp.com\/alpoma.net\/carto\/wp-content\/uploads\/2008\/10\/2958574208_f5e27078df_o.jpg?resize=350%2C200&ssl=1","width":350,"height":200,"srcset":"https:\/\/i0.wp.com\/alpoma.net\/carto\/wp-content\/uploads\/2008\/10\/2958574208_f5e27078df_o.jpg?resize=350%2C200&ssl=1 1x, https:\/\/i0.wp.com\/alpoma.net\/carto\/wp-content\/uploads\/2008\/10\/2958574208_f5e27078df_o.jpg?resize=525%2C300&ssl=1 1.5x"},"classes":[]},{"id":780,"url":"https:\/\/alpoma.net\/carto\/?p=780","url_meta":{"origin":139,"position":2},"title":"Gente polar","author":"alpoma","date":"marzo 20, 2009","format":false,"excerpt":"Mapa: Distribuci\u00f3n de la poblaci\u00f3n en una de las \u00e1reas m\u00e1s despobladas del planeta, la regi\u00f3n circumpolar del \u00c1rtico. Fuente: Arctic Pollution Issues. A State of the Arctic Environment Report. Stefansson Arctic Institute, 2004. Arctic Human Development Report. Hugo Ahlenius, UNEP\/GRID-Arendal. Publicado en 2008.","rel":"","context":"En \u00abGeograf\u00eda\u00bb","block_context":{"text":"Geograf\u00eda","link":"https:\/\/alpoma.net\/carto\/?cat=7"},"img":{"alt_text":"","src":"https:\/\/i0.wp.com\/alpoma.net\/carto\/wp-content\/uploads\/2009\/03\/3370993570_fc6b84cba3_o.jpg?resize=350%2C200&ssl=1","width":350,"height":200,"srcset":"https:\/\/i0.wp.com\/alpoma.net\/carto\/wp-content\/uploads\/2009\/03\/3370993570_fc6b84cba3_o.jpg?resize=350%2C200&ssl=1 1x, https:\/\/i0.wp.com\/alpoma.net\/carto\/wp-content\/uploads\/2009\/03\/3370993570_fc6b84cba3_o.jpg?resize=525%2C300&ssl=1 1.5x"},"classes":[]},{"id":777,"url":"https:\/\/alpoma.net\/carto\/?p=777","url_meta":{"origin":139,"position":3},"title":"Producci\u00f3n mundial de biocombustibles","author":"alpoma","date":"marzo 14, 2009","format":false,"excerpt":"T\u00edtulo: Biofuel production Map Fuente: UNEP\/GRID-Arendal Datos: EarthTrends Environmental Information Portal, World Resources Institute, 2007 (using Worldwatch 2006; US Department of Energy, 2006); REN21, Renewables 2006 global status report, Worldwatch Institute; F. O. Licht world ethanol & biofuels report 2005 Publicaci\u00f3n: 2009 | Ampliar mapa |","rel":"","context":"En \u00abCartograf\u00eda\u00bb","block_context":{"text":"Cartograf\u00eda","link":"https:\/\/alpoma.net\/carto\/?cat=9"},"img":{"alt_text":"","src":"https:\/\/i0.wp.com\/alpoma.net\/carto\/wp-content\/uploads\/2009\/03\/3353722147_a5651ef61d_o.jpg?resize=350%2C200&ssl=1","width":350,"height":200,"srcset":"https:\/\/i0.wp.com\/alpoma.net\/carto\/wp-content\/uploads\/2009\/03\/3353722147_a5651ef61d_o.jpg?resize=350%2C200&ssl=1 1x, https:\/\/i0.wp.com\/alpoma.net\/carto\/wp-content\/uploads\/2009\/03\/3353722147_a5651ef61d_o.jpg?resize=525%2C300&ssl=1 1.5x"},"classes":[]},{"id":171,"url":"https:\/\/alpoma.net\/carto\/?p=171","url_meta":{"origin":139,"position":4},"title":"Costes globales de los eventos clim\u00e1ticos extremos","author":"alpoma","date":"abril 19, 2006","format":false,"excerpt":"En los \u00faltimos a\u00f1os se viene constatando un aumento espectacular de los costes relacionados con eventos clim\u00e1ticos extremos, vamos, lo que normalmente se llaman \"cat\u00e1strofes naturales\". Esto es as\u00ed, tanto por un aumento en su n\u00famero como, sobre todo, por una mayor exposici\u00f3n y vulnerabilidad de poblaci\u00f3n e infraestructuras al\u2026","rel":"","context":"En \u00abEn l\u00ednea\u00bb","block_context":{"text":"En l\u00ednea","link":"https:\/\/alpoma.net\/carto\/?cat=5"},"img":{"alt_text":"","src":"https:\/\/i0.wp.com\/alpoma.net\/carto\/wp-content\/uploads\/2006\/04\/131016456_27d60b743c_o.jpg?resize=350%2C200&ssl=1","width":350,"height":200,"srcset":"https:\/\/i0.wp.com\/alpoma.net\/carto\/wp-content\/uploads\/2006\/04\/131016456_27d60b743c_o.jpg?resize=350%2C200&ssl=1 1x, https:\/\/i0.wp.com\/alpoma.net\/carto\/wp-content\/uploads\/2006\/04\/131016456_27d60b743c_o.jpg?resize=525%2C300&ssl=1 1.5x"},"classes":[]},{"id":641,"url":"https:\/\/alpoma.net\/carto\/?p=641","url_meta":{"origin":139,"position":5},"title":"La criosfera","author":"alpoma","date":"septiembre 2, 2008","format":false,"excerpt":"El agua se encuentra distribuida en la Tierra, adem\u00e1s de en estado l\u00edquido y gaseoso, en forma de hielo y nieve. La distribuci\u00f3n en el planeta del agua en estas formas, lo que se conoce como criosfera, es muy variada. Puede comprenderse tal variedad de distribuci\u00f3n gracias al siguiente mapa\u2026","rel":"","context":"En \u00abCartograf\u00eda\u00bb","block_context":{"text":"Cartograf\u00eda","link":"https:\/\/alpoma.net\/carto\/?cat=9"},"img":{"alt_text":"","src":"https:\/\/i0.wp.com\/alpoma.net\/carto\/wp-content\/uploads\/2008\/09\/2821238764_84a80bc78a_o.jpg?resize=350%2C200&ssl=1","width":350,"height":200,"srcset":"https:\/\/i0.wp.com\/alpoma.net\/carto\/wp-content\/uploads\/2008\/09\/2821238764_84a80bc78a_o.jpg?resize=350%2C200&ssl=1 1x, https:\/\/i0.wp.com\/alpoma.net\/carto\/wp-content\/uploads\/2008\/09\/2821238764_84a80bc78a_o.jpg?resize=525%2C300&ssl=1 1.5x"},"classes":[]}],"jetpack_sharing_enabled":true,"_links":{"self":[{"href":"https:\/\/alpoma.net\/carto\/index.php?rest_route=\/wp\/v2\/posts\/139","targetHints":{"allow":["GET"]}}],"collection":[{"href":"https:\/\/alpoma.net\/carto\/index.php?rest_route=\/wp\/v2\/posts"}],"about":[{"href":"https:\/\/alpoma.net\/carto\/index.php?rest_route=\/wp\/v2\/types\/post"}],"author":[{"embeddable":true,"href":"https:\/\/alpoma.net\/carto\/index.php?rest_route=\/wp\/v2\/users\/1"}],"replies":[{"embeddable":true,"href":"https:\/\/alpoma.net\/carto\/index.php?rest_route=%2Fwp%2Fv2%2Fcomments&post=139"}],"version-history":[{"count":0,"href":"https:\/\/alpoma.net\/carto\/index.php?rest_route=\/wp\/v2\/posts\/139\/revisions"}],"wp:attachment":[{"href":"https:\/\/alpoma.net\/carto\/index.php?rest_route=%2Fwp%2Fv2%2Fmedia&parent=139"}],"wp:term":[{"taxonomy":"category","embeddable":true,"href":"https:\/\/alpoma.net\/carto\/index.php?rest_route=%2Fwp%2Fv2%2Fcategories&post=139"},{"taxonomy":"post_tag","embeddable":true,"href":"https:\/\/alpoma.net\/carto\/index.php?rest_route=%2Fwp%2Fv2%2Ftags&post=139"}],"curies":[{"name":"wp","href":"https:\/\/api.w.org\/{rel}","templated":true}]}}