{"id":126,"date":"2006-02-25T18:00:21","date_gmt":"2006-02-25T16:00:21","guid":{"rendered":"http:\/\/alpoma.net\/carto\/?p=126"},"modified":"2006-02-25T18:03:29","modified_gmt":"2006-02-25T16:03:29","slug":"de-coriolis-y-la-velocidad-de-rotacion","status":"publish","type":"post","link":"https:\/\/alpoma.net\/carto\/?p=126","title":{"rendered":"De Coriolis y la velocidad de rotaci\u00f3n"},"content":{"rendered":"<p><img decoding=\"async\" src=\"http:\/\/static.flickr.com\/34\/104195568_0678593057_o.gif\" alt=\"velocidad de rotaci\u00f3n\" class=\"dch\"\/>Una <a href=\"http:\/\/geography.about.com\/od\/learnabouttheearth\/a\/earthspeed.htm?nl=1\">anotaci\u00f3n de Matt Rosemberg<\/a>, acerca de los valores de velocidad de rotaci\u00f3n en la Tierra, me ha tra\u00eddo a la mente la importancia que tiene la <a href=\"http:\/\/www.geocities.com\/adolfodarriba\/fuerzadecoriolis.html\">fuerza de Coriolis<\/a>. Vayamos por partes, que el asunto tiene su miga, sobre todo porque influyen en los mecanismos clim\u00e1ticos.<\/p>\n<p>Ante todo, hay que darse cuenta que, aunque estemos sentados en nuestra casa, apatentemente sin movernos, estamos viajando por el universo a una velocidad pasmosa. Nuestro planeta gira sobre s\u00ed mismo, a su vez circula alrededor del Sol y, nuestra estrellas, se mueve velozmente en torno a la V\u00eda L\u00e1ctea que, igualmente, viaja con el Grupo Local de Galaxias por el cosmos&#8230; Un poco mareante \u00bfno?<\/p>\n<p>En su viaje alrededor del Sol, la Tierra se mueve a una velocidad aproximada de 107.200 km\/h, algo nada desde\u00f1able, pero de lo que no nos damos cuenta en absoluto. La velocidad de rotaci\u00f3n terrestre es un asunto diferente, depende de en qu\u00e9 lugar de la superficie nos encontremos. As\u00ed, por ejemplo, en los polos, podr\u00eda considerarse con un valor nulo. En el ecuador, esa velocidad es de unos 1670 km\/h. Movi\u00e9ndonos hacia los polos, ese valor disminuye. Por ejemplo, a 40\u00ba de latitud Norte o Sur, el valor se queda en 1279 km\/h aproximadamente. <\/p>\n<p>\u00bfY todo esto qu\u00e9 inter\u00e9s tiene? All\u00e1 por 1835, el f\u00edsico franc\u00e9s Gaspard-Gustave Coriolis matematiz\u00f3 el fen\u00f3meno que, desde entonces se llama Fuerza de Coriolis. Se trata de la fuerza que se ejerce sobre cualquier masa que se desplace sobre un cuerpo en rotaci\u00f3n. As\u00ed, cualquier objeto en movimiento, sobre la superficie terrestre, sufrir\u00e1 un lev\u00edsimo desv\u00edo de su trayectoria, en sentido horario en el Hemisferio Norte y antihoraro en el Sur.<\/p>\n<p>A pesar de tener un efecto muy leve en los objetos que manejamos comunmente, se trata de algo muy importante cuando se realizan c\u00e1lculos orbitales, por ejemplo, en guiado de sat\u00e9lites. Eso s\u00ed, en escalas \u00abdom\u00e9sticas\u00bb, no se puede percibir sin ayuda de instrumentos, as\u00ed que la leyenda acerca de la diferencia en el giro de remolinos, como en desag\u00fces, entre los dos Hemisferios de la Tierra, no tiene fundamento, porque en la realidad, no es observable. Sin embargo s\u00ed tiene importancia, por ejemplo, en la din\u00e1mica fluvial, pero considerando escalas temporales muy amplias. <\/p>\n<p>En cuanto a la din\u00e1mica clim\u00e1tica, la fuerza de Coriolis afecta a los vientos predominantes y a las corrientes oce\u00e1nicas. Sobre el l\u00edmite atmosf\u00e9rico, donde la fricci\u00f3n es considerado como algo poco importante, con masas de aire movi\u00e9ndose b\u00e1sicamente en direcciones paralelas, se logra una especie de equilibrio entre la fuerza ejercida por el gradiente de presi\u00f3n y la fuerza de Coriolis. As\u00ed se originan los vientos geostr\u00f3ficos, que depender\u00e1n del balance de esas dos fuerzas. As\u00ed, los sistemas de bajas presiones rotar\u00e1n en sentido antihorario en el Hemisferio Norte y los sistemas de altas presiones lo har\u00e1n en sentido horario, siendo al contrario en el Hemisferio Sur. <\/p>\n<p><strong>Imagen<\/strong>: Commonwealth of Australia. Bureau of Meteorology.<\/p>\n","protected":false},"excerpt":{"rendered":"<div class=\"mh-excerpt\"><p>Una anotaci\u00f3n de Matt Rosemberg, acerca de los valores de velocidad de rotaci\u00f3n en la Tierra, me ha tra\u00eddo a la mente la importancia que <a class=\"mh-excerpt-more\" href=\"https:\/\/alpoma.net\/carto\/?p=126\" title=\"De Coriolis y la velocidad de rotaci\u00f3n\">[&#8230;]<\/a><\/p>\n<\/div>","protected":false},"author":1,"featured_media":4487,"comment_status":"open","ping_status":"open","sticky":false,"template":"","format":"standard","meta":{"jetpack_post_was_ever_published":false,"_jetpack_newsletter_access":"","_jetpack_dont_email_post_to_subs":false,"_jetpack_newsletter_tier_id":0,"_jetpack_memberships_contains_paywalled_content":false,"_jetpack_memberships_contains_paid_content":false,"footnotes":""},"categories":[7],"tags":[],"class_list":["post-126","post","type-post","status-publish","format-standard","has-post-thumbnail","hentry","category-geografia"],"jetpack_featured_media_url":"https:\/\/alpoma.net\/carto\/wp-content\/uploads\/2006\/02\/104195568_0678593057_o.gif","jetpack_shortlink":"https:\/\/wp.me\/p93Co9-22","jetpack-related-posts":[{"id":434,"url":"https:\/\/alpoma.net\/carto\/?p=434","url_meta":{"origin":126,"position":0},"title":"El resplandor de la civilizaci\u00f3n","author":"alpoma","date":"noviembre 21, 2007","format":false,"excerpt":"Si un artilugio enviado a la Tierra por una civilizaci\u00f3n no humana quisiera descubrir la existencia en nuestro planeta de vida inteligente, al darse un paseo por nuestras cercan\u00edas no tendr\u00eda ninguna dificultad hoy d\u00eda en lograr su objetivo. Por un lado, no tendr\u00eda m\u00e1s que \"escuchar\" la gran cantidad\u2026","rel":"","context":"En \u00abTeledetecci\u00f3n\u00bb","block_context":{"text":"Teledetecci\u00f3n","link":"https:\/\/alpoma.net\/carto\/?cat=3"},"img":{"alt_text":"","src":"https:\/\/i0.wp.com\/alpoma.net\/carto\/wp-content\/uploads\/2007\/11\/2053022412_032565ee68_o.jpg?resize=350%2C200&ssl=1","width":350,"height":200,"srcset":"https:\/\/i0.wp.com\/alpoma.net\/carto\/wp-content\/uploads\/2007\/11\/2053022412_032565ee68_o.jpg?resize=350%2C200&ssl=1 1x, https:\/\/i0.wp.com\/alpoma.net\/carto\/wp-content\/uploads\/2007\/11\/2053022412_032565ee68_o.jpg?resize=525%2C300&ssl=1 1.5x"},"classes":[]},{"id":7198,"url":"https:\/\/alpoma.net\/carto\/?p=7198","url_meta":{"origin":126,"position":1},"title":"Algunos errores curiosos (y comunes) en geograf\u00eda f\u00edsica","author":"alpoma","date":"noviembre 30, 2018","format":false,"excerpt":"Un art\u00edculo publicado en 1992 en la revista Journal of Geography repasaba de forma breve algunos errores bastante comunes que ten\u00edan los estudiantes con relaci\u00f3n a varias tem\u00e1ticas relacionadas con diversas \u00e1reas de la geograf\u00eda f\u00edsica1. Hace mucho de eso, y puede pensarse que con el paso de los a\u00f1os\u2026","rel":"","context":"En \u00abGeograf\u00eda\u00bb","block_context":{"text":"Geograf\u00eda","link":"https:\/\/alpoma.net\/carto\/?cat=7"},"img":{"alt_text":"","src":"https:\/\/i0.wp.com\/alpoma.net\/carto\/wp-content\/uploads\/2018\/11\/oceanos-conectados.png?resize=350%2C200&ssl=1","width":350,"height":200},"classes":[]},{"id":885,"url":"https:\/\/alpoma.net\/carto\/?p=885","url_meta":{"origin":126,"position":2},"title":"Mapa de la deuda p\u00fablica mundial","author":"alpoma","date":"septiembre 19, 2009","format":false,"excerpt":"La deuda p\u00fablica mundial avanza a toda velocidad, como muestra la captura de imagen que sirve de pie a este post, tomada de la web que es objeto del mismo. Ahora bien, n\u00fameros cambiantes y tan elevados no dicen gran cosa, salvo que el dinero se evapora por doquier y\u2026","rel":"","context":"En \u00abEn l\u00ednea\u00bb","block_context":{"text":"En l\u00ednea","link":"https:\/\/alpoma.net\/carto\/?cat=5"},"img":{"alt_text":"","src":"","width":0,"height":0},"classes":[]},{"id":7368,"url":"https:\/\/alpoma.net\/carto\/?p=7368","url_meta":{"origin":126,"position":3},"title":"La teor\u00eda de la Tierra en expansi\u00f3n (1963)","author":"alpoma","date":"abril 12, 2019","format":false,"excerpt":"En mi creciente colecci\u00f3n de Atlas impresos hay algunos que, para m\u00ed, tienen un significado especial. Adem\u00e1s de los del siglo XIX, que son una delicia, hay algunos de mediados del siglo XX que son toda una joya del dise\u00f1o. Entre esos, mi favorito es el gigantesco volumen del \"Atlas\u2026","rel":"","context":"En \u00abViejos mapas\u00bb","block_context":{"text":"Viejos mapas","link":"https:\/\/alpoma.net\/carto\/?cat=4"},"img":{"alt_text":"","src":"https:\/\/i0.wp.com\/alpoma.net\/carto\/wp-content\/uploads\/2019\/04\/expansion-tierra.jpg?resize=350%2C200&ssl=1","width":350,"height":200},"classes":[]},{"id":109,"url":"https:\/\/alpoma.net\/carto\/?p=109","url_meta":{"origin":126,"position":4},"title":"Paleomapas","author":"alpoma","date":"febrero 11, 2006","format":false,"excerpt":"Sabemos, gracias a la teor\u00eda de la Tect\u00f3nica de Placas, que nuestro mundo no es \"estable\", los continentes se mueven, se deforman, el nivel del oc\u00e9ano cambia con el tiempo y todos los rasgos de la superficie de nuestro planeta mutan constantemente, eso s\u00ed, por lo general a una velocidad\u2026","rel":"","context":"En \u00abCartograf\u00eda\u00bb","block_context":{"text":"Cartograf\u00eda","link":"https:\/\/alpoma.net\/carto\/?cat=9"},"img":{"alt_text":"","src":"https:\/\/i0.wp.com\/alpoma.net\/carto\/wp-content\/uploads\/2006\/02\/98218019_83fe1ee19f.jpg?resize=350%2C200&ssl=1","width":350,"height":200},"classes":[]},{"id":6988,"url":"https:\/\/alpoma.net\/carto\/?p=6988","url_meta":{"origin":126,"position":5},"title":"Un modelo (patentado) de la Tierra hueca de 1912","author":"alpoma","date":"mayo 20, 2018","format":false,"excerpt":"Desde el siglo XVIII, y hasta bien entrado el XX, la teor\u00eda de la \"Tierra hueca\" tuvo cierto predicamento, con algunos ejemplos de defensa fan\u00e1tica incluidos. Nuestro conocimiento actual de la estructura del planeta Tierra hace que no tenga ya ning\u00fan sentido hablar de esa cuesti\u00f3n, pero hubo un tiempo,\u2026","rel":"","context":"En \u00abViejos mapas\u00bb","block_context":{"text":"Viejos mapas","link":"https:\/\/alpoma.net\/carto\/?cat=4"},"img":{"alt_text":"","src":"https:\/\/i0.wp.com\/alpoma.net\/carto\/wp-content\/uploads\/2018\/05\/gardner-tierra-hueca-697x1024.png?resize=350%2C200&ssl=1","width":350,"height":200,"srcset":"https:\/\/i0.wp.com\/alpoma.net\/carto\/wp-content\/uploads\/2018\/05\/gardner-tierra-hueca-697x1024.png?resize=350%2C200&ssl=1 1x, https:\/\/i0.wp.com\/alpoma.net\/carto\/wp-content\/uploads\/2018\/05\/gardner-tierra-hueca-697x1024.png?resize=525%2C300&ssl=1 1.5x"},"classes":[]}],"jetpack_sharing_enabled":true,"_links":{"self":[{"href":"https:\/\/alpoma.net\/carto\/index.php?rest_route=\/wp\/v2\/posts\/126","targetHints":{"allow":["GET"]}}],"collection":[{"href":"https:\/\/alpoma.net\/carto\/index.php?rest_route=\/wp\/v2\/posts"}],"about":[{"href":"https:\/\/alpoma.net\/carto\/index.php?rest_route=\/wp\/v2\/types\/post"}],"author":[{"embeddable":true,"href":"https:\/\/alpoma.net\/carto\/index.php?rest_route=\/wp\/v2\/users\/1"}],"replies":[{"embeddable":true,"href":"https:\/\/alpoma.net\/carto\/index.php?rest_route=%2Fwp%2Fv2%2Fcomments&post=126"}],"version-history":[{"count":0,"href":"https:\/\/alpoma.net\/carto\/index.php?rest_route=\/wp\/v2\/posts\/126\/revisions"}],"wp:featuredmedia":[{"embeddable":true,"href":"https:\/\/alpoma.net\/carto\/index.php?rest_route=\/wp\/v2\/media\/4487"}],"wp:attachment":[{"href":"https:\/\/alpoma.net\/carto\/index.php?rest_route=%2Fwp%2Fv2%2Fmedia&parent=126"}],"wp:term":[{"taxonomy":"category","embeddable":true,"href":"https:\/\/alpoma.net\/carto\/index.php?rest_route=%2Fwp%2Fv2%2Fcategories&post=126"},{"taxonomy":"post_tag","embeddable":true,"href":"https:\/\/alpoma.net\/carto\/index.php?rest_route=%2Fwp%2Fv2%2Ftags&post=126"}],"curies":[{"name":"wp","href":"https:\/\/api.w.org\/{rel}","templated":true}]}}