{"id":120,"date":"2006-02-21T16:19:46","date_gmt":"2006-02-21T14:19:46","guid":{"rendered":"http:\/\/alpoma.net\/carto\/?p=120"},"modified":"2006-02-21T16:19:46","modified_gmt":"2006-02-21T14:19:46","slug":"la-tierra-como-escudo-de-radiacion","status":"publish","type":"post","link":"https:\/\/alpoma.net\/carto\/?p=120","title":{"rendered":"La Tierra como \u00abescudo\u00bb de radiaci\u00f3n"},"content":{"rendered":"<p>No se trata un tema estr\u00edctamente cartogr\u00e1fico o geogr\u00e1fico, sin embargo, el nuevo sistema que ha encontrado la ESA para observar la radiaci\u00f3n de fondo de alta energ\u00eda, que no hay que confundir con la radiaci\u00f3n de fondo de microondas, es muy interesante, pues aprovecha la capacidad que tiene nuestro planeta para oscurecer de forma natural el flujo de m\u00e1s alta energ\u00eda procedente de agujeros negros distantes:<\/p>\n<blockquote><p>La Tierra bloquea, u oscurece, de forma natural el flujo de m\u00e1s alta energ\u00eda procedente de millones de agujeros negros distantes. Este flujo, combinado, puede ser medido de forma indirecta, midiendo la amplitud y el espectro de energ\u00eda del oscurecimiento cuando la Tierra atraviesa el campo de visi\u00f3n de Integral. Con estos datos en la mano los astr\u00f3nomos pueden tratar de conectar la radiaci\u00f3n a fuentes individuales.<\/p><\/blockquote>\n<p><strong>Leer al completo<\/strong>:<br \/>\n&#8211;> <strong><a href=\"http:\/\/www.esa.int\/esaCP\/SEMHR6MVGJE_Spain_0.html\">Integral usa la Tierra para investigar la radiaci\u00f3n de fondo de alta energ\u00eda<\/a><\/strong><\/p>\n","protected":false},"excerpt":{"rendered":"<div class=\"mh-excerpt\"><p>No se trata un tema estr\u00edctamente cartogr\u00e1fico o geogr\u00e1fico, sin embargo, el nuevo sistema que ha encontrado la ESA para observar la radiaci\u00f3n de fondo <a class=\"mh-excerpt-more\" href=\"https:\/\/alpoma.net\/carto\/?p=120\" title=\"La Tierra como \u00abescudo\u00bb de radiaci\u00f3n\">[&#8230;]<\/a><\/p>\n<\/div>","protected":false},"author":1,"featured_media":0,"comment_status":"open","ping_status":"open","sticky":false,"template":"","format":"standard","meta":{"jetpack_post_was_ever_published":false,"_jetpack_newsletter_access":"","_jetpack_dont_email_post_to_subs":false,"_jetpack_newsletter_tier_id":0,"_jetpack_memberships_contains_paywalled_content":false,"_jetpack_memberships_contains_paid_content":false,"footnotes":""},"categories":[1],"tags":[],"class_list":["post-120","post","type-post","status-publish","format-standard","hentry","category-general"],"jetpack_featured_media_url":"","jetpack_shortlink":"https:\/\/wp.me\/p93Co9-1W","jetpack-related-posts":[{"id":6523,"url":"https:\/\/alpoma.net\/carto\/?p=6523","url_meta":{"origin":120,"position":0},"title":"Mapa de radiaci\u00f3n gamma natural en Espa\u00f1a","author":"alpoma","date":"octubre 4, 2016","format":false,"excerpt":"A ra\u00edz de una conversaci\u00f3n acerca del granito y el rad\u00f3n, record\u00e9 cierto mapa de inter\u00e9s sobre este tema y, de paso, pens\u00e9 en traerlo a La cartoteca. Continuamente recibimos radiaci\u00f3n de diversos tipos. Lo m\u00e1s conocido, y socorrido, es mencionar centrales nucleares o pruebas de radiodiagn\u00f3stico, pero no se\u2026","rel":"","context":"En \u00abCartograf\u00eda\u00bb","block_context":{"text":"Cartograf\u00eda","link":"https:\/\/alpoma.net\/carto\/?cat=9"},"img":{"alt_text":"","src":"https:\/\/i0.wp.com\/alpoma.net\/carto\/wp-content\/uploads\/2016\/10\/radon_espana.jpg?resize=350%2C200&ssl=1","width":350,"height":200,"srcset":"https:\/\/i0.wp.com\/alpoma.net\/carto\/wp-content\/uploads\/2016\/10\/radon_espana.jpg?resize=350%2C200&ssl=1 1x, https:\/\/i0.wp.com\/alpoma.net\/carto\/wp-content\/uploads\/2016\/10\/radon_espana.jpg?resize=525%2C300&ssl=1 1.5x, https:\/\/i0.wp.com\/alpoma.net\/carto\/wp-content\/uploads\/2016\/10\/radon_espana.jpg?resize=700%2C400&ssl=1 2x"},"classes":[]},{"id":100,"url":"https:\/\/alpoma.net\/carto\/?p=100","url_meta":{"origin":120,"position":1},"title":"Primeros datos del GERB","author":"alpoma","date":"febrero 2, 2006","format":false,"excerpt":"El sistema sensor GERB, Geostationary Earth Radiation Budget, a bordo del nuevo sat\u00e9lite europeo MSG-2, ha comenzado a funcionar satisfactoriamente, enviando sus primeros datos y fotograf\u00edas a la Tierra. Se trata de un aparato que ser\u00e1 muy \u00fatil, pues se encargar\u00e1 de medir el balance de radiaci\u00f3n terrestre, esto es,\u2026","rel":"","context":"En \u00abGeograf\u00eda\u00bb","block_context":{"text":"Geograf\u00eda","link":"https:\/\/alpoma.net\/carto\/?cat=7"},"img":{"alt_text":"","src":"","width":0,"height":0},"classes":[]},{"id":1405,"url":"https:\/\/alpoma.net\/carto\/?p=1405","url_meta":{"origin":120,"position":2},"title":"Terra y la Tierra","author":"alpoma","date":"febrero 25, 2010","format":false,"excerpt":"La misi\u00f3n Terra (EOS AM-1), de la NASA, cumple ya una d\u00e9cada de vida monitorizando nuestro planeta, as\u00ed que no viene mal repasar un poco y de forma visual, c\u00f3mo nos ha contemplado esta plataforma orbital de teledetecci\u00f3n en estos a\u00f1os. En Earth Observatory se hace un completo repaso, con\u2026","rel":"","context":"En \u00abTeledetecci\u00f3n\u00bb","block_context":{"text":"Teledetecci\u00f3n","link":"https:\/\/alpoma.net\/carto\/?cat=3"},"img":{"alt_text":"","src":"https:\/\/i0.wp.com\/alpoma.net\/carto\/wp-content\/uploads\/2010\/02\/4386938267_9f8c560022_m.jpg?resize=350%2C200&ssl=1","width":350,"height":200},"classes":[]},{"id":666,"url":"https:\/\/alpoma.net\/carto\/?p=666","url_meta":{"origin":120,"position":3},"title":"\u00c1rboles alimentando redes de sensores","author":"alpoma","date":"octubre 8, 2008","format":false,"excerpt":"De entre las muchas aplicaciones para las que se est\u00e1n utilizando redes de sensores inal\u00e1mbricos, la monitorizaci\u00f3n ambiental a trav\u00e9s de \"macroscopios\", esto es, nubes dispersas de sensores en un amplio espacio que forman un gran instrumento de an\u00e1lisis y control, es uno de los campos m\u00e1s prometedores. He aqu\u00ed,\u2026","rel":"","context":"En \u00abExperimentos\u00bb","block_context":{"text":"Experimentos","link":"https:\/\/alpoma.net\/carto\/?cat=10"},"img":{"alt_text":"","src":"https:\/\/i0.wp.com\/alpoma.net\/carto\/wp-content\/uploads\/2008\/10\/2924048303_3f87cf4f4e_o.jpg?resize=350%2C200&ssl=1","width":350,"height":200,"srcset":"https:\/\/i0.wp.com\/alpoma.net\/carto\/wp-content\/uploads\/2008\/10\/2924048303_3f87cf4f4e_o.jpg?resize=350%2C200&ssl=1 1x, https:\/\/i0.wp.com\/alpoma.net\/carto\/wp-content\/uploads\/2008\/10\/2924048303_3f87cf4f4e_o.jpg?resize=525%2C300&ssl=1 1.5x"},"classes":[]},{"id":3856,"url":"https:\/\/alpoma.net\/carto\/?p=3856","url_meta":{"origin":120,"position":4},"title":"Mapa \u00abQuiero mi Energ\u00eda\u00bb, del proyecto Huellasolar","author":"alpoma","date":"marzo 18, 2013","format":false,"excerpt":"He comentado ya en varias ocasiones lo que es y c\u00f3mo est\u00e1 evolucionando el proyecto Huellasolar. Hoy nos vuelve a visitar porque me acaban de pasar una novedad interesante sobre el mismo: Recientemente en Huellasolar se ha lanzado la iniciativa Quiero mi Energ\u00eda!, un mapa abierto y colaborativo que persigue\u2026","rel":"","context":"En \u00abEn l\u00ednea\u00bb","block_context":{"text":"En l\u00ednea","link":"https:\/\/alpoma.net\/carto\/?cat=5"},"img":{"alt_text":"huellasolar","src":"https:\/\/i0.wp.com\/alpoma.net\/carto\/wp-content\/uploads\/2013\/03\/huellasolar-150x150.png?resize=350%2C200","width":350,"height":200},"classes":[]},{"id":6988,"url":"https:\/\/alpoma.net\/carto\/?p=6988","url_meta":{"origin":120,"position":5},"title":"Un modelo (patentado) de la Tierra hueca de 1912","author":"alpoma","date":"mayo 20, 2018","format":false,"excerpt":"Desde el siglo XVIII, y hasta bien entrado el XX, la teor\u00eda de la \"Tierra hueca\" tuvo cierto predicamento, con algunos ejemplos de defensa fan\u00e1tica incluidos. Nuestro conocimiento actual de la estructura del planeta Tierra hace que no tenga ya ning\u00fan sentido hablar de esa cuesti\u00f3n, pero hubo un tiempo,\u2026","rel":"","context":"En \u00abViejos mapas\u00bb","block_context":{"text":"Viejos mapas","link":"https:\/\/alpoma.net\/carto\/?cat=4"},"img":{"alt_text":"","src":"https:\/\/i0.wp.com\/alpoma.net\/carto\/wp-content\/uploads\/2018\/05\/gardner-tierra-hueca-697x1024.png?resize=350%2C200&ssl=1","width":350,"height":200,"srcset":"https:\/\/i0.wp.com\/alpoma.net\/carto\/wp-content\/uploads\/2018\/05\/gardner-tierra-hueca-697x1024.png?resize=350%2C200&ssl=1 1x, https:\/\/i0.wp.com\/alpoma.net\/carto\/wp-content\/uploads\/2018\/05\/gardner-tierra-hueca-697x1024.png?resize=525%2C300&ssl=1 1.5x"},"classes":[]}],"jetpack_sharing_enabled":true,"_links":{"self":[{"href":"https:\/\/alpoma.net\/carto\/index.php?rest_route=\/wp\/v2\/posts\/120","targetHints":{"allow":["GET"]}}],"collection":[{"href":"https:\/\/alpoma.net\/carto\/index.php?rest_route=\/wp\/v2\/posts"}],"about":[{"href":"https:\/\/alpoma.net\/carto\/index.php?rest_route=\/wp\/v2\/types\/post"}],"author":[{"embeddable":true,"href":"https:\/\/alpoma.net\/carto\/index.php?rest_route=\/wp\/v2\/users\/1"}],"replies":[{"embeddable":true,"href":"https:\/\/alpoma.net\/carto\/index.php?rest_route=%2Fwp%2Fv2%2Fcomments&post=120"}],"version-history":[{"count":0,"href":"https:\/\/alpoma.net\/carto\/index.php?rest_route=\/wp\/v2\/posts\/120\/revisions"}],"wp:attachment":[{"href":"https:\/\/alpoma.net\/carto\/index.php?rest_route=%2Fwp%2Fv2%2Fmedia&parent=120"}],"wp:term":[{"taxonomy":"category","embeddable":true,"href":"https:\/\/alpoma.net\/carto\/index.php?rest_route=%2Fwp%2Fv2%2Fcategories&post=120"},{"taxonomy":"post_tag","embeddable":true,"href":"https:\/\/alpoma.net\/carto\/index.php?rest_route=%2Fwp%2Fv2%2Ftags&post=120"}],"curies":[{"name":"wp","href":"https:\/\/api.w.org\/{rel}","templated":true}]}}