{"id":1167,"date":"2009-12-19T18:01:30","date_gmt":"2009-12-19T16:01:30","guid":{"rendered":"http:\/\/alpoma.net\/carto\/?p=1167"},"modified":"2009-12-27T19:42:34","modified_gmt":"2009-12-27T17:42:34","slug":"%c2%bfel-mapa-mas-pequeno-del-mundo","status":"publish","type":"post","link":"https:\/\/alpoma.net\/carto\/?p=1167","title":{"rendered":"\u00bfEl mapa m\u00e1s peque\u00f1o del mundo?"},"content":{"rendered":"<p>Como mapa en s\u00ed no le veo utilidad, ahora bien, no es una noticia que pudiera dejar pasar de largo <em>La Cartoteca<\/em>. Aqu\u00ed tenemos lo que al parecer, y si nadie levanta la voz afirmando lo contrario, es el mapa m\u00e1s peque\u00f1o creado hasta ahora. Para demostrar las capacidades de la nanotecnolog\u00eda actual, un equipo del <em>Photonics Research Group<\/em> de la <em>Ghent University-IMEC<\/em> en B\u00e9lgica <strong><a href=\"http:\/\/photonics.intec.ugent.be\/publications\/MediaCoverage\/2009-12-17\/default.htm\" class=\"enlaces\">ha fabricado un chip<\/a><\/strong> en el que se ha inscrito un min\u00fasculo mapa. Para hacernos una idea, aunque es complicado visualizarlo mentalmente, la l\u00ednea que simboliza el ecuador en este mapa \u00fanicamente cuenta con <strong><a href=\"http:\/\/www.wired.com\/gadgetlab\/2009\/12\/world-map-chip\" class=\"enlaces\">una longitud de 40 micr\u00f3metros<\/a><\/strong> que, para entendernos, vendr\u00eda a ser algo as\u00ed como la mitad del di\u00e1metro de un cabello humano. A su lado, una pulga ser\u00eda considerada un gigante. <!--more--><\/p>\n<p><img decoding=\"async\" src=\"http:\/\/farm5.static.flickr.com\/4039\/4197690828_3d7b7705e6_o.jpg\" alt=\"img\" class=\"otros\"\/><\/p>\n<p><img decoding=\"async\" src=\"http:\/\/farm3.static.flickr.com\/2646\/4197691140_f2624b2116_o.jpg\" alt=\"img\" class=\"otros\"\/><\/p>\n<p><img decoding=\"async\" src=\"http:\/\/farm5.static.flickr.com\/4045\/4196937665_e674fea040_o.jpg\" alt=\"img\" class=\"otros\"\/><\/p>\n","protected":false},"excerpt":{"rendered":"<div class=\"mh-excerpt\"><p>Como mapa en s\u00ed no le veo utilidad, ahora bien, no es una noticia que pudiera dejar pasar de largo La Cartoteca. Aqu\u00ed tenemos lo <a class=\"mh-excerpt-more\" href=\"https:\/\/alpoma.net\/carto\/?p=1167\" title=\"\u00bfEl mapa m\u00e1s peque\u00f1o del mundo?\">[&#8230;]<\/a><\/p>\n<\/div>","protected":false},"author":1,"featured_media":4925,"comment_status":"open","ping_status":"open","sticky":false,"template":"","format":"standard","meta":{"jetpack_post_was_ever_published":false,"_jetpack_newsletter_access":"","_jetpack_dont_email_post_to_subs":false,"_jetpack_newsletter_tier_id":0,"_jetpack_memberships_contains_paywalled_content":false,"_jetpack_memberships_contains_paid_content":false,"footnotes":""},"categories":[10],"tags":[],"class_list":["post-1167","post","type-post","status-publish","format-standard","has-post-thumbnail","hentry","category-experimentos"],"jetpack_featured_media_url":"https:\/\/alpoma.net\/carto\/wp-content\/uploads\/2009\/12\/4197690828_3d7b7705e6_o.jpg","jetpack_shortlink":"https:\/\/wp.me\/p93Co9-iP","jetpack-related-posts":[{"id":2567,"url":"https:\/\/alpoma.net\/carto\/?p=2567","url_meta":{"origin":1167,"position":0},"title":"Nada mejor que un mapa arrugado&#8230;","author":"alpoma","date":"mayo 11, 2011","format":false,"excerpt":"...sobre todo si es \u00a1indestructible! S\u00ed, con empe\u00f1o se podr\u00e1 romper, pero supongo que habr\u00e1 que poner mucho inter\u00e9s para lograr destruir estas geniales gu\u00edas tur\u00edsticas en forma de mapas \"arrugados\". De momento son doce ciudades las elegidas para ser protagonistas de estos mapas, como Barcelona, Londres o Roma. La\u2026","rel":"","context":"En \u00abCartograf\u00eda\u00bb","block_context":{"text":"Cartograf\u00eda","link":"https:\/\/alpoma.net\/carto\/?cat=9"},"img":{"alt_text":"mapa","src":"https:\/\/i0.wp.com\/farm3.static.flickr.com\/2640\/5710085555_7514ef4e8d_m.jpg?resize=350%2C200","width":350,"height":200},"classes":[]},{"id":2847,"url":"https:\/\/alpoma.net\/carto\/?p=2847","url_meta":{"origin":1167,"position":1},"title":"\u00bfEl mapa m\u00e1s antiguo del mundo?","author":"alpoma","date":"noviembre 7, 2011","format":false,"excerpt":"Lo escribo con interrogaci\u00f3n porque en realidad no es el m\u00e1s antiguo, o s\u00ed, depende de c\u00f3mo se mire. Hay mapas mucho m\u00e1s antiguos, representaciones de la b\u00f3veda celeste como la presente en la cueva de Abauntz, en Navarra, que podr\u00eda datar de hace m\u00e1s de 13.000, o la c\u00e9lebre\u2026","rel":"","context":"En \u00abViejos mapas\u00bb","block_context":{"text":"Viejos mapas","link":"https:\/\/alpoma.net\/carto\/?cat=4"},"img":{"alt_text":"mapa_babilonia","src":"https:\/\/i0.wp.com\/farm7.static.flickr.com\/6103\/6322476135_3300520e4c_m.jpg?resize=350%2C200","width":350,"height":200},"classes":[]},{"id":747,"url":"https:\/\/alpoma.net\/carto\/?p=747","url_meta":{"origin":1167,"position":2},"title":"Guerras en el mundo","author":"alpoma","date":"enero 12, 2009","format":false,"excerpt":"La web oficial de los Premios Nobel, en su apartado dedicado a la Paz, ofrece un mapa mundial interactivo que muestra un panorama cronol\u00f3gico sobre diversos conflictos armados a lo largo de los \u00faltimos cien a\u00f1os. No puede considerarse como un mapa con grandes pretensiones a la hora de localizar\u2026","rel":"","context":"En \u00abCartograf\u00eda\u00bb","block_context":{"text":"Cartograf\u00eda","link":"https:\/\/alpoma.net\/carto\/?cat=9"},"img":{"alt_text":"","src":"https:\/\/i0.wp.com\/alpoma.net\/carto\/wp-content\/uploads\/2009\/01\/3191966470_f4aeb6aa31_o.jpg?resize=350%2C200&ssl=1","width":350,"height":200,"srcset":"https:\/\/i0.wp.com\/alpoma.net\/carto\/wp-content\/uploads\/2009\/01\/3191966470_f4aeb6aa31_o.jpg?resize=350%2C200&ssl=1 1x, https:\/\/i0.wp.com\/alpoma.net\/carto\/wp-content\/uploads\/2009\/01\/3191966470_f4aeb6aa31_o.jpg?resize=525%2C300&ssl=1 1.5x"},"classes":[]},{"id":2787,"url":"https:\/\/alpoma.net\/carto\/?p=2787","url_meta":{"origin":1167,"position":3},"title":"El mundo y el f\u00fatbol","author":"alpoma","date":"octubre 13, 2011","format":false,"excerpt":"No soy futbolero, ni mucho menos, pero en este caso que me ocupa hoy lo de menos es el deporte en s\u00ed, al menos para m\u00ed. Se trata de una obra maestra de Kenneth Field, que recomiendo descargar sin dudarlo un instante aunque el archivo \"pesa\" lo suyo. Este mapa\u2026","rel":"","context":"En \u00abCartograf\u00eda\u00bb","block_context":{"text":"Cartograf\u00eda","link":"https:\/\/alpoma.net\/carto\/?cat=9"},"img":{"alt_text":"","src":"https:\/\/i0.wp.com\/alpoma.net\/carto\/wp-content\/uploads\/2011\/10\/6240976488_53f3db839f_b.jpg?resize=350%2C200&ssl=1","width":350,"height":200,"srcset":"https:\/\/i0.wp.com\/alpoma.net\/carto\/wp-content\/uploads\/2011\/10\/6240976488_53f3db839f_b.jpg?resize=350%2C200&ssl=1 1x, https:\/\/i0.wp.com\/alpoma.net\/carto\/wp-content\/uploads\/2011\/10\/6240976488_53f3db839f_b.jpg?resize=525%2C300&ssl=1 1.5x"},"classes":[]},{"id":7220,"url":"https:\/\/alpoma.net\/carto\/?p=7220","url_meta":{"origin":1167,"position":4},"title":"Peque\u00f1a selecci\u00f3n de ilustradores de mapas","author":"alpoma","date":"diciembre 8, 2018","format":false,"excerpt":"No recuerdo cu\u00e1ndo dibuj\u00e9 mi primer mapa, lo que s\u00e9 es que conservo alguno de los que dibujaba de peque\u00f1o, algunos incluso de cuando ten\u00eda cuatro a\u00f1os. S\u00ed, la pasi\u00f3n cartogr\u00e1fica me viene de lejos y, aunque muchos de esos mapas han terminado en la papelera, conservo unas cuantas carpetas\u2026","rel":"","context":"En \u00abCartograf\u00eda\u00bb","block_context":{"text":"Cartograf\u00eda","link":"https:\/\/alpoma.net\/carto\/?cat=9"},"img":{"alt_text":"","src":"https:\/\/i0.wp.com\/alpoma.net\/carto\/wp-content\/uploads\/2018\/12\/Mike_Schley.jpg?resize=350%2C200&ssl=1","width":350,"height":200,"srcset":"https:\/\/i0.wp.com\/alpoma.net\/carto\/wp-content\/uploads\/2018\/12\/Mike_Schley.jpg?resize=350%2C200&ssl=1 1x, https:\/\/i0.wp.com\/alpoma.net\/carto\/wp-content\/uploads\/2018\/12\/Mike_Schley.jpg?resize=525%2C300&ssl=1 1.5x, https:\/\/i0.wp.com\/alpoma.net\/carto\/wp-content\/uploads\/2018\/12\/Mike_Schley.jpg?resize=700%2C400&ssl=1 2x, https:\/\/i0.wp.com\/alpoma.net\/carto\/wp-content\/uploads\/2018\/12\/Mike_Schley.jpg?resize=1050%2C600&ssl=1 3x"},"classes":[]},{"id":2793,"url":"https:\/\/alpoma.net\/carto\/?p=2793","url_meta":{"origin":1167,"position":5},"title":"El sue\u00f1o del mapa perfecto","author":"alpoma","date":"octubre 13, 2011","format":false,"excerpt":"Hace m\u00e1s o menos una semana, creo recordar, me estamp\u00e9 contra este libro. As\u00ed, literalmente, sin buscarlo. Me encontraba en una librer\u00eda en la que apenas he entrado un par de veces, como si algo me hubiera empujado a ello. En el segundo piso de esa librer\u00eda, escondido entre un\u2026","rel":"","context":"En \u00abCartograf\u00eda\u00bb","block_context":{"text":"Cartograf\u00eda","link":"https:\/\/alpoma.net\/carto\/?cat=9"},"img":{"alt_text":"portada_libro","src":"https:\/\/i0.wp.com\/farm7.static.flickr.com\/6052\/6241029724_a97455d56e_m.jpg?resize=350%2C200","width":350,"height":200},"classes":[]}],"jetpack_sharing_enabled":true,"_links":{"self":[{"href":"https:\/\/alpoma.net\/carto\/index.php?rest_route=\/wp\/v2\/posts\/1167","targetHints":{"allow":["GET"]}}],"collection":[{"href":"https:\/\/alpoma.net\/carto\/index.php?rest_route=\/wp\/v2\/posts"}],"about":[{"href":"https:\/\/alpoma.net\/carto\/index.php?rest_route=\/wp\/v2\/types\/post"}],"author":[{"embeddable":true,"href":"https:\/\/alpoma.net\/carto\/index.php?rest_route=\/wp\/v2\/users\/1"}],"replies":[{"embeddable":true,"href":"https:\/\/alpoma.net\/carto\/index.php?rest_route=%2Fwp%2Fv2%2Fcomments&post=1167"}],"version-history":[{"count":0,"href":"https:\/\/alpoma.net\/carto\/index.php?rest_route=\/wp\/v2\/posts\/1167\/revisions"}],"wp:featuredmedia":[{"embeddable":true,"href":"https:\/\/alpoma.net\/carto\/index.php?rest_route=\/wp\/v2\/media\/4925"}],"wp:attachment":[{"href":"https:\/\/alpoma.net\/carto\/index.php?rest_route=%2Fwp%2Fv2%2Fmedia&parent=1167"}],"wp:term":[{"taxonomy":"category","embeddable":true,"href":"https:\/\/alpoma.net\/carto\/index.php?rest_route=%2Fwp%2Fv2%2Fcategories&post=1167"},{"taxonomy":"post_tag","embeddable":true,"href":"https:\/\/alpoma.net\/carto\/index.php?rest_route=%2Fwp%2Fv2%2Ftags&post=1167"}],"curies":[{"name":"wp","href":"https:\/\/api.w.org\/{rel}","templated":true}]}}