{"id":116,"date":"2006-02-17T16:15:10","date_gmt":"2006-02-17T14:15:10","guid":{"rendered":"http:\/\/alpoma.net\/carto\/?p=116"},"modified":"2006-02-17T16:32:26","modified_gmt":"2006-02-17T14:32:26","slug":"los-talibanes-reclaman-la-independencia-de-waziristan-del-norte","status":"publish","type":"post","link":"https:\/\/alpoma.net\/carto\/?p=116","title":{"rendered":"Los Talibanes reclaman la independencia de Wazirist\u00e1n del Norte"},"content":{"rendered":"<p><img decoding=\"async\" src=\"http:\/\/static.flickr.com\/42\/100786890_b7b685f17f_t.jpg\" alt=\"bandera de Wazirist\u00e1n\" class=\"izda\"\/>El asunto talib\u00e1n no est\u00e1, ni mucho menos, terminado. En un v\u00eddeo reciente, los talibanes han proclamado la independencia como pa\u00eds de la provincia paquistan\u00ed lim\u00edtrofe con Afganist\u00e1n de <a href=\"http:\/\/en.wikipedia.org\/wiki\/Waziristan\">Wazirist\u00e1n<\/a> del Norte. No deja de ser algo marginal, sin valor y anecd\u00f3tico, pero no por ello es menos preocupante porque el peligro talib\u00e1n sigue ah\u00ed, latente y vivo:<\/p>\n<p>&#8211;>  <strong><a href=\"http:\/\/www.adnki.com\/index_2Level.php?cat=Terrorism&#038;loid=8.0.261219324&#038;par=0\">Taliban Declares Independent State in North Waziristan<\/a><\/strong><\/p>\n<p>&#8211;> <strong>Imagen<\/strong>: Bandera de Wazirist\u00e1n.<\/p>\n","protected":false},"excerpt":{"rendered":"<div class=\"mh-excerpt\"><p>El asunto talib\u00e1n no est\u00e1, ni mucho menos, terminado. En un v\u00eddeo reciente, los talibanes han proclamado la independencia como pa\u00eds de la provincia paquistan\u00ed <a class=\"mh-excerpt-more\" href=\"https:\/\/alpoma.net\/carto\/?p=116\" title=\"Los Talibanes reclaman la independencia de Wazirist\u00e1n del Norte\">[&#8230;]<\/a><\/p>\n<\/div>","protected":false},"author":1,"featured_media":0,"comment_status":"open","ping_status":"open","sticky":false,"template":"","format":"standard","meta":{"jetpack_post_was_ever_published":false,"_jetpack_newsletter_access":"","_jetpack_dont_email_post_to_subs":false,"_jetpack_newsletter_tier_id":0,"_jetpack_memberships_contains_paywalled_content":false,"_jetpack_memberships_contains_paid_content":false,"footnotes":""},"categories":[1],"tags":[],"class_list":["post-116","post","type-post","status-publish","format-standard","hentry","category-general"],"jetpack_featured_media_url":"","jetpack_shortlink":"https:\/\/wp.me\/p93Co9-1S","jetpack-related-posts":[{"id":7490,"url":"https:\/\/alpoma.net\/carto\/?p=7490","url_meta":{"origin":116,"position":0},"title":"Cambios recientes en el mapa pol\u00edtico del mundo","author":"alpoma","date":"septiembre 21, 2019","format":false,"excerpt":"A lo largo de este verano he estado modificando mis archivos del proyecto de mapas vectoriales Maptorian para completar la que va a ser la versi\u00f3n de 2020. Los mapas son algo vivo, sobre todo los mapas pol\u00edticos, y desde mi ultima revisi\u00f3n del proyecto ha habido algunos cambios que\u2026","rel":"","context":"En \u00abGeograf\u00eda\u00bb","block_context":{"text":"Geograf\u00eda","link":"https:\/\/alpoma.net\/carto\/?cat=7"},"img":{"alt_text":"","src":"https:\/\/i0.wp.com\/alpoma.net\/carto\/wp-content\/uploads\/2019\/09\/bangladesh-maptorian.png?resize=350%2C200&ssl=1","width":350,"height":200,"srcset":"https:\/\/i0.wp.com\/alpoma.net\/carto\/wp-content\/uploads\/2019\/09\/bangladesh-maptorian.png?resize=350%2C200&ssl=1 1x, https:\/\/i0.wp.com\/alpoma.net\/carto\/wp-content\/uploads\/2019\/09\/bangladesh-maptorian.png?resize=525%2C300&ssl=1 1.5x, https:\/\/i0.wp.com\/alpoma.net\/carto\/wp-content\/uploads\/2019\/09\/bangladesh-maptorian.png?resize=700%2C400&ssl=1 2x, https:\/\/i0.wp.com\/alpoma.net\/carto\/wp-content\/uploads\/2019\/09\/bangladesh-maptorian.png?resize=1050%2C600&ssl=1 3x, https:\/\/i0.wp.com\/alpoma.net\/carto\/wp-content\/uploads\/2019\/09\/bangladesh-maptorian.png?resize=1400%2C800&ssl=1 4x"},"classes":[]},{"id":693,"url":"https:\/\/alpoma.net\/carto\/?p=693","url_meta":{"origin":116,"position":1},"title":"\u00bfEn tu casa o en la m\u00eda?","author":"alpoma","date":"noviembre 3, 2008","format":false,"excerpt":"Pues no, ni en una ni en otra, quedamos en medio. La verdad, esto empieza a cansar un poco. Me refiero a la gran cantidad de ideas que explotan las capacidades de Google Maps. Da gusto comprobar que la inventiva nace y crece por doquier, pero cuando aparecen a diario\u2026","rel":"","context":"En \u00abEn l\u00ednea\u00bb","block_context":{"text":"En l\u00ednea","link":"https:\/\/alpoma.net\/carto\/?cat=5"},"img":{"alt_text":"","src":"","width":0,"height":0},"classes":[]},{"id":6918,"url":"https:\/\/alpoma.net\/carto\/?p=6918","url_meta":{"origin":116,"position":2},"title":"San Serriffe, la isla tipogr\u00e1fica","author":"alpoma","date":"abril 24, 2018","format":false,"excerpt":"Como en otras ocasiones, viajemos en el tiempo para encontrar un mapa singular. Hoy lo hallaremos las a\u00f1ejas p\u00e1ginas de un ejemplar del peri\u00f3dico The Guardian editado el 1 de abril de 1977 (s\u00ed, el April Fools' Day, el d\u00eda de los \"inocentes\" en muchos pa\u00edses). En una de las\u2026","rel":"","context":"En \u00abCartograf\u00eda\u00bb","block_context":{"text":"Cartograf\u00eda","link":"https:\/\/alpoma.net\/carto\/?cat=9"},"img":{"alt_text":"","src":"https:\/\/i0.wp.com\/alpoma.net\/carto\/wp-content\/uploads\/2018\/04\/san-serriffe-presidente.png?resize=350%2C200&ssl=1","width":350,"height":200},"classes":[]},{"id":2859,"url":"https:\/\/alpoma.net\/carto\/?p=2859","url_meta":{"origin":116,"position":3},"title":"De Twitter, idiomas y mapas","author":"alpoma","date":"noviembre 9, 2011","format":false,"excerpt":"El experimento rondaba la cabeza de muchos, pero ha sido Eric Fischer quien lo ha llevado a cabo en primer t\u00e9rmino, al menos que yo recuerde. Veamos, lo que se pretend\u00eda era mostrar en un mapa el estado de Twitter en un momento concreto, discriminando \u00e1reas por uso predominante de\u2026","rel":"","context":"En \u00abExperimentos\u00bb","block_context":{"text":"Experimentos","link":"https:\/\/alpoma.net\/carto\/?cat=10"},"img":{"alt_text":"","src":"https:\/\/i0.wp.com\/alpoma.net\/carto\/wp-content\/uploads\/2011\/11\/6276642489_0b46ed964e_z.jpg?resize=350%2C200&ssl=1","width":350,"height":200,"srcset":"https:\/\/i0.wp.com\/alpoma.net\/carto\/wp-content\/uploads\/2011\/11\/6276642489_0b46ed964e_z.jpg?resize=350%2C200&ssl=1 1x, https:\/\/i0.wp.com\/alpoma.net\/carto\/wp-content\/uploads\/2011\/11\/6276642489_0b46ed964e_z.jpg?resize=525%2C300&ssl=1 1.5x"},"classes":[]},{"id":4271,"url":"https:\/\/alpoma.net\/carto\/?p=4271","url_meta":{"origin":116,"position":4},"title":"De municipios min\u00fasculos y minicipios","author":"alpoma","date":"mayo 31, 2014","format":false,"excerpt":"En el Bolet\u00edn de la Asociaci\u00f3n de Ge\u00f3grafos Espa\u00f1oles n\u00famero 64 de 2014, aparece publicado un art\u00edculo acerca de la estructura municipal espa\u00f1ola que recomiendo leer vivamente1. En \u00e9l se desgranan resumidamente las razones acerca de la configuraci\u00f3n espacial de los municipios espa\u00f1oles, el peso que ha tenido la pol\u00edtica\u2026","rel":"","context":"En \u00abGeograf\u00eda\u00bb","block_context":{"text":"Geograf\u00eda","link":"https:\/\/alpoma.net\/carto\/?cat=7"},"img":{"alt_text":"","src":"","width":0,"height":0},"classes":[]},{"id":7913,"url":"https:\/\/alpoma.net\/carto\/?p=7913","url_meta":{"origin":116,"position":5},"title":"\u00bfC\u00f3mo organizar una observaci\u00f3n de auroras boreales con el mapa de NOAA?","author":"alpoma","date":"noviembre 12, 2025","format":false,"excerpt":"Tenemos tormenta solar y, como en ocasiones recientes, se est\u00e1n observando fen\u00f3menos luminosos de tipo aurora boreal en latitudes bajas como por ejemplo en los Estados Unidos continentales o en Espa\u00f1a y Portugal. Esta tarde ten\u00eda todo preparado para una salida nocturna con la c\u00e1mara preparada, pero todo est\u00e1 nublado\u2026","rel":"","context":"En \u00abRiesgos Naturales\u00bb","block_context":{"text":"Riesgos Naturales","link":"https:\/\/alpoma.net\/carto\/?cat=6"},"img":{"alt_text":"","src":"https:\/\/i0.wp.com\/alpoma.net\/carto\/wp-content\/uploads\/2025\/11\/latest.jpg?resize=350%2C200&ssl=1","width":350,"height":200,"srcset":"https:\/\/i0.wp.com\/alpoma.net\/carto\/wp-content\/uploads\/2025\/11\/latest.jpg?resize=350%2C200&ssl=1 1x, https:\/\/i0.wp.com\/alpoma.net\/carto\/wp-content\/uploads\/2025\/11\/latest.jpg?resize=525%2C300&ssl=1 1.5x, https:\/\/i0.wp.com\/alpoma.net\/carto\/wp-content\/uploads\/2025\/11\/latest.jpg?resize=700%2C400&ssl=1 2x"},"classes":[]}],"jetpack_sharing_enabled":true,"_links":{"self":[{"href":"https:\/\/alpoma.net\/carto\/index.php?rest_route=\/wp\/v2\/posts\/116","targetHints":{"allow":["GET"]}}],"collection":[{"href":"https:\/\/alpoma.net\/carto\/index.php?rest_route=\/wp\/v2\/posts"}],"about":[{"href":"https:\/\/alpoma.net\/carto\/index.php?rest_route=\/wp\/v2\/types\/post"}],"author":[{"embeddable":true,"href":"https:\/\/alpoma.net\/carto\/index.php?rest_route=\/wp\/v2\/users\/1"}],"replies":[{"embeddable":true,"href":"https:\/\/alpoma.net\/carto\/index.php?rest_route=%2Fwp%2Fv2%2Fcomments&post=116"}],"version-history":[{"count":0,"href":"https:\/\/alpoma.net\/carto\/index.php?rest_route=\/wp\/v2\/posts\/116\/revisions"}],"wp:attachment":[{"href":"https:\/\/alpoma.net\/carto\/index.php?rest_route=%2Fwp%2Fv2%2Fmedia&parent=116"}],"wp:term":[{"taxonomy":"category","embeddable":true,"href":"https:\/\/alpoma.net\/carto\/index.php?rest_route=%2Fwp%2Fv2%2Fcategories&post=116"},{"taxonomy":"post_tag","embeddable":true,"href":"https:\/\/alpoma.net\/carto\/index.php?rest_route=%2Fwp%2Fv2%2Ftags&post=116"}],"curies":[{"name":"wp","href":"https:\/\/api.w.org\/{rel}","templated":true}]}}