{"id":1144,"date":"2009-12-10T22:23:49","date_gmt":"2009-12-10T20:23:49","guid":{"rendered":"http:\/\/alpoma.net\/carto\/?p=1144"},"modified":"2009-12-10T22:23:49","modified_gmt":"2009-12-10T20:23:49","slug":"una-mirada-al-pasado-2","status":"publish","type":"post","link":"https:\/\/alpoma.net\/carto\/?p=1144","title":{"rendered":"Una mirada al pasado"},"content":{"rendered":"<p>La Biblioteca de la <strong><a href=\"http:\/\/www2.lse.ac.uk\/home.aspx\" class=\"enlaces\">London School of Economics and Political Science<\/a><\/strong> cuenta en Flickr con un <strong><a href=\"http:\/\/www.flickr.com\/people\/lselibrary\/\" class=\"enlaces\">apartado<\/a><\/strong>, dentro de <a href=\"http:\/\/www.flickr.com\/commons\" class=\"enlaces\">The Commons<\/a>, donde pueden contemplarse diversas im\u00e1genes relacionadas con la instituci\u00f3n. Interesante, s\u00ed, pero lo que por aqu\u00ed nos interesa es una <strong><a href=\"http:\/\/www.flickr.com\/photos\/lselibrary\/sets\/72157622624523920\/\" class=\"enlaces\">peque\u00f1a esquina<\/a><\/strong> en esa colecci\u00f3n, en concreto el grupo de fotograf\u00edas de su departamento de geograf\u00eda. He seleccionado algunas que nos har\u00e1n viajar mentalmente a los a\u00f1os sesenta, setenta y ochenta para contemplar el trabajo de los ge\u00f3grafos de la \u00e9poca. <\/p>\n<p><img decoding=\"async\" src=\"http:\/\/farm4.static.flickr.com\/3520\/3925727427_f1f0d30251_o.jpg\" alt=\"img\" \/><br \/>\nDurante la realizaci\u00f3n de un documental para la BBC, 1964.<\/p>\n<p><img decoding=\"async\" src=\"http:\/\/farm3.static.flickr.com\/2485\/3925728359_fc2b7693fb_o.jpg\" alt=\"img\" \/><br \/>\nTrabajo de gabinete, 1964.<\/p>\n<p><img decoding=\"async\" src=\"http:\/\/farm3.static.flickr.com\/2625\/3925729295_07ea999444_o.jpg\" alt=\"img\" \/><br \/>\nEstudiante realizando un mapa en el laboratorio fotogr\u00e1fico, 1964.<\/p>\n<p><img decoding=\"async\" src=\"http:\/\/farm3.static.flickr.com\/2501\/3925729525_f37cc6a21a_o.jpg\" alt=\"img\" \/><br \/>\nOficina t\u00e9cnica, 1964.<\/p>\n<p><img decoding=\"async\" src=\"http:\/\/farm3.static.flickr.com\/2600\/3990095304_7a3bbe5a69_o.jpg\" alt=\"img\" \/><br \/>\nCartoteca, a\u00f1os setenta.<\/p>\n<p><img decoding=\"async\" src=\"http:\/\/farm3.static.flickr.com\/2608\/4028604441_9888c2c878_o.jpg\" alt=\"img\" \/><br \/>\nUna clase interactiva con John Goddard, a\u00f1os setenta.<\/p>\n<p><img decoding=\"async\" src=\"http:\/\/farm3.static.flickr.com\/2735\/4114751368_4deaba0032_o.jpg\" alt=\"img\" \/><br \/>\nEunice &#8216;Biki&#8217; Wilson en el gabinete cartogr\u00e1fico, 1984.<\/p>\n<p><img decoding=\"async\" src=\"http:\/\/farm3.static.flickr.com\/2661\/3989341187_f58ab484ab_o.jpg\" alt=\"img\" \/><br \/>\nDigitalizando mapas, 1986.<\/p>\n","protected":false},"excerpt":{"rendered":"<div class=\"mh-excerpt\"><p>La Biblioteca de la London School of Economics and Political Science cuenta en Flickr con un apartado, dentro de The Commons, donde pueden contemplarse diversas <a class=\"mh-excerpt-more\" href=\"https:\/\/alpoma.net\/carto\/?p=1144\" title=\"Una mirada al pasado\">[&#8230;]<\/a><\/p>\n<\/div>","protected":false},"author":1,"featured_media":4972,"comment_status":"open","ping_status":"open","sticky":false,"template":"","format":"standard","meta":{"jetpack_post_was_ever_published":false,"_jetpack_newsletter_access":"","_jetpack_dont_email_post_to_subs":false,"_jetpack_newsletter_tier_id":0,"_jetpack_memberships_contains_paywalled_content":false,"_jetpack_memberships_contains_paid_content":false,"footnotes":""},"categories":[7],"tags":[],"class_list":["post-1144","post","type-post","status-publish","format-standard","has-post-thumbnail","hentry","category-geografia"],"jetpack_featured_media_url":"https:\/\/alpoma.net\/carto\/wp-content\/uploads\/2009\/12\/3925727427_f1f0d30251_o.jpg","jetpack_shortlink":"https:\/\/wp.me\/p93Co9-is","jetpack-related-posts":[{"id":6108,"url":"https:\/\/alpoma.net\/carto\/?p=6108","url_meta":{"origin":1144,"position":0},"title":"Ejercicio de geograf\u00eda f\u00edsica sobre una pen\u00ednsula Ib\u00e9rica imaginaria (1897)","author":"alpoma","date":"mayo 12, 2015","format":false,"excerpt":"A finales del siglo XIX aparecieron una serie de entra\u00f1ables librillos, creadas por Ram\u00f3n Alabern, que llevaban en sucesivas ediciones este ilustrativo t\u00edtulo: Geograf\u00eda elemental: nuevo m\u00e9todo; ense\u00f1anza directa sobre los mapas sin necesidad de libros. Eran lo que dec\u00edan ser, esto es, un m\u00e9todo sencillo y visual para la\u2026","rel":"","context":"En \u00abViejos mapas\u00bb","block_context":{"text":"Viejos mapas","link":"https:\/\/alpoma.net\/carto\/?cat=4"},"img":{"alt_text":"","src":"https:\/\/i0.wp.com\/alpoma.net\/carto\/wp-content\/uploads\/2015\/05\/peninsula_iberica_geografia_fisica-scaled.jpg?resize=350%2C200&ssl=1","width":350,"height":200,"srcset":"https:\/\/i0.wp.com\/alpoma.net\/carto\/wp-content\/uploads\/2015\/05\/peninsula_iberica_geografia_fisica-scaled.jpg?resize=350%2C200&ssl=1 1x, https:\/\/i0.wp.com\/alpoma.net\/carto\/wp-content\/uploads\/2015\/05\/peninsula_iberica_geografia_fisica-scaled.jpg?resize=525%2C300&ssl=1 1.5x, https:\/\/i0.wp.com\/alpoma.net\/carto\/wp-content\/uploads\/2015\/05\/peninsula_iberica_geografia_fisica-scaled.jpg?resize=700%2C400&ssl=1 2x, https:\/\/i0.wp.com\/alpoma.net\/carto\/wp-content\/uploads\/2015\/05\/peninsula_iberica_geografia_fisica-scaled.jpg?resize=1050%2C600&ssl=1 3x, https:\/\/i0.wp.com\/alpoma.net\/carto\/wp-content\/uploads\/2015\/05\/peninsula_iberica_geografia_fisica-scaled.jpg?resize=1400%2C800&ssl=1 4x"},"classes":[]},{"id":157,"url":"https:\/\/alpoma.net\/carto\/?p=157","url_meta":{"origin":1144,"position":1},"title":"Podcast &#8211; Geograf\u00eda para llevar","author":"alpoma","date":"marzo 29, 2006","format":false,"excerpt":"Acaba de nacer un podcast en espa\u00f1ol que pretende tener aparici\u00f3n peri\u00f3dica y que tratar\u00e1 sobre todo tipo de informaci\u00f3n acerca de geograf\u00eda, teledetecci\u00f3n, GIS y, en geneal, geotecnolog\u00edas. Ya est\u00e1 disponible el primer episodio: Geograf\u00eda Para Llevar, un podcast dedicado a la geoinformaci\u00f3n y ciencias de la Tierra. Si\u2026","rel":"","context":"En \u00abEn l\u00ednea\u00bb","block_context":{"text":"En l\u00ednea","link":"https:\/\/alpoma.net\/carto\/?cat=5"},"img":{"alt_text":"","src":"","width":0,"height":0},"classes":[]},{"id":4288,"url":"https:\/\/alpoma.net\/carto\/?p=4288","url_meta":{"origin":1144,"position":2},"title":"La cartilla de dibujo topogr\u00e1fico de Mart\u00edn Ferreiro","author":"alpoma","date":"junio 20, 2014","format":false,"excerpt":"Mart\u00edn Ferreiro y Peralta (1830-1896) fue un ge\u00f3grafo espa\u00f1ol que public\u00f3 diversas obras cartogr\u00e1ficas de gran inter\u00e9s (algunas de ellas pueden consultarse en la Biblioteca Nacional), mostrando gran atenci\u00f3n al detalle en el empleo de ilustraciones y gr\u00e1ficos en la ense\u00f1anza de la geograf\u00eda. Sus libros conten\u00edan primorosos dibujos y\u2026","rel":"","context":"En \u00abMiscel\u00e1nea\u00bb","block_context":{"text":"Miscel\u00e1nea","link":"https:\/\/alpoma.net\/carto\/?cat=1"},"img":{"alt_text":"ferreiro_fragmento","src":"https:\/\/i0.wp.com\/alpoma.net\/carto\/wp-content\/uploads\/2014\/06\/ferreira_fragmento-274x300.jpg?resize=350%2C200","width":350,"height":200},"classes":[]},{"id":6335,"url":"https:\/\/alpoma.net\/carto\/?p=6335","url_meta":{"origin":1144,"position":3},"title":"\u00bfCu\u00e1ntos elementos de geograf\u00eda f\u00edsica reconoces?","author":"alpoma","date":"diciembre 13, 2015","format":false,"excerpt":"Estoy metido de lleno en el proceso de producci\u00f3n de Maptorian Plus, o lo que es igual, la evoluci\u00f3n mejorada de mi proyecto Maptorian, as\u00ed que apenas hay tiempo para escribir cosas nuevas. Esta nueva versi\u00f3n del pack de mapas vectoriales incluye capas topogr\u00e1ficas y he ah\u00ed que, batallando con\u2026","rel":"","context":"En \u00abGeograf\u00eda\u00bb","block_context":{"text":"Geograf\u00eda","link":"https:\/\/alpoma.net\/carto\/?cat=7"},"img":{"alt_text":"","src":"https:\/\/i0.wp.com\/alpoma.net\/carto\/wp-content\/uploads\/2015\/12\/geofis_fragmento.png?resize=350%2C200&ssl=1","width":350,"height":200,"srcset":"https:\/\/i0.wp.com\/alpoma.net\/carto\/wp-content\/uploads\/2015\/12\/geofis_fragmento.png?resize=350%2C200&ssl=1 1x, https:\/\/i0.wp.com\/alpoma.net\/carto\/wp-content\/uploads\/2015\/12\/geofis_fragmento.png?resize=525%2C300&ssl=1 1.5x, https:\/\/i0.wp.com\/alpoma.net\/carto\/wp-content\/uploads\/2015\/12\/geofis_fragmento.png?resize=700%2C400&ssl=1 2x"},"classes":[]},{"id":3503,"url":"https:\/\/alpoma.net\/carto\/?p=3503","url_meta":{"origin":1144,"position":4},"title":"Reservas minerales","author":"alpoma","date":"agosto 30, 2012","format":false,"excerpt":"Minerales de todo tipo se extraen a lo largo y ancho del planeta pero, \u00bfd\u00f3nde se encuentran las principales reservas de los m\u00e1s importantes minerales para la industria y el comercio actuales? El siguiente mapa-infograf\u00eda de NewScientist nos muestra d\u00f3nde se localizan las principales reservas mundiales de diversos minerales estrat\u00e9gicos\u2026","rel":"","context":"En \u00abCartograf\u00eda\u00bb","block_context":{"text":"Cartograf\u00eda","link":"https:\/\/alpoma.net\/carto\/?cat=9"},"img":{"alt_text":"","src":"https:\/\/i0.wp.com\/alpoma.net\/carto\/wp-content\/uploads\/2012\/08\/where-the-minerals-are_50290a5b4d71e_w587.jpg?resize=350%2C200&ssl=1","width":350,"height":200,"srcset":"https:\/\/i0.wp.com\/alpoma.net\/carto\/wp-content\/uploads\/2012\/08\/where-the-minerals-are_50290a5b4d71e_w587.jpg?resize=350%2C200&ssl=1 1x, https:\/\/i0.wp.com\/alpoma.net\/carto\/wp-content\/uploads\/2012\/08\/where-the-minerals-are_50290a5b4d71e_w587.jpg?resize=525%2C300&ssl=1 1.5x"},"classes":[]},{"id":287,"url":"https:\/\/alpoma.net\/carto\/?p=287","url_meta":{"origin":1144,"position":5},"title":"Geograf\u00eda electoral","author":"alpoma","date":"diciembre 19, 2006","format":false,"excerpt":"La geograf\u00eda de los procesos electorales es un tema apasionante que, sin embargo, no est\u00e1 siendo estudiada todo lo a fondo que pudiera pensarse. Para toda persona interesada en el tema, existe un recurso fundamental que cuenta con informaci\u00f3n de todo el mundo relacionada con elecciones y dem\u00e1s procesos electorales:\u2026","rel":"","context":"En \u00abEn l\u00ednea\u00bb","block_context":{"text":"En l\u00ednea","link":"https:\/\/alpoma.net\/carto\/?cat=5"},"img":{"alt_text":"","src":"","width":0,"height":0},"classes":[]}],"jetpack_sharing_enabled":true,"_links":{"self":[{"href":"https:\/\/alpoma.net\/carto\/index.php?rest_route=\/wp\/v2\/posts\/1144","targetHints":{"allow":["GET"]}}],"collection":[{"href":"https:\/\/alpoma.net\/carto\/index.php?rest_route=\/wp\/v2\/posts"}],"about":[{"href":"https:\/\/alpoma.net\/carto\/index.php?rest_route=\/wp\/v2\/types\/post"}],"author":[{"embeddable":true,"href":"https:\/\/alpoma.net\/carto\/index.php?rest_route=\/wp\/v2\/users\/1"}],"replies":[{"embeddable":true,"href":"https:\/\/alpoma.net\/carto\/index.php?rest_route=%2Fwp%2Fv2%2Fcomments&post=1144"}],"version-history":[{"count":0,"href":"https:\/\/alpoma.net\/carto\/index.php?rest_route=\/wp\/v2\/posts\/1144\/revisions"}],"wp:featuredmedia":[{"embeddable":true,"href":"https:\/\/alpoma.net\/carto\/index.php?rest_route=\/wp\/v2\/media\/4972"}],"wp:attachment":[{"href":"https:\/\/alpoma.net\/carto\/index.php?rest_route=%2Fwp%2Fv2%2Fmedia&parent=1144"}],"wp:term":[{"taxonomy":"category","embeddable":true,"href":"https:\/\/alpoma.net\/carto\/index.php?rest_route=%2Fwp%2Fv2%2Fcategories&post=1144"},{"taxonomy":"post_tag","embeddable":true,"href":"https:\/\/alpoma.net\/carto\/index.php?rest_route=%2Fwp%2Fv2%2Ftags&post=1144"}],"curies":[{"name":"wp","href":"https:\/\/api.w.org\/{rel}","templated":true}]}}