{"id":1140,"date":"2009-12-09T17:11:57","date_gmt":"2009-12-09T15:11:57","guid":{"rendered":"http:\/\/alpoma.net\/carto\/?p=1140"},"modified":"2009-12-09T17:11:57","modified_gmt":"2009-12-09T15:11:57","slug":"el-radar-meteorologico-de-castilla-y-leon-vuelve-a-funcionar","status":"publish","type":"post","link":"https:\/\/alpoma.net\/carto\/?p=1140","title":{"rendered":"El radar meteorol\u00f3gico de Castilla y Le\u00f3n vuelve a funcionar"},"content":{"rendered":"<p>Lo he visto esta ma\u00f1ana en <strong><a href=\"http:\/\/www.rtvcyl.es\/fichaNoticia.cfm\/CASTILLA%20Y%20LE%C3%93N\/20091202\/radar\/meteorologico\/castilla\/leon\/ya\/funciona\/4F1E2CD3-D6CC-0850-21A6082E7DA795CC\" class=\"enlaces\">Televisi\u00f3n Castilla y Le\u00f3n<\/a><\/strong> y me ha interesado por dos motivos. Uno, como es l\u00f3gico, por ser castellano, sobre todo siendo adem\u00e1s Autilla del Pino el pueblo de mi madre. El segundo motivo es una pregunta que no hace m\u00e1s que rondarme la cabeza desde que he visto el v\u00eddeo: <strong>\u00bftan mal estamos que hay que recurrir a piezas de segunda mano tras meses de inactividad en el radar?<\/strong> \ud83d\ude41<\/p>\n<blockquote><p>El \u00fanico radar meteorol\u00f3gico de Castilla y Le\u00f3n, hasta ahora averiado, ya funciona de nuevo. Situado en la localidad palentina de Autilla del Pino, se encontraba inutilizado desde hace 5 meses y medio. Aunque se sigue a la espera de la pieza nueva para su funcionamiento, de momento otra de segunda mano vale cumplir sus funciones: avisarnos de la lluvia. Hasta ahora Castilla y Le\u00f3n depend\u00eda de los radares vecinos para saber la previsi\u00f3n de lluvias. Desde hace una semana, el \u00fanico de la Comunidad, por cierto el m\u00e1s antiguo de Espa\u00f1a instalado hace 21 a\u00f1os, por fin funciona de nuevo. Sus 240 kil\u00f3metros de radio detectan todas las gotas de agua que cubren nuestros cielos.<\/p>\n<p><object width=\"480\" height=\"385\"><param name=\"movie\" value=\"http:\/\/www.youtube.com\/v\/uar9L9v1RsM&#038;hl=es_ES&#038;fs=1&#038;\"><\/param><param name=\"allowFullScreen\" value=\"true\"><\/param><param name=\"allowscriptaccess\" value=\"always\"><\/param><\/object><\/p><\/blockquote>\n","protected":false},"excerpt":{"rendered":"<div class=\"mh-excerpt\"><p>Lo he visto esta ma\u00f1ana en Televisi\u00f3n Castilla y Le\u00f3n y me ha interesado por dos motivos. Uno, como es l\u00f3gico, por ser castellano, sobre <a class=\"mh-excerpt-more\" href=\"https:\/\/alpoma.net\/carto\/?p=1140\" title=\"El radar meteorol\u00f3gico de Castilla y Le\u00f3n vuelve a funcionar\">[&#8230;]<\/a><\/p>\n<\/div>","protected":false},"author":1,"featured_media":0,"comment_status":"open","ping_status":"open","sticky":false,"template":"","format":"standard","meta":{"jetpack_post_was_ever_published":false,"_jetpack_newsletter_access":"","_jetpack_dont_email_post_to_subs":false,"_jetpack_newsletter_tier_id":0,"_jetpack_memberships_contains_paywalled_content":false,"_jetpack_memberships_contains_paid_content":false,"footnotes":""},"categories":[7],"tags":[],"class_list":["post-1140","post","type-post","status-publish","format-standard","hentry","category-geografia"],"jetpack_featured_media_url":"","jetpack_shortlink":"https:\/\/wp.me\/p93Co9-io","jetpack-related-posts":[{"id":540,"url":"https:\/\/alpoma.net\/carto\/?p=540","url_meta":{"origin":1140,"position":0},"title":"Convocatoria: Presentaci\u00f3n de la Red de Estaciones GNSS de Castilla y Le\u00f3n","author":"alpoma","date":"mayo 29, 2008","format":false,"excerpt":"Atractivo evento para quien pueda estar en Valladolid el d\u00eda 11 de Junio: La Presentaci\u00f3n de la Red GNSS de Castilla y Le\u00f3n se realizar\u00e1 el d\u00eda 11 de junio de 2008 en Sal\u00f3n de Actos de la Consejer\u00eda de Agricultura de la Junta de Castilla y Le\u00f3n, C\/ Rigoberto\u2026","rel":"","context":"En \u00abMiscel\u00e1nea\u00bb","block_context":{"text":"Miscel\u00e1nea","link":"https:\/\/alpoma.net\/carto\/?cat=1"},"img":{"alt_text":"","src":"https:\/\/i0.wp.com\/alpoma.net\/carto\/wp-content\/uploads\/2008\/05\/2533559103_5b0d7d3a11_o.jpg?resize=350%2C200&ssl=1","width":350,"height":200,"srcset":"https:\/\/i0.wp.com\/alpoma.net\/carto\/wp-content\/uploads\/2008\/05\/2533559103_5b0d7d3a11_o.jpg?resize=350%2C200&ssl=1 1x, https:\/\/i0.wp.com\/alpoma.net\/carto\/wp-content\/uploads\/2008\/05\/2533559103_5b0d7d3a11_o.jpg?resize=525%2C300&ssl=1 1.5x"},"classes":[]},{"id":429,"url":"https:\/\/alpoma.net\/carto\/?p=429","url_meta":{"origin":1140,"position":1},"title":"MICODATA","author":"alpoma","date":"noviembre 3, 2007","format":false,"excerpt":"Acaba de abrirse en modo Beta, esto es, en pruebas, un proyecto muy atractivo llamado MICODATA, dedicado al estudio del aprovechamiento sostenible de los hongos comestibles en Castilla y Le\u00f3n. El proyecto, digido por el Centro de Investigaci\u00f3n Forestal Valonsadero y Cesefor de la Junta de Castilla y Le\u00f3n cuenta\u2026","rel":"","context":"En \u00abEn l\u00ednea\u00bb","block_context":{"text":"En l\u00ednea","link":"https:\/\/alpoma.net\/carto\/?cat=5"},"img":{"alt_text":"","src":"","width":0,"height":0},"classes":[]},{"id":1533,"url":"https:\/\/alpoma.net\/carto\/?p=1533","url_meta":{"origin":1140,"position":2},"title":"alpoma.net, Premio Buscando el Norte Digital","author":"alpoma","date":"abril 15, 2010","format":false,"excerpt":"Lo coment\u00e9 anoche con prisas en mi \"ecosistema\" social (Twitter y Facebook mayormente), pero no ha sido hasta ahora que tengo un peque\u00f1o respiro para comentarlo con m\u00e1s calma. Ayer, se celebr\u00f3 la gala de entrega de los Premios Buscando el Norte Digital 2010, organizados por el peri\u00f3dico El Norte\u2026","rel":"","context":"En \u00abMiscel\u00e1nea\u00bb","block_context":{"text":"Miscel\u00e1nea","link":"https:\/\/alpoma.net\/carto\/?cat=1"},"img":{"alt_text":"","src":"https:\/\/i0.wp.com\/alpoma.net\/carto\/wp-content\/uploads\/2010\/04\/4522576939_ca71aa0e99_o.jpg?resize=350%2C200&ssl=1","width":350,"height":200,"srcset":"https:\/\/i0.wp.com\/alpoma.net\/carto\/wp-content\/uploads\/2010\/04\/4522576939_ca71aa0e99_o.jpg?resize=350%2C200&ssl=1 1x, https:\/\/i0.wp.com\/alpoma.net\/carto\/wp-content\/uploads\/2010\/04\/4522576939_ca71aa0e99_o.jpg?resize=525%2C300&ssl=1 1.5x"},"classes":[]},{"id":253,"url":"https:\/\/alpoma.net\/carto\/?p=253","url_meta":{"origin":1140,"position":3},"title":"In Memoriam Jes\u00fas Garc\u00eda Fern\u00e1ndez","author":"alpoma","date":"septiembre 7, 2006","format":false,"excerpt":"Me han avisado hace poco del fallecimiento de un insigne ge\u00f3grafo, Jes\u00fas Garc\u00eda Fern\u00e1ndez, a quien tuve el honor de conocer en el Departamento de Geograf\u00eda de la Universidad de Valladolid. M\u00e1s adelante, cuando tenga m\u00e1s tiempo, procurar\u00e9 realizar una semblanza adecuada y un repaso bibliogr\u00e1fico de su obra. Sirva,\u2026","rel":"","context":"En \u00abGeograf\u00eda\u00bb","block_context":{"text":"Geograf\u00eda","link":"https:\/\/alpoma.net\/carto\/?cat=7"},"img":{"alt_text":"","src":"","width":0,"height":0},"classes":[]},{"id":7624,"url":"https:\/\/alpoma.net\/carto\/?p=7624","url_meta":{"origin":1140,"position":4},"title":"Portfolio fotogr\u00e1fico de Espa\u00f1a (1910-1915)","author":"alpoma","date":"febrero 4, 2020","format":false,"excerpt":"En la Barcelona de principios del siglo XX, al editor Alberto Mart\u00edn y a Ceferino Rocafort, que hab\u00eda participado en varios proyectos cartogr\u00e1ficos sobre las regiones espa\u00f1olas, se les ocurri\u00f3 una idea de negocio interesante. Los atlas nacionales estaban de moda y las grandes enciclopedias tambi\u00e9n, pero aunque en muchas\u2026","rel":"","context":"En \u00abViejos mapas\u00bb","block_context":{"text":"Viejos mapas","link":"https:\/\/alpoma.net\/carto\/?cat=4"},"img":{"alt_text":"","src":"https:\/\/i0.wp.com\/alpoma.net\/carto\/wp-content\/uploads\/2020\/02\/lam-leon-563.png?resize=350%2C200&ssl=1","width":350,"height":200,"srcset":"https:\/\/i0.wp.com\/alpoma.net\/carto\/wp-content\/uploads\/2020\/02\/lam-leon-563.png?resize=350%2C200&ssl=1 1x, https:\/\/i0.wp.com\/alpoma.net\/carto\/wp-content\/uploads\/2020\/02\/lam-leon-563.png?resize=525%2C300&ssl=1 1.5x, https:\/\/i0.wp.com\/alpoma.net\/carto\/wp-content\/uploads\/2020\/02\/lam-leon-563.png?resize=700%2C400&ssl=1 2x"},"classes":[]},{"id":269,"url":"https:\/\/alpoma.net\/carto\/?p=269","url_meta":{"origin":1140,"position":5},"title":"Paleogeograf\u00eda en movimiento","author":"alpoma","date":"octubre 16, 2006","format":false,"excerpt":"A trav\u00e9s de esta animaci\u00f3n, se puede observar la evoluci\u00f3n de los continentes a lo largo del tiempo. Se trata de una de las nuevas formas de explotar las caracter\u00edsticas renovadas de Google Earth, en este caso mostrando la historia de nuestros continentes desde el prec\u00e1mbrico hasta la actualidad. (Hace\u2026","rel":"","context":"En \u00abEn l\u00ednea\u00bb","block_context":{"text":"En l\u00ednea","link":"https:\/\/alpoma.net\/carto\/?cat=5"},"img":{"alt_text":"","src":"","width":0,"height":0},"classes":[]}],"jetpack_sharing_enabled":true,"_links":{"self":[{"href":"https:\/\/alpoma.net\/carto\/index.php?rest_route=\/wp\/v2\/posts\/1140","targetHints":{"allow":["GET"]}}],"collection":[{"href":"https:\/\/alpoma.net\/carto\/index.php?rest_route=\/wp\/v2\/posts"}],"about":[{"href":"https:\/\/alpoma.net\/carto\/index.php?rest_route=\/wp\/v2\/types\/post"}],"author":[{"embeddable":true,"href":"https:\/\/alpoma.net\/carto\/index.php?rest_route=\/wp\/v2\/users\/1"}],"replies":[{"embeddable":true,"href":"https:\/\/alpoma.net\/carto\/index.php?rest_route=%2Fwp%2Fv2%2Fcomments&post=1140"}],"version-history":[{"count":0,"href":"https:\/\/alpoma.net\/carto\/index.php?rest_route=\/wp\/v2\/posts\/1140\/revisions"}],"wp:attachment":[{"href":"https:\/\/alpoma.net\/carto\/index.php?rest_route=%2Fwp%2Fv2%2Fmedia&parent=1140"}],"wp:term":[{"taxonomy":"category","embeddable":true,"href":"https:\/\/alpoma.net\/carto\/index.php?rest_route=%2Fwp%2Fv2%2Fcategories&post=1140"},{"taxonomy":"post_tag","embeddable":true,"href":"https:\/\/alpoma.net\/carto\/index.php?rest_route=%2Fwp%2Fv2%2Ftags&post=1140"}],"curies":[{"name":"wp","href":"https:\/\/api.w.org\/{rel}","templated":true}]}}