{"id":114,"date":"2006-02-16T19:31:07","date_gmt":"2006-02-16T17:31:07","guid":{"rendered":"http:\/\/alpoma.net\/carto\/?p=114"},"modified":"2006-02-16T19:31:43","modified_gmt":"2006-02-16T17:31:43","slug":"el-alos-envia-su-primera-imagen","status":"publish","type":"post","link":"https:\/\/alpoma.net\/carto\/?p=114","title":{"rendered":"El ALOS env\u00eda su primera imagen"},"content":{"rendered":"<p>El sat\u00e9lite japon\u00e9s de observaci\u00f3n <a href=\"http:\/\/alpoma.net\/carto\/?p=87\">ALOS<\/a> ya se encuentra operativo y acaba de enviar a la tierra su primera e impresionante imagen, que ilustra este post. Se trata de una toma del Monte Fuji, de 3776 metros de altitud, la monta\u00f1a m\u00e1s alta de Jap\u00f3n, un volc\u00e1n que entr\u00f3 en erupci\u00f3n por \u00faltima vez en 1707. A a partir de ahora, el ALOS realizar\u00e1 mediciones y toma de im\u00e1genes avanzadas de muchos otros lugares de inter\u00e9s ambiental de nuestro planeta. <\/p>\n<p><img decoding=\"async\" src=\"http:\/\/static.flickr.com\/24\/100483788_df00cd0e9f_o.jpg\" alt=\"Monte Fuji\" class=\"otros\"\/><br \/>\n<strong>Fuente de la imagen<\/strong>: ESA\/JAXA<\/p>\n<p>M\u00e1s informaci\u00f3n en:<br \/>\n&#8211;> ESA | <strong><a href=\"http:\/\/www.esa.int\/esaEO\/SEMHS2MVGJE_index_0.html\">Earth from Space: ALOS sends its first image<\/a><\/strong><\/p>\n","protected":false},"excerpt":{"rendered":"<div class=\"mh-excerpt\"><p>El sat\u00e9lite japon\u00e9s de observaci\u00f3n ALOS ya se encuentra operativo y acaba de enviar a la tierra su primera e impresionante imagen, que ilustra este <a class=\"mh-excerpt-more\" href=\"https:\/\/alpoma.net\/carto\/?p=114\" title=\"El ALOS env\u00eda su primera imagen\">[&#8230;]<\/a><\/p>\n<\/div>","protected":false},"author":1,"featured_media":4578,"comment_status":"open","ping_status":"open","sticky":false,"template":"","format":"standard","meta":{"jetpack_post_was_ever_published":false,"_jetpack_newsletter_access":"","_jetpack_dont_email_post_to_subs":false,"_jetpack_newsletter_tier_id":0,"_jetpack_memberships_contains_paywalled_content":false,"_jetpack_memberships_contains_paid_content":false,"footnotes":""},"categories":[3],"tags":[],"class_list":["post-114","post","type-post","status-publish","format-standard","has-post-thumbnail","hentry","category-teledeteccion"],"jetpack_featured_media_url":"https:\/\/alpoma.net\/carto\/wp-content\/uploads\/2006\/02\/100483788_df00cd0e9f_o.jpg","jetpack_shortlink":"https:\/\/wp.me\/p93Co9-1Q","jetpack-related-posts":[{"id":87,"url":"https:\/\/alpoma.net\/carto\/?p=87","url_meta":{"origin":114,"position":0},"title":"El ALOS ya est\u00e1 en \u00f3rbita","author":"alpoma","date":"enero 24, 2006","format":false,"excerpt":"El sat\u00e9lite japon\u00e9s de observaci\u00f3n terrestre ALOS, ha sido enviado con \u00e9xito al espacio. Se trata de un avanzado sistema de teledetecci\u00f3n, capaz de registrar gran variedad de datos ambientales de la Tierra. Esos datos ambientales y las fotograf\u00edas que realice, ser\u00e1n utilizados por cient\u00edficos europeos y africanos en virtud\u2026","rel":"","context":"En \u00abTeledetecci\u00f3n\u00bb","block_context":{"text":"Teledetecci\u00f3n","link":"https:\/\/alpoma.net\/carto\/?cat=3"},"img":{"alt_text":"","src":"","width":0,"height":0},"classes":[]},{"id":754,"url":"https:\/\/alpoma.net\/carto\/?p=754","url_meta":{"origin":114,"position":1},"title":"Las Islas Gal\u00e1pagos desde el Envisat","author":"alpoma","date":"febrero 1, 2009","format":false,"excerpt":"Esta imagen de la Agencia Espacial Europea (ESA) nos muestra las ecuatorianas Islas Gal\u00e1pagos, en el Oc\u00e9ano Pac\u00edfico. Se observa aqu\u00ed la mayor isla del archipi\u00e9lago, Isabela, donde se muestran cinco volcanes, de norte a sur: Lobo, Darwin, Alcedo, Sierra Negra y Cerro Azul. La toma pertenece a varios registros\u2026","rel":"","context":"En \u00abGeograf\u00eda\u00bb","block_context":{"text":"Geograf\u00eda","link":"https:\/\/alpoma.net\/carto\/?cat=7"},"img":{"alt_text":"","src":"https:\/\/i0.wp.com\/alpoma.net\/carto\/wp-content\/uploads\/2009\/02\/3244581741_b4468d3696_o.jpg?resize=350%2C200&ssl=1","width":350,"height":200,"srcset":"https:\/\/i0.wp.com\/alpoma.net\/carto\/wp-content\/uploads\/2009\/02\/3244581741_b4468d3696_o.jpg?resize=350%2C200&ssl=1 1x, https:\/\/i0.wp.com\/alpoma.net\/carto\/wp-content\/uploads\/2009\/02\/3244581741_b4468d3696_o.jpg?resize=525%2C300&ssl=1 1.5x"},"classes":[]},{"id":35,"url":"https:\/\/alpoma.net\/carto\/?p=35","url_meta":{"origin":114,"position":2},"title":"Al sur del Caspio","author":"alpoma","date":"noviembre 18, 2005","format":false,"excerpt":"La Agencia Espacial Europea, a trav\u00e9s de su \"imagen de la semana\", nos muestra una interesante toma del Envisat sobre un \u00e1rea al sur del Caspio, de gran inter\u00e9s geoestrat\u00e9gico porque, en esa regi\u00f3n rica en petr\u00f3leo, nace el mayor oleoducto abastecedor de crudo hacia la energ\u00e9ticamente sedienta Europa. -->\u2026","rel":"","context":"En \u00abGeograf\u00eda\u00bb","block_context":{"text":"Geograf\u00eda","link":"https:\/\/alpoma.net\/carto\/?cat=7"},"img":{"alt_text":"","src":"","width":0,"height":0},"classes":[]},{"id":2123,"url":"https:\/\/alpoma.net\/carto\/?p=2123","url_meta":{"origin":114,"position":3},"title":"MobilyMap, mapas con jQuery","author":"alpoma","date":"diciembre 8, 2010","format":false,"excerpt":"Me encanta, es tan sencillo pero a la vez tan imaginativo que no puedo mejos que aconsejar, al menos, explorarlo con calma. Se trata de MobilyMap, un plugin basado en jQuery que permite crear sencillos mapas interactivos. La idea es realmente simple, y toda ella se puede llevar a cabo\u2026","rel":"","context":"En \u00abExperimentos\u00bb","block_context":{"text":"Experimentos","link":"https:\/\/alpoma.net\/carto\/?cat=10"},"img":{"alt_text":"img5","src":"https:\/\/i0.wp.com\/farm6.static.flickr.com\/5081\/5244017175_1e0aa94288_m.jpg?resize=350%2C200","width":350,"height":200},"classes":[]},{"id":4202,"url":"https:\/\/alpoma.net\/carto\/?p=4202","url_meta":{"origin":114,"position":4},"title":"Noche norcoreana","author":"alpoma","date":"febrero 24, 2014","format":false,"excerpt":"En 2006 ya mencion\u00e9 este asunto en La Cartoteca, pero una nueva imagen, con mayor calidad, vuelve a traerlo de actualidad. En realidad no hay mucho que decir, es una de esas im\u00e1genes que hablan por s\u00ed solas. He aqu\u00ed una toma nocturna desde la ISS, realizada el 30 de\u2026","rel":"","context":"En \u00abTeledetecci\u00f3n\u00bb","block_context":{"text":"Teledetecci\u00f3n","link":"https:\/\/alpoma.net\/carto\/?cat=3"},"img":{"alt_text":"","src":"https:\/\/i0.wp.com\/alpoma.net\/carto\/wp-content\/uploads\/2014\/02\/ISScorea1.jpg?resize=350%2C200&ssl=1","width":350,"height":200,"srcset":"https:\/\/i0.wp.com\/alpoma.net\/carto\/wp-content\/uploads\/2014\/02\/ISScorea1.jpg?resize=350%2C200&ssl=1 1x, https:\/\/i0.wp.com\/alpoma.net\/carto\/wp-content\/uploads\/2014\/02\/ISScorea1.jpg?resize=525%2C300&ssl=1 1.5x, https:\/\/i0.wp.com\/alpoma.net\/carto\/wp-content\/uploads\/2014\/02\/ISScorea1.jpg?resize=700%2C400&ssl=1 2x"},"classes":[]},{"id":240,"url":"https:\/\/alpoma.net\/carto\/?p=240","url_meta":{"origin":114,"position":5},"title":"Incendios en Galicia y Portugal","author":"alpoma","date":"agosto 11, 2006","format":false,"excerpt":"Con toda la raz\u00f3n, la imagen de la semana ofrecida por la Agencia Espacial Europea, corresponde a una toma del ENVISAT, del d\u00eda 9 de Agosto, en la que se pueden observar las grandes columnas de humo originadas en los terribles incendios que asolan Galicia y Portugal: ESA Earth from\u2026","rel":"","context":"En \u00abEn l\u00ednea\u00bb","block_context":{"text":"En l\u00ednea","link":"https:\/\/alpoma.net\/carto\/?cat=5"},"img":{"alt_text":"","src":"https:\/\/i0.wp.com\/alpoma.net\/carto\/wp-content\/uploads\/2006\/08\/212633456_66d158586d_o.jpg?resize=350%2C200&ssl=1","width":350,"height":200,"srcset":"https:\/\/i0.wp.com\/alpoma.net\/carto\/wp-content\/uploads\/2006\/08\/212633456_66d158586d_o.jpg?resize=350%2C200&ssl=1 1x, https:\/\/i0.wp.com\/alpoma.net\/carto\/wp-content\/uploads\/2006\/08\/212633456_66d158586d_o.jpg?resize=525%2C300&ssl=1 1.5x"},"classes":[]}],"jetpack_sharing_enabled":true,"_links":{"self":[{"href":"https:\/\/alpoma.net\/carto\/index.php?rest_route=\/wp\/v2\/posts\/114","targetHints":{"allow":["GET"]}}],"collection":[{"href":"https:\/\/alpoma.net\/carto\/index.php?rest_route=\/wp\/v2\/posts"}],"about":[{"href":"https:\/\/alpoma.net\/carto\/index.php?rest_route=\/wp\/v2\/types\/post"}],"author":[{"embeddable":true,"href":"https:\/\/alpoma.net\/carto\/index.php?rest_route=\/wp\/v2\/users\/1"}],"replies":[{"embeddable":true,"href":"https:\/\/alpoma.net\/carto\/index.php?rest_route=%2Fwp%2Fv2%2Fcomments&post=114"}],"version-history":[{"count":0,"href":"https:\/\/alpoma.net\/carto\/index.php?rest_route=\/wp\/v2\/posts\/114\/revisions"}],"wp:featuredmedia":[{"embeddable":true,"href":"https:\/\/alpoma.net\/carto\/index.php?rest_route=\/wp\/v2\/media\/4578"}],"wp:attachment":[{"href":"https:\/\/alpoma.net\/carto\/index.php?rest_route=%2Fwp%2Fv2%2Fmedia&parent=114"}],"wp:term":[{"taxonomy":"category","embeddable":true,"href":"https:\/\/alpoma.net\/carto\/index.php?rest_route=%2Fwp%2Fv2%2Fcategories&post=114"},{"taxonomy":"post_tag","embeddable":true,"href":"https:\/\/alpoma.net\/carto\/index.php?rest_route=%2Fwp%2Fv2%2Ftags&post=114"}],"curies":[{"name":"wp","href":"https:\/\/api.w.org\/{rel}","templated":true}]}}