{"id":1129,"date":"2009-12-02T17:38:27","date_gmt":"2009-12-02T15:38:27","guid":{"rendered":"http:\/\/alpoma.net\/carto\/?p=1129"},"modified":"2009-12-02T17:38:27","modified_gmt":"2009-12-02T15:38:27","slug":"de-islas-y-ondas-en-las-nubes","status":"publish","type":"post","link":"https:\/\/alpoma.net\/carto\/?p=1129","title":{"rendered":"De islas y ondas en las nubes"},"content":{"rendered":"<p>De igual forma a como un barco va dejando tras de s\u00ed una bella estela de ondas sobre las aguas, puede suceder algo similar con las nubes. Sin ir m\u00e1s lejos, aqu\u00ed tenemos una imagen tomada por el instrumento MODIS a bordo del sat\u00e9lite Terra, de la NASA, captada el 23 de noviembre de este a\u00f1o. \u00bfQu\u00e9 contemplamos en ella? Lo que se percibe no es sino el patr\u00f3n ondulante que sobre las nubes se forma por efecto de la morfolog\u00eda de las <strong><a href=\"http:\/\/es.wikipedia.org\/wiki\/Territorio_Brit%C3%A1nico_de_Ultramar_de_las_islas_Georgias_del_Sur_y_Sandwich_del_Sur\" class=\"enlaces\">Islas Sandwich del Sur<\/a><\/strong>, como si de barcos a\u00e9reos se tratara.<\/p>\n<p><strong>Fuente y m\u00e1s informaci\u00f3n<\/strong>: <a href=\"http:\/\/earthobservatory.nasa.gov\/IOTD\/view.php?id=41390&#038;src=eoa-iotd\" class=\"enlaces\">NASA-EO Wave Clouds from South Sandwich Islands<\/a><\/p>\n<p><img decoding=\"async\" src=\"http:\/\/farm3.static.flickr.com\/2760\/4152523755_8b81cec3b9_o.jpg\" alt=\"img\" class=\"otros\"\/><\/p>\n","protected":false},"excerpt":{"rendered":"<div class=\"mh-excerpt\"><p>De igual forma a como un barco va dejando tras de s\u00ed una bella estela de ondas sobre las aguas, puede suceder algo similar con <a class=\"mh-excerpt-more\" href=\"https:\/\/alpoma.net\/carto\/?p=1129\" title=\"De islas y ondas en las nubes\">[&#8230;]<\/a><\/p>\n<\/div>","protected":false},"author":1,"featured_media":4910,"comment_status":"open","ping_status":"open","sticky":false,"template":"","format":"standard","meta":{"jetpack_post_was_ever_published":false,"_jetpack_newsletter_access":"","_jetpack_dont_email_post_to_subs":false,"_jetpack_newsletter_tier_id":0,"_jetpack_memberships_contains_paywalled_content":false,"_jetpack_memberships_contains_paid_content":false,"footnotes":""},"categories":[7,3],"tags":[],"class_list":["post-1129","post","type-post","status-publish","format-standard","has-post-thumbnail","hentry","category-geografia","category-teledeteccion"],"jetpack_featured_media_url":"https:\/\/alpoma.net\/carto\/wp-content\/uploads\/2009\/12\/4152523755_8b81cec3b9_o.jpg","jetpack_shortlink":"https:\/\/wp.me\/p93Co9-id","jetpack-related-posts":[{"id":2608,"url":"https:\/\/alpoma.net\/carto\/?p=2608","url_meta":{"origin":1129,"position":0},"title":"De islas y ondas en las nubes (II)","author":"alpoma","date":"mayo 31, 2011","format":false,"excerpt":"Ya he tratado anteriormente este asunto, pero im\u00e1genes as\u00ed no dejan de sorprenderme. He aqu\u00ed las perturbaciones en forma de ondas que genera la presencia de dos islas en el Pac\u00edfico sur sobre un manto nuboso relativamente uniforme. Se trata de las islas del archipi\u00e9lago Juan Fern\u00e1ndez, en Chile. M\u00e1s\u2026","rel":"","context":"En \u00abGeograf\u00eda\u00bb","block_context":{"text":"Geograf\u00eda","link":"https:\/\/alpoma.net\/carto\/?cat=7"},"img":{"alt_text":"","src":"https:\/\/i0.wp.com\/alpoma.net\/carto\/wp-content\/uploads\/2011\/05\/5781684844_74a65cfbd0_o.jpg?resize=350%2C200&ssl=1","width":350,"height":200,"srcset":"https:\/\/i0.wp.com\/alpoma.net\/carto\/wp-content\/uploads\/2011\/05\/5781684844_74a65cfbd0_o.jpg?resize=350%2C200&ssl=1 1x, https:\/\/i0.wp.com\/alpoma.net\/carto\/wp-content\/uploads\/2011\/05\/5781684844_74a65cfbd0_o.jpg?resize=525%2C300&ssl=1 1.5x"},"classes":[]},{"id":2462,"url":"https:\/\/alpoma.net\/carto\/?p=2462","url_meta":{"origin":1129,"position":1},"title":"Nube de polvo sahariano sobre el Atl\u00e1ntico","author":"alpoma","date":"abril 7, 2011","format":false,"excerpt":"Esta imagen, tomada por el instrumento MODIS a bordo del sat\u00e9lite Terra de la NASA, muestra claramente una gran nube de polvo de origen sahariano sobre el Oc\u00e9ano Atl\u00e1ntico, frente a las costas portuguesas. Este polvo, al margen de lo molesto que pueda ser en ciertas ocasiones, juega un papel\u2026","rel":"","context":"En \u00abTeledetecci\u00f3n\u00bb","block_context":{"text":"Teledetecci\u00f3n","link":"https:\/\/alpoma.net\/carto\/?cat=3"},"img":{"alt_text":"","src":"https:\/\/i0.wp.com\/alpoma.net\/carto\/wp-content\/uploads\/2011\/04\/5598218764_cc00797b90_o.jpg?resize=350%2C200&ssl=1","width":350,"height":200,"srcset":"https:\/\/i0.wp.com\/alpoma.net\/carto\/wp-content\/uploads\/2011\/04\/5598218764_cc00797b90_o.jpg?resize=350%2C200&ssl=1 1x, https:\/\/i0.wp.com\/alpoma.net\/carto\/wp-content\/uploads\/2011\/04\/5598218764_cc00797b90_o.jpg?resize=525%2C300&ssl=1 1.5x"},"classes":[]},{"id":6131,"url":"https:\/\/alpoma.net\/carto\/?p=6131","url_meta":{"origin":1129,"position":2},"title":"\u00abFrikada\u00bb cartogr\u00e1fica en \u00abLas cr\u00f3nicas de Riddick\u00bb","author":"alpoma","date":"mayo 16, 2015","format":false,"excerpt":"Tengo la sensaci\u00f3n de que este va a ser el post con menos utilidad de la historia de La Cartoteca, vamos, una aut\u00e9ntica \"frikada\", pero qu\u00e9 le vamos a hacer, es lo que sucede cuando reconoces patrones cartogr\u00e1ficos por doquier. La cosa va de una pel\u00edcula y cierto dise\u00f1o que\u2026","rel":"","context":"En \u00abMiscel\u00e1nea\u00bb","block_context":{"text":"Miscel\u00e1nea","link":"https:\/\/alpoma.net\/carto\/?cat=1"},"img":{"alt_text":"","src":"https:\/\/i0.wp.com\/alpoma.net\/carto\/wp-content\/uploads\/2015\/05\/ridck4.jpg?resize=350%2C200&ssl=1","width":350,"height":200,"srcset":"https:\/\/i0.wp.com\/alpoma.net\/carto\/wp-content\/uploads\/2015\/05\/ridck4.jpg?resize=350%2C200&ssl=1 1x, https:\/\/i0.wp.com\/alpoma.net\/carto\/wp-content\/uploads\/2015\/05\/ridck4.jpg?resize=525%2C300&ssl=1 1.5x"},"classes":[]},{"id":6907,"url":"https:\/\/alpoma.net\/carto\/?p=6907","url_meta":{"origin":1129,"position":3},"title":"Di\u00f3medes, las islas del viaje en el tiempo","author":"alpoma","date":"abril 15, 2018","format":false,"excerpt":"Si hay un lugar en el planeta donde se pueda realizar un viaje en el tiempo sin necesitar m\u00e1quinas extra\u00f1as ni fantas\u00eda, es en estas g\u00e9lidas islas perdidas entre la pen\u00ednsula rusa de Chukotka y Alaska, en los Estados Unidos. Al norte queda el mar de Chukotka, o de Chukchi,\u2026","rel":"","context":"En \u00abGeograf\u00eda\u00bb","block_context":{"text":"Geograf\u00eda","link":"https:\/\/alpoma.net\/carto\/?cat=7"},"img":{"alt_text":"","src":"https:\/\/i0.wp.com\/alpoma.net\/carto\/wp-content\/uploads\/2018\/04\/islas-diomedes-satelite.jpg?resize=350%2C200&ssl=1","width":350,"height":200,"srcset":"https:\/\/i0.wp.com\/alpoma.net\/carto\/wp-content\/uploads\/2018\/04\/islas-diomedes-satelite.jpg?resize=350%2C200&ssl=1 1x, https:\/\/i0.wp.com\/alpoma.net\/carto\/wp-content\/uploads\/2018\/04\/islas-diomedes-satelite.jpg?resize=525%2C300&ssl=1 1.5x, https:\/\/i0.wp.com\/alpoma.net\/carto\/wp-content\/uploads\/2018\/04\/islas-diomedes-satelite.jpg?resize=700%2C400&ssl=1 2x"},"classes":[]},{"id":832,"url":"https:\/\/alpoma.net\/carto\/?p=832","url_meta":{"origin":1129,"position":4},"title":"Erupci\u00f3n del pico Sarychev","author":"alpoma","date":"junio 15, 2009","format":false,"excerpt":"La imagen que ilustra este post corresponde a la espectacular nube (pluma) de vapores y cenizas tomada por el instrumento MODIS a bordo del sat\u00e9lite Terra de la NASA el 14 de junio de 2009, surgida del volc\u00e1n Sarychev, en el extremo oriental de Rusia, Islas Kuriles. En la imagen,\u2026","rel":"","context":"En \u00abGeograf\u00eda\u00bb","block_context":{"text":"Geograf\u00eda","link":"https:\/\/alpoma.net\/carto\/?cat=7"},"img":{"alt_text":"","src":"https:\/\/i0.wp.com\/alpoma.net\/carto\/wp-content\/uploads\/2009\/06\/3629574838_72916e1aa0_o.jpg?resize=350%2C200&ssl=1","width":350,"height":200,"srcset":"https:\/\/i0.wp.com\/alpoma.net\/carto\/wp-content\/uploads\/2009\/06\/3629574838_72916e1aa0_o.jpg?resize=350%2C200&ssl=1 1x, https:\/\/i0.wp.com\/alpoma.net\/carto\/wp-content\/uploads\/2009\/06\/3629574838_72916e1aa0_o.jpg?resize=525%2C300&ssl=1 1.5x"},"classes":[]},{"id":7422,"url":"https:\/\/alpoma.net\/carto\/?p=7422","url_meta":{"origin":1129,"position":5},"title":"El mejor mapa-gif animado que ver\u00e1s en mucho tiempo","author":"alpoma","date":"julio 19, 2019","format":false,"excerpt":"El t\u00edtulo no es exagerado... \u00a1es un gif animado hipn\u00f3tico que adem\u00e1s es un mapa genial!, \u00bfqu\u00e9 m\u00e1s se puede pedir? De las manos de Eleanor Lutz, de Tabletop Whale, nos llega esta maravilla... (pincha en la imagen para ampliar). Me lo pasaron hace dos d\u00edas y he tenido que\u2026","rel":"","context":"En \u00abExperimentos\u00bb","block_context":{"text":"Experimentos","link":"https:\/\/alpoma.net\/carto\/?cat=10"},"img":{"alt_text":"","src":"https:\/\/i0.wp.com\/alpoma.net\/carto\/wp-content\/uploads\/2019\/07\/mundo-animado.jpg?resize=350%2C200&ssl=1","width":350,"height":200,"srcset":"https:\/\/i0.wp.com\/alpoma.net\/carto\/wp-content\/uploads\/2019\/07\/mundo-animado.jpg?resize=350%2C200&ssl=1 1x, https:\/\/i0.wp.com\/alpoma.net\/carto\/wp-content\/uploads\/2019\/07\/mundo-animado.jpg?resize=525%2C300&ssl=1 1.5x"},"classes":[]}],"jetpack_sharing_enabled":true,"_links":{"self":[{"href":"https:\/\/alpoma.net\/carto\/index.php?rest_route=\/wp\/v2\/posts\/1129","targetHints":{"allow":["GET"]}}],"collection":[{"href":"https:\/\/alpoma.net\/carto\/index.php?rest_route=\/wp\/v2\/posts"}],"about":[{"href":"https:\/\/alpoma.net\/carto\/index.php?rest_route=\/wp\/v2\/types\/post"}],"author":[{"embeddable":true,"href":"https:\/\/alpoma.net\/carto\/index.php?rest_route=\/wp\/v2\/users\/1"}],"replies":[{"embeddable":true,"href":"https:\/\/alpoma.net\/carto\/index.php?rest_route=%2Fwp%2Fv2%2Fcomments&post=1129"}],"version-history":[{"count":0,"href":"https:\/\/alpoma.net\/carto\/index.php?rest_route=\/wp\/v2\/posts\/1129\/revisions"}],"wp:featuredmedia":[{"embeddable":true,"href":"https:\/\/alpoma.net\/carto\/index.php?rest_route=\/wp\/v2\/media\/4910"}],"wp:attachment":[{"href":"https:\/\/alpoma.net\/carto\/index.php?rest_route=%2Fwp%2Fv2%2Fmedia&parent=1129"}],"wp:term":[{"taxonomy":"category","embeddable":true,"href":"https:\/\/alpoma.net\/carto\/index.php?rest_route=%2Fwp%2Fv2%2Fcategories&post=1129"},{"taxonomy":"post_tag","embeddable":true,"href":"https:\/\/alpoma.net\/carto\/index.php?rest_route=%2Fwp%2Fv2%2Ftags&post=1129"}],"curies":[{"name":"wp","href":"https:\/\/api.w.org\/{rel}","templated":true}]}}