{"id":1125,"date":"2009-11-29T16:09:26","date_gmt":"2009-11-29T14:09:26","guid":{"rendered":"http:\/\/alpoma.net\/carto\/?p=1125"},"modified":"2009-11-29T16:09:26","modified_gmt":"2009-11-29T14:09:26","slug":"mapa-sobre-el-terrorismo-en-el-pais-vasco","status":"publish","type":"post","link":"https:\/\/alpoma.net\/carto\/?p=1125","title":{"rendered":"Mapa sobre el terrorismo en el Pa\u00eds Vasco"},"content":{"rendered":"<p>Comenta <strong>Adolfo Arranz<\/strong>, el autor de este mapa-infograf\u00eda para <em>El Mundo<\/em>, que ha empleado algunos elementos un tanto \u00abgore\u00bb para llevarlo a cabo. Tal y como yo lo veo, el tema es lo suficientemente duro como para no quedarse corto por muy radical que sea un planteamiento gr\u00e1fico:<\/p>\n<p><strong><a href=\"http:\/\/lasombra.blogs.com\/la_sombra_del_asno\/2009\/11\/memoria.html\" class=\"enlaces\">La sombra del asno: Terrorismo. El mapa de la memoria en el Pa\u00eds vasco.<\/a><\/strong><\/p>\n<p><img decoding=\"async\" src=\"http:\/\/farm3.static.flickr.com\/2760\/4143091881_f23a52d693_o.jpg\" alt=\"img\" class=\"otros\"\/><\/p>\n","protected":false},"excerpt":{"rendered":"<div class=\"mh-excerpt\"><p>Comenta Adolfo Arranz, el autor de este mapa-infograf\u00eda para El Mundo, que ha empleado algunos elementos un tanto \u00abgore\u00bb para llevarlo a cabo. Tal y <a class=\"mh-excerpt-more\" href=\"https:\/\/alpoma.net\/carto\/?p=1125\" title=\"Mapa sobre el terrorismo en el Pa\u00eds Vasco\">[&#8230;]<\/a><\/p>\n<\/div>","protected":false},"author":1,"featured_media":5107,"comment_status":"open","ping_status":"open","sticky":false,"template":"","format":"standard","meta":{"jetpack_post_was_ever_published":false,"_jetpack_newsletter_access":"","_jetpack_dont_email_post_to_subs":false,"_jetpack_newsletter_tier_id":0,"_jetpack_memberships_contains_paywalled_content":false,"_jetpack_memberships_contains_paid_content":false,"footnotes":""},"categories":[9],"tags":[],"class_list":["post-1125","post","type-post","status-publish","format-standard","has-post-thumbnail","hentry","category-cartografia"],"jetpack_featured_media_url":"https:\/\/alpoma.net\/carto\/wp-content\/uploads\/2009\/11\/4143091881_f23a52d693_o.jpg","jetpack_shortlink":"https:\/\/wp.me\/p93Co9-i9","jetpack-related-posts":[{"id":838,"url":"https:\/\/alpoma.net\/carto\/?p=838","url_meta":{"origin":1125,"position":0},"title":"Mapa sonoro del Pa\u00eds Vasco","author":"alpoma","date":"junio 28, 2009","format":false,"excerpt":"Gracias a un amable comentario en la \u00faltima anotaci\u00f3n que La Cartoteca dedic\u00f3 a mapas sonoros, llegu\u00e9 a este atractivo proyecto que ha llamado mi atenci\u00f3n. Se trata de un audiomapa colaborativo del Pa\u00eds Vasco: ...el proyecto colaborativo SOINU MAPA, Mapa sonoro del Pa\u00eds Vasco, basado en la \u201cfonograf\u00eda\u201d o\u2026","rel":"","context":"En \u00abEn l\u00ednea\u00bb","block_context":{"text":"En l\u00ednea","link":"https:\/\/alpoma.net\/carto\/?cat=5"},"img":{"alt_text":"","src":"https:\/\/i0.wp.com\/alpoma.net\/carto\/wp-content\/uploads\/2009\/06\/3668212264_e7d5be0e47_o.jpg?resize=350%2C200&ssl=1","width":350,"height":200,"srcset":"https:\/\/i0.wp.com\/alpoma.net\/carto\/wp-content\/uploads\/2009\/06\/3668212264_e7d5be0e47_o.jpg?resize=350%2C200&ssl=1 1x, https:\/\/i0.wp.com\/alpoma.net\/carto\/wp-content\/uploads\/2009\/06\/3668212264_e7d5be0e47_o.jpg?resize=525%2C300&ssl=1 1.5x"},"classes":[]},{"id":7024,"url":"https:\/\/alpoma.net\/carto\/?p=7024","url_meta":{"origin":1125,"position":1},"title":"Un mapa de la Atl\u00e1ntida","author":"alpoma","date":"junio 4, 2018","format":false,"excerpt":"Me atrevo a decir que, de todas las historias sobre continentes perdidos, islas desaparecidas y dem\u00e1s mitos geogr\u00e1ficos, uno de ellos sobresale por encima del resto: la Atl\u00e1ntida. Es incre\u00edble la gran cantidad de art\u00edculos, libros, pel\u00edculas, programas de televisi\u00f3n, radio y similares que se han creado en torno a\u2026","rel":"","context":"En \u00abViejos mapas\u00bb","block_context":{"text":"Viejos mapas","link":"https:\/\/alpoma.net\/carto\/?cat=4"},"img":{"alt_text":"","src":"https:\/\/i0.wp.com\/alpoma.net\/carto\/wp-content\/uploads\/2018\/06\/atlantida-map-detalle.jpg?resize=350%2C200&ssl=1","width":350,"height":200,"srcset":"https:\/\/i0.wp.com\/alpoma.net\/carto\/wp-content\/uploads\/2018\/06\/atlantida-map-detalle.jpg?resize=350%2C200&ssl=1 1x, https:\/\/i0.wp.com\/alpoma.net\/carto\/wp-content\/uploads\/2018\/06\/atlantida-map-detalle.jpg?resize=525%2C300&ssl=1 1.5x, https:\/\/i0.wp.com\/alpoma.net\/carto\/wp-content\/uploads\/2018\/06\/atlantida-map-detalle.jpg?resize=700%2C400&ssl=1 2x, https:\/\/i0.wp.com\/alpoma.net\/carto\/wp-content\/uploads\/2018\/06\/atlantida-map-detalle.jpg?resize=1050%2C600&ssl=1 3x"},"classes":[]},{"id":323,"url":"https:\/\/alpoma.net\/carto\/?p=323","url_meta":{"origin":1125,"position":2},"title":"La Isla de Isune","author":"alpoma","date":"abril 4, 2007","format":false,"excerpt":"Jos\u00e9 Mar\u00eda de la Torre es un palentino, al igual que quien estas palabras escribe, que est\u00e1 preparando una blogonovela de tintes fant\u00e1sticos. No deja de ser, de momento, un conjunto de esbozos, pero lo que m\u00e1s me ha llamado la atenci\u00f3n ha sido el mapa de una de las\u2026","rel":"","context":"En \u00abEn l\u00ednea\u00bb","block_context":{"text":"En l\u00ednea","link":"https:\/\/alpoma.net\/carto\/?cat=5"},"img":{"alt_text":"","src":"https:\/\/i0.wp.com\/alpoma.net\/carto\/wp-content\/uploads\/2007\/04\/446402333_63ce28902b.jpg?resize=350%2C200&ssl=1","width":350,"height":200},"classes":[]},{"id":1167,"url":"https:\/\/alpoma.net\/carto\/?p=1167","url_meta":{"origin":1125,"position":3},"title":"\u00bfEl mapa m\u00e1s peque\u00f1o del mundo?","author":"alpoma","date":"diciembre 19, 2009","format":false,"excerpt":"Como mapa en s\u00ed no le veo utilidad, ahora bien, no es una noticia que pudiera dejar pasar de largo La Cartoteca. Aqu\u00ed tenemos lo que al parecer, y si nadie levanta la voz afirmando lo contrario, es el mapa m\u00e1s peque\u00f1o creado hasta ahora. Para demostrar las capacidades de\u2026","rel":"","context":"En \u00abExperimentos\u00bb","block_context":{"text":"Experimentos","link":"https:\/\/alpoma.net\/carto\/?cat=10"},"img":{"alt_text":"","src":"https:\/\/i0.wp.com\/alpoma.net\/carto\/wp-content\/uploads\/2009\/12\/4197690828_3d7b7705e6_o.jpg?resize=350%2C200&ssl=1","width":350,"height":200,"srcset":"https:\/\/i0.wp.com\/alpoma.net\/carto\/wp-content\/uploads\/2009\/12\/4197690828_3d7b7705e6_o.jpg?resize=350%2C200&ssl=1 1x, https:\/\/i0.wp.com\/alpoma.net\/carto\/wp-content\/uploads\/2009\/12\/4197690828_3d7b7705e6_o.jpg?resize=525%2C300&ssl=1 1.5x"},"classes":[]},{"id":601,"url":"https:\/\/alpoma.net\/carto\/?p=601","url_meta":{"origin":1125,"position":4},"title":"Mapa del medallero ol\u00edmpico","author":"alpoma","date":"agosto 5, 2008","format":false,"excerpt":"The New York Times acaba de publicar una infograf\u00eda, agradable y bien dise\u00f1ada, que muestra un mapa de c\u00edrculos proporcionales con los datos de las medallas ol\u00edmpicas obtenidas por cada pa\u00eds a lo largo de la historia de los Juegos, con buenos detalles como el desglose por tipo de medalla\u2026","rel":"","context":"En \u00abCartograf\u00eda\u00bb","block_context":{"text":"Cartograf\u00eda","link":"https:\/\/alpoma.net\/carto\/?cat=9"},"img":{"alt_text":"","src":"https:\/\/i0.wp.com\/alpoma.net\/carto\/wp-content\/uploads\/2008\/08\/2735330957_ce3cc1f30b_o.jpg?resize=350%2C200&ssl=1","width":350,"height":200,"srcset":"https:\/\/i0.wp.com\/alpoma.net\/carto\/wp-content\/uploads\/2008\/08\/2735330957_ce3cc1f30b_o.jpg?resize=350%2C200&ssl=1 1x, https:\/\/i0.wp.com\/alpoma.net\/carto\/wp-content\/uploads\/2008\/08\/2735330957_ce3cc1f30b_o.jpg?resize=525%2C300&ssl=1 1.5x"},"classes":[]},{"id":3851,"url":"https:\/\/alpoma.net\/carto\/?p=3851","url_meta":{"origin":1125,"position":5},"title":"Mapa gatuno mundial","author":"alpoma","date":"marzo 15, 2013","format":false,"excerpt":"Me encantan los mapas y me encantan los gatos as\u00ed que, \u00bfc\u00f3mo no mencionar este proyecto? Se trata de una aplicaci\u00f3n online para que cualquier persona del mundo que tenga, o conozca, un gato dom\u00e9stico, lo coloque sobre un mapa con una ficha de lo m\u00e1s completo para cada amigo\u2026","rel":"","context":"En \u00abEn l\u00ednea\u00bb","block_context":{"text":"En l\u00ednea","link":"https:\/\/alpoma.net\/carto\/?cat=5"},"img":{"alt_text":"","src":"https:\/\/i0.wp.com\/alpoma.net\/carto\/wp-content\/uploads\/2013\/03\/cat_map.jpg?resize=350%2C200&ssl=1","width":350,"height":200,"srcset":"https:\/\/i0.wp.com\/alpoma.net\/carto\/wp-content\/uploads\/2013\/03\/cat_map.jpg?resize=350%2C200&ssl=1 1x, https:\/\/i0.wp.com\/alpoma.net\/carto\/wp-content\/uploads\/2013\/03\/cat_map.jpg?resize=525%2C300&ssl=1 1.5x"},"classes":[]}],"jetpack_sharing_enabled":true,"_links":{"self":[{"href":"https:\/\/alpoma.net\/carto\/index.php?rest_route=\/wp\/v2\/posts\/1125","targetHints":{"allow":["GET"]}}],"collection":[{"href":"https:\/\/alpoma.net\/carto\/index.php?rest_route=\/wp\/v2\/posts"}],"about":[{"href":"https:\/\/alpoma.net\/carto\/index.php?rest_route=\/wp\/v2\/types\/post"}],"author":[{"embeddable":true,"href":"https:\/\/alpoma.net\/carto\/index.php?rest_route=\/wp\/v2\/users\/1"}],"replies":[{"embeddable":true,"href":"https:\/\/alpoma.net\/carto\/index.php?rest_route=%2Fwp%2Fv2%2Fcomments&post=1125"}],"version-history":[{"count":0,"href":"https:\/\/alpoma.net\/carto\/index.php?rest_route=\/wp\/v2\/posts\/1125\/revisions"}],"wp:featuredmedia":[{"embeddable":true,"href":"https:\/\/alpoma.net\/carto\/index.php?rest_route=\/wp\/v2\/media\/5107"}],"wp:attachment":[{"href":"https:\/\/alpoma.net\/carto\/index.php?rest_route=%2Fwp%2Fv2%2Fmedia&parent=1125"}],"wp:term":[{"taxonomy":"category","embeddable":true,"href":"https:\/\/alpoma.net\/carto\/index.php?rest_route=%2Fwp%2Fv2%2Fcategories&post=1125"},{"taxonomy":"post_tag","embeddable":true,"href":"https:\/\/alpoma.net\/carto\/index.php?rest_route=%2Fwp%2Fv2%2Ftags&post=1125"}],"curies":[{"name":"wp","href":"https:\/\/api.w.org\/{rel}","templated":true}]}}